{"id":38546,"date":"2026-04-30T08:00:00","date_gmt":"2026-04-30T06:00:00","guid":{"rendered":"https:\/\/www.dehner.de\/jobs\/?p=38546"},"modified":"2026-04-27T10:21:15","modified_gmt":"2026-04-27T08:21:15","slug":"zwischen-zwei-standorten-ein-tag-als-teamleitung-in-der-logistik","status":"publish","type":"post","link":"https:\/\/www.dehner.de\/jobs\/karriere-storys\/arbeitswelt\/zwischen-zwei-standorten-ein-tag-als-teamleitung-in-der-logistik\/","title":{"rendered":"Zwischen zwei Standorten: Ein Tag als Teamleitung\u00a0in der Logistik\u00a0"},"content":{"rendered":"<section class=\"block-img-txt img-50-text-50 pb-4\">\n    <div class=\"container\">\n        <div class=\"row\">\n                            <div class=\"col-md-6 pb-4 d-none d-md-block image\">\n                    <img loading=\"lazy\" decoding=\"async\" width=\"570\" height=\"790\" src=\"https:\/\/www.dehner.de\/jobs\/app\/uploads\/sites\/7\/2026\/04\/Drei-Maenner-in-gruenen-Jacken-stehen-zusammen-in-einem-Lager.png\" class=\"img-cover\" alt=\"Drei M\u00e4nner in gr\u00fcnen Jacken stehen zusammen in einem Lager\" srcset=\"https:\/\/www.dehner.de\/jobs\/app\/uploads\/sites\/7\/2026\/04\/Drei-Maenner-in-gruenen-Jacken-stehen-zusammen-in-einem-Lager.png 570w, https:\/\/www.dehner.de\/jobs\/app\/uploads\/sites\/7\/2026\/04\/Drei-Maenner-in-gruenen-Jacken-stehen-zusammen-in-einem-Lager-216x300.png 216w, https:\/\/www.dehner.de\/jobs\/app\/uploads\/sites\/7\/2026\/04\/Drei-Maenner-in-gruenen-Jacken-stehen-zusammen-in-einem-Lager-108x150.png 108w\" sizes=\"auto, (max-width: 570px) 100vw, 570px\" \/>                <\/div>\n                <div class=\"col-md-6 df fc jcc body\">\n                            <a href=\"#\" class=\"toggler toggler-down-md toggler-hide\" data-toggle=\"collapse\" data-target=\"#block_9dc0a37d10effd1b4ca952a93fa8f3cd\" aria-expanded=\"true\" aria-controls=\"block_9dc0a37d10effd1b4ca952a93fa8f3cd\">\n                            <img loading=\"lazy\" decoding=\"async\" width=\"570\" height=\"790\" src=\"https:\/\/www.dehner.de\/jobs\/app\/uploads\/sites\/7\/2026\/04\/Drei-Maenner-in-gruenen-Jacken-stehen-zusammen-in-einem-Lager.png\" class=\"mobile-image img-fluid mb-3 d-md-none\" alt=\"Drei M\u00e4nner in gr\u00fcnen Jacken stehen zusammen in einem Lager\" srcset=\"https:\/\/www.dehner.de\/jobs\/app\/uploads\/sites\/7\/2026\/04\/Drei-Maenner-in-gruenen-Jacken-stehen-zusammen-in-einem-Lager.png 570w, https:\/\/www.dehner.de\/jobs\/app\/uploads\/sites\/7\/2026\/04\/Drei-Maenner-in-gruenen-Jacken-stehen-zusammen-in-einem-Lager-216x300.png 216w, https:\/\/www.dehner.de\/jobs\/app\/uploads\/sites\/7\/2026\/04\/Drei-Maenner-in-gruenen-Jacken-stehen-zusammen-in-einem-Lager-108x150.png 108w\" sizes=\"auto, (max-width: 570px) 100vw, 570px\" \/>                        <h3 class=\"font-h4 toggler toggler-down-md\">Zwischen Degro &#038; Agrar: Mein t\u00e4glicher Standortwechsel<\/h3>        <\/a>\n        <div class=\"collapse text show\" id=\"block_9dc0a37d10effd1b4ca952a93fa8f3cd\" data-parent=\"main\">\n            <p><span data-contrast=\"auto\">Mein Arbeitstag startet um 06:00 Uhr in der Logistik\u00a0<\/span><a href=\"http:\/\/www.degro.de\/\"><span data-contrast=\"none\">Degro<\/span><\/a><span data-contrast=\"auto\">. Gemeinsam mit meinem Team stimmen wir in einer internen Morgenbesprechung Auftr\u00e4ge, Anlieferungen und geplante Warenausg\u00e4nge ab. Sobald alle Themen verteilt sind und die Prozesse anlaufen, geht es f\u00fcr mich weiter zum zweiten Standort.<\/span><span data-ccp-props=\"{}\">\u00a0<\/span><\/p>\n<p><span data-contrast=\"auto\">Startschuss in der\u00a0Logistik\u00a0<\/span><a href=\"https:\/\/www.dehner-agrar.de\/\"><span data-contrast=\"none\">Agrar<\/span><\/a><span data-contrast=\"auto\">\u00a0ist\u00a0um 07:00 Uhr. Auch dort starten wir mit einer gemeinsamen Tagesplanung, bevor ich die Mitarbeitenden auf die zwei\u00a0internen Bereiche\u00a0aufteile und die operativen Abl\u00e4ufe begleite. <\/span><\/p>\n<p>Dabei werden im dezentral gelegenen Saatgutlager Lieferungen angenommen, Auftr\u00e4ge kommissioniert und als St\u00fcckgut versendet. Im Gefahrstofflager \u00fcbernehmen die Mitarbeitenden der Logistik Agrar das auftragsbezogene Verpacken der bereits kommissionierten Waren sowie den Versand \u00fcber Speditionen. Teilweise erfolgt die Warenabholung auch direkt durch die Kundschaft oder durch unsere <a href=\"https:\/\/www.dehner.de\/jobs\/karriere-storys\/dehnerjobs\/verkaufsberater-agrar-m-w-d-im-aussendienst-in-bayern-5367\">Verkaufsberater*innen<\/a> von Dehner Agrar.<\/p>\n<p><span data-contrast=\"auto\">Im weiteren Verlauf des Tages pendle ich mehrfach zwischen beiden Standorten und schaue regelm\u00e4\u00dfig im Au\u00dfenlager vorbei. F\u00fcr mich ist es wichtig, \u00fcberall pr\u00e4sent zu sein, ansprechbar zu bleiben und die Teams vor Ort aktiv zu unterst\u00fctzen.<\/span><span data-ccp-props=\"{}\">\u00a0<\/span><\/p>\n                    <\/div>                <\/div>\n            \n        <\/div>\n    <\/div>\n<\/section>\n\n\n<section class=\"block-img-txt text-50-img-50 pb-4\">\n    <div class=\"container\">\n        <div class=\"row\">\n                            <div class=\"col-md-6 pb-4 d-none d-md-block image\">\n                    <img loading=\"lazy\" decoding=\"async\" width=\"570\" height=\"470\" src=\"https:\/\/www.dehner.de\/jobs\/app\/uploads\/sites\/7\/2026\/04\/Ein-Mann-in-gruener-Arbeitskleidung-sitzt-freudig-auf-einem-Gabelstapler-bei-der-Arbeit.png\" class=\"img-cover\" alt=\"Ein Mann in gr\u00fcner Arbeitskleidung sitzt freudig auf einem Gabelstapler bei der Arbeit\" srcset=\"https:\/\/www.dehner.de\/jobs\/app\/uploads\/sites\/7\/2026\/04\/Ein-Mann-in-gruener-Arbeitskleidung-sitzt-freudig-auf-einem-Gabelstapler-bei-der-Arbeit.png 570w, https:\/\/www.dehner.de\/jobs\/app\/uploads\/sites\/7\/2026\/04\/Ein-Mann-in-gruener-Arbeitskleidung-sitzt-freudig-auf-einem-Gabelstapler-bei-der-Arbeit-300x247.png 300w, https:\/\/www.dehner.de\/jobs\/app\/uploads\/sites\/7\/2026\/04\/Ein-Mann-in-gruener-Arbeitskleidung-sitzt-freudig-auf-einem-Gabelstapler-bei-der-Arbeit-150x124.png 150w\" sizes=\"auto, (max-width: 570px) 100vw, 570px\" \/>                <\/div>\n                <div class=\"col-md-6 df fc jcc body\">\n                            <a href=\"#\" class=\"toggler toggler-down-md toggler-hide\" data-toggle=\"collapse\" data-target=\"#block_1d3eb7c8bf9ec26ae52d0f10aef5b2d0\" aria-expanded=\"true\" aria-controls=\"block_1d3eb7c8bf9ec26ae52d0f10aef5b2d0\">\n                            <img loading=\"lazy\" decoding=\"async\" width=\"570\" height=\"470\" src=\"https:\/\/www.dehner.de\/jobs\/app\/uploads\/sites\/7\/2026\/04\/Ein-Mann-in-gruener-Arbeitskleidung-sitzt-freudig-auf-einem-Gabelstapler-bei-der-Arbeit.png\" class=\"mobile-image img-fluid mb-3 d-md-none\" alt=\"Ein Mann in gr\u00fcner Arbeitskleidung sitzt freudig auf einem Gabelstapler bei der Arbeit\" srcset=\"https:\/\/www.dehner.de\/jobs\/app\/uploads\/sites\/7\/2026\/04\/Ein-Mann-in-gruener-Arbeitskleidung-sitzt-freudig-auf-einem-Gabelstapler-bei-der-Arbeit.png 570w, https:\/\/www.dehner.de\/jobs\/app\/uploads\/sites\/7\/2026\/04\/Ein-Mann-in-gruener-Arbeitskleidung-sitzt-freudig-auf-einem-Gabelstapler-bei-der-Arbeit-300x247.png 300w, https:\/\/www.dehner.de\/jobs\/app\/uploads\/sites\/7\/2026\/04\/Ein-Mann-in-gruener-Arbeitskleidung-sitzt-freudig-auf-einem-Gabelstapler-bei-der-Arbeit-150x124.png 150w\" sizes=\"auto, (max-width: 570px) 100vw, 570px\" \/>                        <h3 class=\"font-h4 toggler toggler-down-md\">Flexibilit\u00e4t im Alltag: Wenn Pl\u00e4ne sich spontan \u00e4ndern<\/h3>        <\/a>\n        <div class=\"collapse text show\" id=\"block_1d3eb7c8bf9ec26ae52d0f10aef5b2d0\" data-parent=\"main\">\n            <p><span data-contrast=\"auto\">Sobald die operativen Prozesse laufen, beginnt der dynamischere Teil meines Tages. Denn in der Logistik kommt es h\u00e4ufig anders als geplant: kurzfristige Ausf\u00e4lle, dringende Unterst\u00fctzungsbedarfe\u00a0in anderen Abteilungen\u00a0oder spontane \u00c4nderungen geh\u00f6ren dazu.<\/span><span data-ccp-props=\"{}\">\u00a0<\/span><\/p>\n<p><span data-contrast=\"auto\">Dann hei\u00dft es: schnell reagieren, Priorit\u00e4ten neu setzen und gemeinsam L\u00f6sungen finden. Besonders in Saisonzeiten entstehen teils starke, kurzfristige Auftragsspitzen. Dann\u00a0ist zielgerichtetes Handeln gefragt, damit alle Waren termingerecht und sicher ihren Weg finden. Was ich dabei besonders sch\u00e4tze: Innerhalb der Logistik unterst\u00fctzen wir uns standort\u00fcbergreifend und ziehen immer an einem Strang.<\/span><span data-ccp-props=\"{}\">\u00a0<\/span><\/p>\n                    <\/div>                <\/div>\n            \n        <\/div>\n    <\/div>\n<\/section>\n\n\n<section class=\"block-img-txt img-50-text-50 pb-4\">\n    <div class=\"container\">\n        <div class=\"row\">\n                            <div class=\"col-md-6 pb-4 d-none d-md-block image\">\n                    <img loading=\"lazy\" decoding=\"async\" width=\"570\" height=\"400\" src=\"https:\/\/www.dehner.de\/jobs\/app\/uploads\/sites\/7\/2026\/04\/Ein-Mann-sitzt-am-Computer-und-analysiert-Kennzahlen.png\" class=\"img-cover\" alt=\"Ein Mann sitzt am Computer und analysiert Kennzahlen\" srcset=\"https:\/\/www.dehner.de\/jobs\/app\/uploads\/sites\/7\/2026\/04\/Ein-Mann-sitzt-am-Computer-und-analysiert-Kennzahlen.png 570w, https:\/\/www.dehner.de\/jobs\/app\/uploads\/sites\/7\/2026\/04\/Ein-Mann-sitzt-am-Computer-und-analysiert-Kennzahlen-300x211.png 300w, https:\/\/www.dehner.de\/jobs\/app\/uploads\/sites\/7\/2026\/04\/Ein-Mann-sitzt-am-Computer-und-analysiert-Kennzahlen-150x105.png 150w\" sizes=\"auto, (max-width: 570px) 100vw, 570px\" \/>                <\/div>\n                <div class=\"col-md-6 df fc jcc body\">\n                            <a href=\"#\" class=\"toggler toggler-down-md toggler-hide\" data-toggle=\"collapse\" data-target=\"#block_fd7ad1ba1379fb928d00781bd4dd79a9\" aria-expanded=\"true\" aria-controls=\"block_fd7ad1ba1379fb928d00781bd4dd79a9\">\n                            <img loading=\"lazy\" decoding=\"async\" width=\"570\" height=\"400\" src=\"https:\/\/www.dehner.de\/jobs\/app\/uploads\/sites\/7\/2026\/04\/Ein-Mann-sitzt-am-Computer-und-analysiert-Kennzahlen.png\" class=\"mobile-image img-fluid mb-3 d-md-none\" alt=\"Ein Mann sitzt am Computer und analysiert Kennzahlen\" srcset=\"https:\/\/www.dehner.de\/jobs\/app\/uploads\/sites\/7\/2026\/04\/Ein-Mann-sitzt-am-Computer-und-analysiert-Kennzahlen.png 570w, https:\/\/www.dehner.de\/jobs\/app\/uploads\/sites\/7\/2026\/04\/Ein-Mann-sitzt-am-Computer-und-analysiert-Kennzahlen-300x211.png 300w, https:\/\/www.dehner.de\/jobs\/app\/uploads\/sites\/7\/2026\/04\/Ein-Mann-sitzt-am-Computer-und-analysiert-Kennzahlen-150x105.png 150w\" sizes=\"auto, (max-width: 570px) 100vw, 570px\" \/>                        <h3 class=\"font-h4 toggler toggler-down-md\">Zahlen, Projekte und Zusammenarbeit<\/h3>        <\/a>\n        <div class=\"collapse text show\" id=\"block_fd7ad1ba1379fb928d00781bd4dd79a9\" data-parent=\"main\">\n            <p><span data-contrast=\"auto\">Neben\u00a0der operativen Arbeit geh\u00f6ren auch analytische und organisatorische Aufgaben zu meinem Arbeitsalltag. Dazu z\u00e4hlen die Auswertung relevanter Kennzahlen, regelm\u00e4\u00dfige Lager- und Bestandskontrollen sowie enge Abstimmungen mit angrenzenden Abteilungen.<\/span><span data-ccp-props=\"{}\">\u00a0<\/span><\/p>\n<p><span data-contrast=\"auto\">Ein weiterer gro\u00dfer Bestandteil meines Jobs: Projekte. Manche laufen nur wenige Wochen, andere erstrecken sich \u00fcber Monate oder sogar ein ganzes Jahr. Diese\u00a0Mischung aus Planung, Weiterentwicklung und spontanem Umdenken macht meinen Beruf besonders abwechslungsreich.<\/span><span data-ccp-props=\"{}\">\u00a0<\/span><\/p>\n                    <\/div>                <\/div>\n            \n        <\/div>\n    <\/div>\n<\/section>\n\n\n<section class=\"block-img-txt text-50-img-50 pb-4\">\n    <div class=\"container\">\n        <div class=\"row\">\n                            <div class=\"col-md-6 pb-4 d-none d-md-block image\">\n                    <img loading=\"lazy\" decoding=\"async\" width=\"570\" height=\"440\" src=\"https:\/\/www.dehner.de\/jobs\/app\/uploads\/sites\/7\/2026\/04\/Ein-Mann-in-gruener-Jacke-sitzt-laechelnd-auf-einem-Gabelstabler-in-einem-Lager.png\" class=\"img-cover\" alt=\"Ein Mann in gr\u00fcner Jacke sitzt l\u00e4chelnd auf einem Gabelstabler in einem Lager\" srcset=\"https:\/\/www.dehner.de\/jobs\/app\/uploads\/sites\/7\/2026\/04\/Ein-Mann-in-gruener-Jacke-sitzt-laechelnd-auf-einem-Gabelstabler-in-einem-Lager.png 570w, https:\/\/www.dehner.de\/jobs\/app\/uploads\/sites\/7\/2026\/04\/Ein-Mann-in-gruener-Jacke-sitzt-laechelnd-auf-einem-Gabelstabler-in-einem-Lager-300x232.png 300w, https:\/\/www.dehner.de\/jobs\/app\/uploads\/sites\/7\/2026\/04\/Ein-Mann-in-gruener-Jacke-sitzt-laechelnd-auf-einem-Gabelstabler-in-einem-Lager-150x116.png 150w\" sizes=\"auto, (max-width: 570px) 100vw, 570px\" \/>                <\/div>\n                <div class=\"col-md-6 df fc jcc body\">\n                            <a href=\"#\" class=\"toggler toggler-down-md toggler-hide\" data-toggle=\"collapse\" data-target=\"#block_791f537f3f772027f6ef774f45f14037\" aria-expanded=\"true\" aria-controls=\"block_791f537f3f772027f6ef774f45f14037\">\n                            <img loading=\"lazy\" decoding=\"async\" width=\"570\" height=\"440\" src=\"https:\/\/www.dehner.de\/jobs\/app\/uploads\/sites\/7\/2026\/04\/Ein-Mann-in-gruener-Jacke-sitzt-laechelnd-auf-einem-Gabelstabler-in-einem-Lager.png\" class=\"mobile-image img-fluid mb-3 d-md-none\" alt=\"Ein Mann in gr\u00fcner Jacke sitzt l\u00e4chelnd auf einem Gabelstabler in einem Lager\" srcset=\"https:\/\/www.dehner.de\/jobs\/app\/uploads\/sites\/7\/2026\/04\/Ein-Mann-in-gruener-Jacke-sitzt-laechelnd-auf-einem-Gabelstabler-in-einem-Lager.png 570w, https:\/\/www.dehner.de\/jobs\/app\/uploads\/sites\/7\/2026\/04\/Ein-Mann-in-gruener-Jacke-sitzt-laechelnd-auf-einem-Gabelstabler-in-einem-Lager-300x232.png 300w, https:\/\/www.dehner.de\/jobs\/app\/uploads\/sites\/7\/2026\/04\/Ein-Mann-in-gruener-Jacke-sitzt-laechelnd-auf-einem-Gabelstabler-in-einem-Lager-150x116.png 150w\" sizes=\"auto, (max-width: 570px) 100vw, 570px\" \/>                        <h3 class=\"font-h4 toggler toggler-down-md\">Was meine Arbeit f\u00fcr mich ausmacht<\/h3>        <\/a>\n        <div class=\"collapse text show\" id=\"block_791f537f3f772027f6ef774f45f14037\" data-parent=\"main\">\n            <p><span data-contrast=\"auto\">Kein Tag ist wie der andere\u00a0und genau das sch\u00e4tze ich an meinem Job. Ich erlebe einen st\u00e4ndigen Wechsel zwischen klaren Abl\u00e4ufen, analytischen Aufgaben und Situationen, die schnelles Handeln erfordern. Besonders wichtig ist mir dabei, dass ich mich jederzeit auf meine Teams verlassen kann. Wir kommunizieren offen, direkt und vertrauensvoll. So\u00a0schaffen\u00a0wir\u00a0ein Arbeitsumfeld, in dem Herausforderungen gemeinsam gemeistert werden.<\/span><span data-ccp-props=\"{}\">\u00a0<\/span><\/p>\n<p><span data-contrast=\"auto\">Wenn du Lust hast, Teil eines starken, kollegialen und vielf\u00e4ltigen Logistikteams zu werden: Wir suchen\u00a0noch\u00a0Verst\u00e4rkung!\u00a0<\/span><a href=\"http:\/\/www.dehner.de\/jobs\/jobmarkt\"><span data-contrast=\"none\">Hier<\/span><\/a><span data-contrast=\"auto\">\u00a0kommst du zu unseren freien Jobs<\/span><span data-contrast=\"auto\">.<\/span><span data-ccp-props=\"{}\">\u00a0<\/span><\/p>\n                    <\/div>                <\/div>\n            \n        <\/div>\n    <\/div>\n<\/section>\n","protected":false},"excerpt":{"rendered":"","protected":false},"author":13,"featured_media":38675,"comment_status":"closed","ping_status":"closed","sticky":false,"template":"","format":"standard","meta":{"_acf_changed":false,"footnotes":""},"post_category":[403,407],"class_list":["post-38546","post","type-post","status-publish","format-standard","has-post-thumbnail","hentry","post_category-arbeitswelt","post_category-jobeinblicke"],"acf":[],"yoast_head":"<!-- This site is optimized with the Yoast SEO plugin v24.5 - https:\/\/yoast.com\/wordpress\/plugins\/seo\/ -->\n<title>Zwischen zwei Standorten: Ein Tag als Teamleitung in der Logistik<\/title>\n<meta name=\"description\" content=\"Michaels Arbeitsalltag in der Dehner Logistik: \u2713 Teamgeist \u2713 Organisation \u2713 Flexibilit\u00e4t \u27a4 Mehr erfahren\" \/>\n<meta name=\"robots\" content=\"index, follow, max-snippet:-1, max-image-preview:large, max-video-preview:-1\" \/>\n<link rel=\"canonical\" href=\"https:\/\/www.dehner.de\/jobs\/karriere-storys\/arbeitswelt\/zwischen-zwei-standorten-ein-tag-als-teamleitung-in-der-logistik\/\" \/>\n<meta property=\"og:locale\" content=\"de_DE\" \/>\n<meta property=\"og:type\" content=\"article\" \/>\n<meta property=\"og:title\" content=\"Zwischen zwei Standorten: Ein Tag als Teamleitung in der Logistik\" \/>\n<meta property=\"og:description\" content=\"Michaels Arbeitsalltag in der Dehner Logistik: \u2713 Teamgeist \u2713 Organisation \u2713 Flexibilit\u00e4t \u27a4 Mehr erfahren\" \/>\n<meta property=\"og:url\" content=\"https:\/\/www.dehner.de\/jobs\/karriere-storys\/arbeitswelt\/zwischen-zwei-standorten-ein-tag-als-teamleitung-in-der-logistik\/\" \/>\n<meta property=\"og:site_name\" content=\"Karriere bei Dehner\" \/>\n<meta property=\"article:published_time\" content=\"2026-04-30T06:00:00+00:00\" \/>\n<meta property=\"og:image\" content=\"https:\/\/www.dehner.de\/app\/uploads\/sites\/7\/2026\/04\/Eine-Mitarbeiterin-und-zwei-Kollegen-in-gruener-Arbeitskleidung-laufen-vor-einem-Dehner-LKW.png\" \/>\n\t<meta property=\"og:image:width\" content=\"1920\" \/>\n\t<meta property=\"og:image:height\" content=\"500\" \/>\n\t<meta property=\"og:image:type\" content=\"image\/png\" \/>\n<meta name=\"author\" content=\"Franziska Utschig\" \/>\n<meta name=\"twitter:card\" content=\"summary_large_image\" \/>\n<meta name=\"twitter:label1\" content=\"Written by\" \/>\n\t<meta name=\"twitter:data1\" content=\"Franziska Utschig\" \/>\n\t<meta name=\"twitter:label2\" content=\"Est. reading time\" \/>\n\t<meta name=\"twitter:data2\" content=\"4 Minuten\" \/>\n<script type=\"application\/ld+json\" class=\"yoast-schema-graph\">{\"@context\":\"https:\/\/schema.org\",\"@graph\":[{\"@type\":\"WebPage\",\"@id\":\"https:\/\/www.dehner.de\/jobs\/karriere-storys\/arbeitswelt\/zwischen-zwei-standorten-ein-tag-als-teamleitung-in-der-logistik\/\",\"url\":\"https:\/\/www.dehner.de\/jobs\/karriere-storys\/arbeitswelt\/zwischen-zwei-standorten-ein-tag-als-teamleitung-in-der-logistik\/\",\"name\":\"Zwischen zwei Standorten: Ein Tag als Teamleitung in der Logistik\",\"isPartOf\":{\"@id\":\"https:\/\/www.dehner.de\/jobs\/#website\"},\"primaryImageOfPage\":{\"@id\":\"https:\/\/www.dehner.de\/jobs\/karriere-storys\/arbeitswelt\/zwischen-zwei-standorten-ein-tag-als-teamleitung-in-der-logistik\/#primaryimage\"},\"image\":{\"@id\":\"https:\/\/www.dehner.de\/jobs\/karriere-storys\/arbeitswelt\/zwischen-zwei-standorten-ein-tag-als-teamleitung-in-der-logistik\/#primaryimage\"},\"thumbnailUrl\":\"https:\/\/www.dehner.de\/jobs\/app\/uploads\/sites\/7\/2026\/04\/Eine-Mitarbeiterin-und-zwei-Kollegen-in-gruener-Arbeitskleidung-laufen-vor-einem-Dehner-LKW.png\",\"datePublished\":\"2026-04-30T06:00:00+00:00\",\"description\":\"Michaels Arbeitsalltag in der Dehner Logistik: \u2713 Teamgeist \u2713 Organisation \u2713 Flexibilit\u00e4t \u27a4 Mehr erfahren\",\"breadcrumb\":{\"@id\":\"https:\/\/www.dehner.de\/jobs\/karriere-storys\/arbeitswelt\/zwischen-zwei-standorten-ein-tag-als-teamleitung-in-der-logistik\/#breadcrumb\"},\"inLanguage\":\"de-DE\",\"potentialAction\":[{\"@type\":\"ReadAction\",\"target\":[\"https:\/\/www.dehner.de\/jobs\/karriere-storys\/arbeitswelt\/zwischen-zwei-standorten-ein-tag-als-teamleitung-in-der-logistik\/\"]}]},{\"@type\":\"ImageObject\",\"inLanguage\":\"de-DE\",\"@id\":\"https:\/\/www.dehner.de\/jobs\/karriere-storys\/arbeitswelt\/zwischen-zwei-standorten-ein-tag-als-teamleitung-in-der-logistik\/#primaryimage\",\"url\":\"https:\/\/www.dehner.de\/jobs\/app\/uploads\/sites\/7\/2026\/04\/Eine-Mitarbeiterin-und-zwei-Kollegen-in-gruener-Arbeitskleidung-laufen-vor-einem-Dehner-LKW.png\",\"contentUrl\":\"https:\/\/www.dehner.de\/jobs\/app\/uploads\/sites\/7\/2026\/04\/Eine-Mitarbeiterin-und-zwei-Kollegen-in-gruener-Arbeitskleidung-laufen-vor-einem-Dehner-LKW.png\",\"width\":1920,\"height\":500,\"caption\":\"Eine Mitarbeiterin und zwei Kollegen in gr\u00fcner Arbeitskleidung laufen vor einem Dehner LKW\"},{\"@type\":\"BreadcrumbList\",\"@id\":\"https:\/\/www.dehner.de\/jobs\/karriere-storys\/arbeitswelt\/zwischen-zwei-standorten-ein-tag-als-teamleitung-in-der-logistik\/#breadcrumb\",\"itemListElement\":[{\"@type\":\"ListItem\",\"position\":1,\"name\":\"Home\",\"item\":\"https:\/\/www.dehner.de\/jobs\/\"},{\"@type\":\"ListItem\",\"position\":2,\"name\":\"Zwischen zwei Standorten: Ein Tag als Teamleitung\u00a0in der Logistik\u00a0\"}]},{\"@type\":\"WebSite\",\"@id\":\"https:\/\/www.dehner.de\/jobs\/#website\",\"url\":\"https:\/\/www.dehner.de\/jobs\/\",\"name\":\"Karriere bei Dehner\",\"description\":\"Die Storys unserer Personalbotschafter\",\"publisher\":{\"@id\":\"https:\/\/www.dehner.de\/jobs\/#organization\"},\"potentialAction\":[{\"@type\":\"SearchAction\",\"target\":{\"@type\":\"EntryPoint\",\"urlTemplate\":\"https:\/\/www.dehner.de\/jobs\/?s={search_term_string}\"},\"query-input\":{\"@type\":\"PropertyValueSpecification\",\"valueRequired\":true,\"valueName\":\"search_term_string\"}}],\"inLanguage\":\"de-DE\"},{\"@type\":\"Organization\",\"@id\":\"https:\/\/www.dehner.de\/jobs\/#organization\",\"name\":\"Karriere bei Dehner\",\"url\":\"https:\/\/www.dehner.de\/jobs\/\",\"logo\":{\"@type\":\"ImageObject\",\"inLanguage\":\"de-DE\",\"@id\":\"https:\/\/www.dehner.de\/jobs\/#\/schema\/logo\/image\/\",\"url\":\"https:\/\/www.dehner.de\/jobs\/app\/uploads\/sites\/7\/2025\/12\/dehner-garten-center-koenigsbrunn-revitalisierung-neubau-umbau.png\",\"contentUrl\":\"https:\/\/www.dehner.de\/jobs\/app\/uploads\/sites\/7\/2025\/12\/dehner-garten-center-koenigsbrunn-revitalisierung-neubau-umbau.png\",\"width\":800,\"height\":1315,\"caption\":\"Karriere bei Dehner\"},\"image\":{\"@id\":\"https:\/\/www.dehner.de\/jobs\/#\/schema\/logo\/image\/\"}}]}<\/script>\n<!-- \/ Yoast SEO plugin. -->","yoast_head_json":{"title":"Zwischen zwei Standorten: Ein Tag als Teamleitung in der Logistik","description":"Michaels Arbeitsalltag in der Dehner Logistik: \u2713 Teamgeist \u2713 Organisation \u2713 Flexibilit\u00e4t \u27a4 Mehr erfahren","robots":{"index":"index","follow":"follow","max-snippet":"max-snippet:-1","max-image-preview":"max-image-preview:large","max-video-preview":"max-video-preview:-1"},"canonical":"https:\/\/www.dehner.de\/jobs\/karriere-storys\/arbeitswelt\/zwischen-zwei-standorten-ein-tag-als-teamleitung-in-der-logistik\/","og_locale":"de_DE","og_type":"article","og_title":"Zwischen zwei Standorten: Ein Tag als Teamleitung in der Logistik","og_description":"Michaels Arbeitsalltag in der Dehner Logistik: \u2713 Teamgeist \u2713 Organisation \u2713 Flexibilit\u00e4t \u27a4 Mehr erfahren","og_url":"https:\/\/www.dehner.de\/jobs\/karriere-storys\/arbeitswelt\/zwischen-zwei-standorten-ein-tag-als-teamleitung-in-der-logistik\/","og_site_name":"Karriere bei Dehner","article_published_time":"2026-04-30T06:00:00+00:00","og_image":[{"width":1920,"height":500,"url":"https:\/\/www.dehner.de\/app\/uploads\/sites\/7\/2026\/04\/Eine-Mitarbeiterin-und-zwei-Kollegen-in-gruener-Arbeitskleidung-laufen-vor-einem-Dehner-LKW.png","type":"image\/png"}],"author":"Franziska Utschig","twitter_card":"summary_large_image","twitter_misc":{"Written by":"Franziska Utschig","Est. reading time":"4 Minuten"},"schema":{"@context":"https:\/\/schema.org","@graph":[{"@type":"WebPage","@id":"https:\/\/www.dehner.de\/jobs\/karriere-storys\/arbeitswelt\/zwischen-zwei-standorten-ein-tag-als-teamleitung-in-der-logistik\/","url":"https:\/\/www.dehner.de\/jobs\/karriere-storys\/arbeitswelt\/zwischen-zwei-standorten-ein-tag-als-teamleitung-in-der-logistik\/","name":"Zwischen zwei Standorten: Ein Tag als Teamleitung in der Logistik","isPartOf":{"@id":"https:\/\/www.dehner.de\/jobs\/#website"},"primaryImageOfPage":{"@id":"https:\/\/www.dehner.de\/jobs\/karriere-storys\/arbeitswelt\/zwischen-zwei-standorten-ein-tag-als-teamleitung-in-der-logistik\/#primaryimage"},"image":{"@id":"https:\/\/www.dehner.de\/jobs\/karriere-storys\/arbeitswelt\/zwischen-zwei-standorten-ein-tag-als-teamleitung-in-der-logistik\/#primaryimage"},"thumbnailUrl":"https:\/\/www.dehner.de\/jobs\/app\/uploads\/sites\/7\/2026\/04\/Eine-Mitarbeiterin-und-zwei-Kollegen-in-gruener-Arbeitskleidung-laufen-vor-einem-Dehner-LKW.png","datePublished":"2026-04-30T06:00:00+00:00","description":"Michaels Arbeitsalltag in der Dehner Logistik: \u2713 Teamgeist \u2713 Organisation \u2713 Flexibilit\u00e4t \u27a4 Mehr erfahren","breadcrumb":{"@id":"https:\/\/www.dehner.de\/jobs\/karriere-storys\/arbeitswelt\/zwischen-zwei-standorten-ein-tag-als-teamleitung-in-der-logistik\/#breadcrumb"},"inLanguage":"de-DE","potentialAction":[{"@type":"ReadAction","target":["https:\/\/www.dehner.de\/jobs\/karriere-storys\/arbeitswelt\/zwischen-zwei-standorten-ein-tag-als-teamleitung-in-der-logistik\/"]}]},{"@type":"ImageObject","inLanguage":"de-DE","@id":"https:\/\/www.dehner.de\/jobs\/karriere-storys\/arbeitswelt\/zwischen-zwei-standorten-ein-tag-als-teamleitung-in-der-logistik\/#primaryimage","url":"https:\/\/www.dehner.de\/jobs\/app\/uploads\/sites\/7\/2026\/04\/Eine-Mitarbeiterin-und-zwei-Kollegen-in-gruener-Arbeitskleidung-laufen-vor-einem-Dehner-LKW.png","contentUrl":"https:\/\/www.dehner.de\/jobs\/app\/uploads\/sites\/7\/2026\/04\/Eine-Mitarbeiterin-und-zwei-Kollegen-in-gruener-Arbeitskleidung-laufen-vor-einem-Dehner-LKW.png","width":1920,"height":500,"caption":"Eine Mitarbeiterin und zwei Kollegen in gr\u00fcner Arbeitskleidung laufen vor einem Dehner LKW"},{"@type":"BreadcrumbList","@id":"https:\/\/www.dehner.de\/jobs\/karriere-storys\/arbeitswelt\/zwischen-zwei-standorten-ein-tag-als-teamleitung-in-der-logistik\/#breadcrumb","itemListElement":[{"@type":"ListItem","position":1,"name":"Home","item":"https:\/\/www.dehner.de\/jobs\/"},{"@type":"ListItem","position":2,"name":"Zwischen zwei Standorten: Ein Tag als Teamleitung\u00a0in der Logistik\u00a0"}]},{"@type":"WebSite","@id":"https:\/\/www.dehner.de\/jobs\/#website","url":"https:\/\/www.dehner.de\/jobs\/","name":"Karriere bei Dehner","description":"Die Storys unserer Personalbotschafter","publisher":{"@id":"https:\/\/www.dehner.de\/jobs\/#organization"},"potentialAction":[{"@type":"SearchAction","target":{"@type":"EntryPoint","urlTemplate":"https:\/\/www.dehner.de\/jobs\/?s={search_term_string}"},"query-input":{"@type":"PropertyValueSpecification","valueRequired":true,"valueName":"search_term_string"}}],"inLanguage":"de-DE"},{"@type":"Organization","@id":"https:\/\/www.dehner.de\/jobs\/#organization","name":"Karriere bei Dehner","url":"https:\/\/www.dehner.de\/jobs\/","logo":{"@type":"ImageObject","inLanguage":"de-DE","@id":"https:\/\/www.dehner.de\/jobs\/#\/schema\/logo\/image\/","url":"https:\/\/www.dehner.de\/jobs\/app\/uploads\/sites\/7\/2025\/12\/dehner-garten-center-koenigsbrunn-revitalisierung-neubau-umbau.png","contentUrl":"https:\/\/www.dehner.de\/jobs\/app\/uploads\/sites\/7\/2025\/12\/dehner-garten-center-koenigsbrunn-revitalisierung-neubau-umbau.png","width":800,"height":1315,"caption":"Karriere bei Dehner"},"image":{"@id":"https:\/\/www.dehner.de\/jobs\/#\/schema\/logo\/image\/"}}]}},"_links":{"self":[{"href":"https:\/\/www.dehner.de\/jobs\/wp-json\/wp\/v2\/posts\/38546","targetHints":{"allow":["GET"]}}],"collection":[{"href":"https:\/\/www.dehner.de\/jobs\/wp-json\/wp\/v2\/posts"}],"about":[{"href":"https:\/\/www.dehner.de\/jobs\/wp-json\/wp\/v2\/types\/post"}],"author":[{"embeddable":true,"href":"https:\/\/www.dehner.de\/jobs\/wp-json\/wp\/v2\/users\/13"}],"replies":[{"embeddable":true,"href":"https:\/\/www.dehner.de\/jobs\/wp-json\/wp\/v2\/comments?post=38546"}],"version-history":[{"count":4,"href":"https:\/\/www.dehner.de\/jobs\/wp-json\/wp\/v2\/posts\/38546\/revisions"}],"predecessor-version":[{"id":38651,"href":"https:\/\/www.dehner.de\/jobs\/wp-json\/wp\/v2\/posts\/38546\/revisions\/38651"}],"wp:featuredmedia":[{"embeddable":true,"href":"https:\/\/www.dehner.de\/jobs\/wp-json\/wp\/v2\/media\/38675"}],"wp:attachment":[{"href":"https:\/\/www.dehner.de\/jobs\/wp-json\/wp\/v2\/media?parent=38546"}],"wp:term":[{"taxonomy":"post_category","embeddable":true,"href":"https:\/\/www.dehner.de\/jobs\/wp-json\/wp\/v2\/post_category?post=38546"}],"curies":[{"name":"wp","href":"https:\/\/api.w.org\/{rel}","templated":true}]}}