{"id":38165,"date":"2026-02-26T08:00:00","date_gmt":"2026-02-26T07:00:00","guid":{"rendered":"https:\/\/www.dehner.de\/jobs\/?p=38165"},"modified":"2026-02-26T07:55:02","modified_gmt":"2026-02-26T06:55:02","slug":"darum-ist-die-ausbildung-in-der-logistik-bei-dehner-echt-stark","status":"publish","type":"post","link":"https:\/\/www.dehner.de\/jobs\/karriere-storys\/ausbildung\/darum-ist-die-ausbildung-in-der-logistik-bei-dehner-echt-stark\/","title":{"rendered":"Darum ist die Ausbildung in der Logistik bei Dehner echt stark"},"content":{"rendered":"<section class=\"block-img-txt img-50-text-50 pb-4\">\n    <div class=\"container\">\n        <div class=\"row\">\n                            <div class=\"col-md-6 pb-4 d-none d-md-block image\">\n                    <img loading=\"lazy\" decoding=\"async\" width=\"570\" height=\"560\" src=\"https:\/\/www.dehner.de\/jobs\/app\/uploads\/sites\/7\/2026\/02\/Drei-Personen-in-gruenen-Oberteilen-gehen-durch-die-Logistik.png\" class=\"img-cover\" alt=\"Drei Personen in gr\u00fcnen Oberteilen gehen durch die Logistik\" srcset=\"https:\/\/www.dehner.de\/jobs\/app\/uploads\/sites\/7\/2026\/02\/Drei-Personen-in-gruenen-Oberteilen-gehen-durch-die-Logistik.png 570w, https:\/\/www.dehner.de\/jobs\/app\/uploads\/sites\/7\/2026\/02\/Drei-Personen-in-gruenen-Oberteilen-gehen-durch-die-Logistik-300x295.png 300w, https:\/\/www.dehner.de\/jobs\/app\/uploads\/sites\/7\/2026\/02\/Drei-Personen-in-gruenen-Oberteilen-gehen-durch-die-Logistik-150x147.png 150w, https:\/\/www.dehner.de\/jobs\/app\/uploads\/sites\/7\/2026\/02\/Drei-Personen-in-gruenen-Oberteilen-gehen-durch-die-Logistik-75x75.png 75w\" sizes=\"auto, (max-width: 570px) 100vw, 570px\" \/>                <\/div>\n                <div class=\"col-md-6 df fc jcc body\">\n                            <a href=\"#\" class=\"toggler toggler-down-md toggler-hide\" data-toggle=\"collapse\" data-target=\"#block_b9b2f071f594df9510d64dbf13409e5a\" aria-expanded=\"true\" aria-controls=\"block_b9b2f071f594df9510d64dbf13409e5a\">\n                            <img loading=\"lazy\" decoding=\"async\" width=\"570\" height=\"560\" src=\"https:\/\/www.dehner.de\/jobs\/app\/uploads\/sites\/7\/2026\/02\/Drei-Personen-in-gruenen-Oberteilen-gehen-durch-die-Logistik.png\" class=\"mobile-image img-fluid mb-3 d-md-none\" alt=\"Drei Personen in gr\u00fcnen Oberteilen gehen durch die Logistik\" srcset=\"https:\/\/www.dehner.de\/jobs\/app\/uploads\/sites\/7\/2026\/02\/Drei-Personen-in-gruenen-Oberteilen-gehen-durch-die-Logistik.png 570w, https:\/\/www.dehner.de\/jobs\/app\/uploads\/sites\/7\/2026\/02\/Drei-Personen-in-gruenen-Oberteilen-gehen-durch-die-Logistik-300x295.png 300w, https:\/\/www.dehner.de\/jobs\/app\/uploads\/sites\/7\/2026\/02\/Drei-Personen-in-gruenen-Oberteilen-gehen-durch-die-Logistik-150x147.png 150w, https:\/\/www.dehner.de\/jobs\/app\/uploads\/sites\/7\/2026\/02\/Drei-Personen-in-gruenen-Oberteilen-gehen-durch-die-Logistik-75x75.png 75w\" sizes=\"auto, (max-width: 570px) 100vw, 570px\" \/>                        <h3 class=\"font-h4 toggler toggler-down-md\">Ein entspannter Start mit klarer Begleitung<\/h3>        <\/a>\n        <div class=\"collapse text show\" id=\"block_b9b2f071f594df9510d64dbf13409e5a\" data-parent=\"main\">\n            <p>Schon der erste Tag in der Logistik bei Dehner zeigt, dass hier niemand einfach ins kalte Wasser geworfen wird. Statt direkt voll mitzuarbeiten, gibt es einen Einf\u00fchrungstag. Dort lernen alle neuen Auszubildenden erst einmal das Unternehmen kennen. Man bekommt einen \u00dcberblick \u00fcber Dehner als Firma, erf\u00e4hrt, wof\u00fcr das Unternehmen steht und wie wichtig die Logistik f\u00fcr den gesamten Betrieb ist. Au\u00dferdem lernt man die Ausbilder*innen und Ansprechpartner*innen kennen.<\/p>\n<p>Das nimmt einem die Nervosit\u00e4t, die man am ersten Tag meistens hat. Man sammelt erste Eindr\u00fccke, bekommt erkl\u00e4rt, wie der Arbeitsalltag abl\u00e4uft, und f\u00fchlt sich direkt willkommen. Danach startet man Schritt f\u00fcr Schritt in die Praxis und das immer mit Unterst\u00fctzung. Die Ausbilder*innen und Kollege*innen erkl\u00e4ren alles in Ruhe und helfen bei Fragen. Niemand erwartet, dass man sofort alles kann. Fehler geh\u00f6ren dazu, solange man daraus lernt. Genau das sorgt f\u00fcr ein gutes Gef\u00fchl und motiviert, sein Bestes zu geben.<\/p>\n                    <\/div>                <\/div>\n            \n        <\/div>\n    <\/div>\n<\/section>\n\n\n<section class=\"block-img-txt text-50-img-50 pb-4\">\n    <div class=\"container\">\n        <div class=\"row\">\n                            <div class=\"col-md-6 pb-4 d-none d-md-block image\">\n                    <img loading=\"lazy\" decoding=\"async\" width=\"570\" height=\"730\" src=\"https:\/\/www.dehner.de\/jobs\/app\/uploads\/sites\/7\/2026\/02\/Auszubildender-traegt-rote-Pflanzen.png\" class=\"img-cover\" alt=\"Auszubildender tr\u00e4gt rote Pflanzen\" srcset=\"https:\/\/www.dehner.de\/jobs\/app\/uploads\/sites\/7\/2026\/02\/Auszubildender-traegt-rote-Pflanzen.png 570w, https:\/\/www.dehner.de\/jobs\/app\/uploads\/sites\/7\/2026\/02\/Auszubildender-traegt-rote-Pflanzen-234x300.png 234w, https:\/\/www.dehner.de\/jobs\/app\/uploads\/sites\/7\/2026\/02\/Auszubildender-traegt-rote-Pflanzen-117x150.png 117w\" sizes=\"auto, (max-width: 570px) 100vw, 570px\" \/>                <\/div>\n                <div class=\"col-md-6 df fc jcc body\">\n                            <a href=\"#\" class=\"toggler toggler-down-md toggler-hide\" data-toggle=\"collapse\" data-target=\"#block_123385d6818af59ca06f869b1e9c10a2\" aria-expanded=\"true\" aria-controls=\"block_123385d6818af59ca06f869b1e9c10a2\">\n                            <img loading=\"lazy\" decoding=\"async\" width=\"570\" height=\"730\" src=\"https:\/\/www.dehner.de\/jobs\/app\/uploads\/sites\/7\/2026\/02\/Auszubildender-traegt-rote-Pflanzen.png\" class=\"mobile-image img-fluid mb-3 d-md-none\" alt=\"Auszubildender tr\u00e4gt rote Pflanzen\" srcset=\"https:\/\/www.dehner.de\/jobs\/app\/uploads\/sites\/7\/2026\/02\/Auszubildender-traegt-rote-Pflanzen.png 570w, https:\/\/www.dehner.de\/jobs\/app\/uploads\/sites\/7\/2026\/02\/Auszubildender-traegt-rote-Pflanzen-234x300.png 234w, https:\/\/www.dehner.de\/jobs\/app\/uploads\/sites\/7\/2026\/02\/Auszubildender-traegt-rote-Pflanzen-117x150.png 117w\" sizes=\"auto, (max-width: 570px) 100vw, 570px\" \/>                        <h3 class=\"font-h4 toggler toggler-down-md\">Teamgeist, Wertsch\u00e4tzung und pers\u00f6nliche Entwicklung<\/h3>        <\/a>\n        <div class=\"collapse text show\" id=\"block_123385d6818af59ca06f869b1e9c10a2\" data-parent=\"main\">\n            <p>Ein gro\u00dfer Pluspunkt in der Logistik bei Dehner ist der starke Zusammenhalt im Team. Hier arbeitet man nicht gegeneinander, sondern miteinander. Die Kollegen sind hilfsbereit, offen und haben Verst\u00e4ndnis daf\u00fcr, dass Azubis noch lernen. Viele beschreiben das Team fast wie eine kleine Familie. Man unterst\u00fctzt sich, lacht zusammen und zieht an einem Strang. Gerade f\u00fcr junge Menschen ist das wichtig, weil man einen gro\u00dfen Teil des Tages auf der Arbeit verbringt. Wenn das Klima stimmt, macht Arbeiten einfach mehr Spa\u00df.<\/p>\n<p>Der Umgang ist locker, aber gleichzeitig respektvoll. Auch als Azubi wird man ernst genommen. Eigene Ideen, Meinungen oder Verbesserungsvorschl\u00e4ge sind willkommen. Wer Motivation zeigt und Interesse an der Arbeit hat, bekommt Verantwortung \u00fcbertragen. Das st\u00e4rkt das Selbstbewusstsein und zeigt einem, dass man ein wichtiger Teil des Teams ist und nicht \u201enur der Azubi\u201c.<\/p>\n<p>Zus\u00e4tzlich spielen Kompetenzschulungen w\u00e4hrend der Ausbildung eine wichtige Rolle. Dort geht es nicht nur um fachliches Wissen, sondern um pers\u00f6nliche Entwicklung. Man lernt, sicher aufzutreten, wie man Verantwortung \u00fcbernehmen kann und sich Schritt f\u00fcr Schritt weiterzuentwickeln. So wird man fit f\u00fcr die Zukunft.<\/p>\n                    <\/div>                <\/div>\n            \n        <\/div>\n    <\/div>\n<\/section>\n\n\n<section class=\"block-img-txt img-50-text-50 pb-4\">\n    <div class=\"container\">\n        <div class=\"row\">\n                            <div class=\"col-md-6 pb-4 d-none d-md-block image\">\n                    <img loading=\"lazy\" decoding=\"async\" width=\"570\" height=\"820\" src=\"https:\/\/www.dehner.de\/jobs\/app\/uploads\/sites\/7\/2026\/02\/Auszubildender-sitz-im-Gabelstabler-und-bedient-diesen.png\" class=\"img-cover\" alt=\"Auszubildender sitz im Gabelstabler und bedient diesen\" srcset=\"https:\/\/www.dehner.de\/jobs\/app\/uploads\/sites\/7\/2026\/02\/Auszubildender-sitz-im-Gabelstabler-und-bedient-diesen.png 570w, https:\/\/www.dehner.de\/jobs\/app\/uploads\/sites\/7\/2026\/02\/Auszubildender-sitz-im-Gabelstabler-und-bedient-diesen-209x300.png 209w, https:\/\/www.dehner.de\/jobs\/app\/uploads\/sites\/7\/2026\/02\/Auszubildender-sitz-im-Gabelstabler-und-bedient-diesen-104x150.png 104w\" sizes=\"auto, (max-width: 570px) 100vw, 570px\" \/>                <\/div>\n                <div class=\"col-md-6 df fc jcc body\">\n                            <a href=\"#\" class=\"toggler toggler-down-md toggler-hide\" data-toggle=\"collapse\" data-target=\"#block_72ed1f84b3789b10cf118c360f209664\" aria-expanded=\"true\" aria-controls=\"block_72ed1f84b3789b10cf118c360f209664\">\n                            <img loading=\"lazy\" decoding=\"async\" width=\"570\" height=\"820\" src=\"https:\/\/www.dehner.de\/jobs\/app\/uploads\/sites\/7\/2026\/02\/Auszubildender-sitz-im-Gabelstabler-und-bedient-diesen.png\" class=\"mobile-image img-fluid mb-3 d-md-none\" alt=\"Auszubildender sitz im Gabelstabler und bedient diesen\" srcset=\"https:\/\/www.dehner.de\/jobs\/app\/uploads\/sites\/7\/2026\/02\/Auszubildender-sitz-im-Gabelstabler-und-bedient-diesen.png 570w, https:\/\/www.dehner.de\/jobs\/app\/uploads\/sites\/7\/2026\/02\/Auszubildender-sitz-im-Gabelstabler-und-bedient-diesen-209x300.png 209w, https:\/\/www.dehner.de\/jobs\/app\/uploads\/sites\/7\/2026\/02\/Auszubildender-sitz-im-Gabelstabler-und-bedient-diesen-104x150.png 104w\" sizes=\"auto, (max-width: 570px) 100vw, 570px\" \/>                        <h3 class=\"font-h4 toggler toggler-down-md\">Abwechslungsreiche Aufgaben und echte Zukunftschancen<\/h3>        <\/a>\n        <div class=\"collapse text show\" id=\"block_72ed1f84b3789b10cf118c360f209664\" data-parent=\"main\">\n            <p>Die Arbeit in der Logistik ist alles andere als eint\u00f6nig. W\u00e4hrend der Ausbildung lernt man verschiedene Bereiche kennen, darunter Wareneingang, Lagerung, Kommissionierung und Versand. Jeder Bereich bringt eigene Aufgaben und Herausforderungen mit sich. So wird es nie langweilig und man versteht nach und nach, wie alle Abl\u00e4ufe ineinandergreifen.<\/p>\n<p>Au\u00dferdem arbeitet man mit moderner Technik wie Scannern, Computern und digitalen Systemen. Das ist nicht nur spannend, sondern auch wichtig f\u00fcr die Zukunft, denn die Logistik wird immer digitaler. Mit dem Wissen aus der Ausbildung ist man sp\u00e4ter richtig gut aufgestellt.<\/p>\n<p>Auch die Perspektiven nach der Ausbildung sind vielversprechend. Viele Auszubildende werden \u00fcbernommen, wenn sie zuverl\u00e4ssig arbeiten und Einsatz zeigen. Danach gibt es verschiedene M\u00f6glichkeiten, sich weiterzubilden oder mehr Verantwortung zu \u00fcbernehmen.<\/p>\n<p>Zusammengefasst kann man sagen: Eine Ausbildung als Fachkraft f\u00fcr Lagerlogistik (m\/w\/d) bei Dehner ist richtig nice. Der Einf\u00fchrungstag sorgt f\u00fcr einen entspannten Start, die Kompetenzschulungen machen fit f\u00fcr die Zukunft, und der starke Zusammenhalt im Team macht die Arbeit angenehm. Dazu kommen abwechslungsreiche Aufgaben, moderne Technik und gute \u00dcbernahmechancen. F\u00fcr junge Menschen, die eine sichere, spannende und zukunftsorientierte Ausbildung suchen, ist das definitiv eine sehr gute Wahl.<\/p>\n                    <\/div>                <\/div>\n            \n        <\/div>\n    <\/div>\n<\/section>\n","protected":false},"excerpt":{"rendered":"","protected":false},"author":34,"featured_media":38178,"comment_status":"closed","ping_status":"closed","sticky":false,"template":"","format":"standard","meta":{"_acf_changed":false,"footnotes":""},"post_category":[404],"class_list":["post-38165","post","type-post","status-publish","format-standard","has-post-thumbnail","hentry","post_category-ausbildung"],"acf":[],"yoast_head":"<!-- This site is optimized with the Yoast SEO plugin v24.5 - https:\/\/yoast.com\/wordpress\/plugins\/seo\/ -->\n<title>Darum ist die Ausbildung in der Logistik bei Dehner echt stark<\/title>\n<meta name=\"description\" content=\"Fachkraft f\u00fcr Lagerlogistik bei Dehner \u2713 Starkes Team \u2713 Moderne Technik \u2713 Pers\u00f6nliche Weiterentwicklung \u2013 jetzt entdecken!\" \/>\n<meta name=\"robots\" content=\"index, follow, max-snippet:-1, max-image-preview:large, max-video-preview:-1\" \/>\n<link rel=\"canonical\" href=\"https:\/\/www.dehner.de\/jobs\/karriere-storys\/ausbildung\/darum-ist-die-ausbildung-in-der-logistik-bei-dehner-echt-stark\/\" \/>\n<meta property=\"og:locale\" content=\"de_DE\" \/>\n<meta property=\"og:type\" content=\"article\" \/>\n<meta property=\"og:title\" content=\"Darum ist die Ausbildung in der Logistik bei Dehner echt stark\" \/>\n<meta property=\"og:description\" content=\"Fachkraft f\u00fcr Lagerlogistik bei Dehner \u2713 Starkes Team \u2713 Moderne Technik \u2713 Pers\u00f6nliche Weiterentwicklung \u2013 jetzt entdecken!\" \/>\n<meta property=\"og:url\" content=\"https:\/\/www.dehner.de\/jobs\/karriere-storys\/ausbildung\/darum-ist-die-ausbildung-in-der-logistik-bei-dehner-echt-stark\/\" \/>\n<meta property=\"og:site_name\" content=\"Karriere bei Dehner\" \/>\n<meta property=\"article:published_time\" content=\"2026-02-26T07:00:00+00:00\" \/>\n<meta property=\"og:image\" content=\"https:\/\/www.dehner.de\/app\/uploads\/sites\/7\/2026\/02\/Kartons-mit-blauen-Wegen-1.png\" \/>\n\t<meta property=\"og:image:width\" content=\"1920\" \/>\n\t<meta property=\"og:image:height\" content=\"500\" \/>\n\t<meta property=\"og:image:type\" content=\"image\/png\" \/>\n<meta name=\"author\" content=\"franziskalechner\" \/>\n<meta name=\"twitter:card\" content=\"summary_large_image\" \/>\n<meta name=\"twitter:label1\" content=\"Written by\" \/>\n\t<meta name=\"twitter:data1\" content=\"franziskalechner\" \/>\n\t<meta name=\"twitter:label2\" content=\"Est. reading time\" \/>\n\t<meta name=\"twitter:data2\" content=\"4 Minuten\" \/>\n<script type=\"application\/ld+json\" class=\"yoast-schema-graph\">{\"@context\":\"https:\/\/schema.org\",\"@graph\":[{\"@type\":\"WebPage\",\"@id\":\"https:\/\/www.dehner.de\/jobs\/karriere-storys\/ausbildung\/darum-ist-die-ausbildung-in-der-logistik-bei-dehner-echt-stark\/\",\"url\":\"https:\/\/www.dehner.de\/jobs\/karriere-storys\/ausbildung\/darum-ist-die-ausbildung-in-der-logistik-bei-dehner-echt-stark\/\",\"name\":\"Darum ist die Ausbildung in der Logistik bei Dehner echt stark\",\"isPartOf\":{\"@id\":\"https:\/\/www.dehner.de\/jobs\/#website\"},\"primaryImageOfPage\":{\"@id\":\"https:\/\/www.dehner.de\/jobs\/karriere-storys\/ausbildung\/darum-ist-die-ausbildung-in-der-logistik-bei-dehner-echt-stark\/#primaryimage\"},\"image\":{\"@id\":\"https:\/\/www.dehner.de\/jobs\/karriere-storys\/ausbildung\/darum-ist-die-ausbildung-in-der-logistik-bei-dehner-echt-stark\/#primaryimage\"},\"thumbnailUrl\":\"https:\/\/www.dehner.de\/jobs\/app\/uploads\/sites\/7\/2026\/02\/Kartons-mit-blauen-Wegen-1.png\",\"datePublished\":\"2026-02-26T07:00:00+00:00\",\"description\":\"Fachkraft f\u00fcr Lagerlogistik bei Dehner \u2713 Starkes Team \u2713 Moderne Technik \u2713 Pers\u00f6nliche Weiterentwicklung \u2013 jetzt entdecken!\",\"breadcrumb\":{\"@id\":\"https:\/\/www.dehner.de\/jobs\/karriere-storys\/ausbildung\/darum-ist-die-ausbildung-in-der-logistik-bei-dehner-echt-stark\/#breadcrumb\"},\"inLanguage\":\"de-DE\",\"potentialAction\":[{\"@type\":\"ReadAction\",\"target\":[\"https:\/\/www.dehner.de\/jobs\/karriere-storys\/ausbildung\/darum-ist-die-ausbildung-in-der-logistik-bei-dehner-echt-stark\/\"]}]},{\"@type\":\"ImageObject\",\"inLanguage\":\"de-DE\",\"@id\":\"https:\/\/www.dehner.de\/jobs\/karriere-storys\/ausbildung\/darum-ist-die-ausbildung-in-der-logistik-bei-dehner-echt-stark\/#primaryimage\",\"url\":\"https:\/\/www.dehner.de\/jobs\/app\/uploads\/sites\/7\/2026\/02\/Kartons-mit-blauen-Wegen-1.png\",\"contentUrl\":\"https:\/\/www.dehner.de\/jobs\/app\/uploads\/sites\/7\/2026\/02\/Kartons-mit-blauen-Wegen-1.png\",\"width\":1920,\"height\":500,\"caption\":\"Illustration von einem Logistiksystem\"},{\"@type\":\"BreadcrumbList\",\"@id\":\"https:\/\/www.dehner.de\/jobs\/karriere-storys\/ausbildung\/darum-ist-die-ausbildung-in-der-logistik-bei-dehner-echt-stark\/#breadcrumb\",\"itemListElement\":[{\"@type\":\"ListItem\",\"position\":1,\"name\":\"Home\",\"item\":\"https:\/\/www.dehner.de\/jobs\/\"},{\"@type\":\"ListItem\",\"position\":2,\"name\":\"Darum ist die Ausbildung in der Logistik bei Dehner echt stark\"}]},{\"@type\":\"WebSite\",\"@id\":\"https:\/\/www.dehner.de\/jobs\/#website\",\"url\":\"https:\/\/www.dehner.de\/jobs\/\",\"name\":\"Karriere bei Dehner\",\"description\":\"Die Storys unserer Personalbotschafter\",\"publisher\":{\"@id\":\"https:\/\/www.dehner.de\/jobs\/#organization\"},\"potentialAction\":[{\"@type\":\"SearchAction\",\"target\":{\"@type\":\"EntryPoint\",\"urlTemplate\":\"https:\/\/www.dehner.de\/jobs\/?s={search_term_string}\"},\"query-input\":{\"@type\":\"PropertyValueSpecification\",\"valueRequired\":true,\"valueName\":\"search_term_string\"}}],\"inLanguage\":\"de-DE\"},{\"@type\":\"Organization\",\"@id\":\"https:\/\/www.dehner.de\/jobs\/#organization\",\"name\":\"Karriere bei Dehner\",\"url\":\"https:\/\/www.dehner.de\/jobs\/\",\"logo\":{\"@type\":\"ImageObject\",\"inLanguage\":\"de-DE\",\"@id\":\"https:\/\/www.dehner.de\/jobs\/#\/schema\/logo\/image\/\",\"url\":\"https:\/\/www.dehner.de\/jobs\/app\/uploads\/sites\/7\/2025\/12\/dehner-garten-center-koenigsbrunn-revitalisierung-neubau-umbau.png\",\"contentUrl\":\"https:\/\/www.dehner.de\/jobs\/app\/uploads\/sites\/7\/2025\/12\/dehner-garten-center-koenigsbrunn-revitalisierung-neubau-umbau.png\",\"width\":800,\"height\":1315,\"caption\":\"Karriere bei Dehner\"},\"image\":{\"@id\":\"https:\/\/www.dehner.de\/jobs\/#\/schema\/logo\/image\/\"}}]}<\/script>\n<!-- \/ Yoast SEO plugin. -->","yoast_head_json":{"title":"Darum ist die Ausbildung in der Logistik bei Dehner echt stark","description":"Fachkraft f\u00fcr Lagerlogistik bei Dehner \u2713 Starkes Team \u2713 Moderne Technik \u2713 Pers\u00f6nliche Weiterentwicklung \u2013 jetzt entdecken!","robots":{"index":"index","follow":"follow","max-snippet":"max-snippet:-1","max-image-preview":"max-image-preview:large","max-video-preview":"max-video-preview:-1"},"canonical":"https:\/\/www.dehner.de\/jobs\/karriere-storys\/ausbildung\/darum-ist-die-ausbildung-in-der-logistik-bei-dehner-echt-stark\/","og_locale":"de_DE","og_type":"article","og_title":"Darum ist die Ausbildung in der Logistik bei Dehner echt stark","og_description":"Fachkraft f\u00fcr Lagerlogistik bei Dehner \u2713 Starkes Team \u2713 Moderne Technik \u2713 Pers\u00f6nliche Weiterentwicklung \u2013 jetzt entdecken!","og_url":"https:\/\/www.dehner.de\/jobs\/karriere-storys\/ausbildung\/darum-ist-die-ausbildung-in-der-logistik-bei-dehner-echt-stark\/","og_site_name":"Karriere bei Dehner","article_published_time":"2026-02-26T07:00:00+00:00","og_image":[{"width":1920,"height":500,"url":"https:\/\/www.dehner.de\/app\/uploads\/sites\/7\/2026\/02\/Kartons-mit-blauen-Wegen-1.png","type":"image\/png"}],"author":"franziskalechner","twitter_card":"summary_large_image","twitter_misc":{"Written by":"franziskalechner","Est. reading time":"4 Minuten"},"schema":{"@context":"https:\/\/schema.org","@graph":[{"@type":"WebPage","@id":"https:\/\/www.dehner.de\/jobs\/karriere-storys\/ausbildung\/darum-ist-die-ausbildung-in-der-logistik-bei-dehner-echt-stark\/","url":"https:\/\/www.dehner.de\/jobs\/karriere-storys\/ausbildung\/darum-ist-die-ausbildung-in-der-logistik-bei-dehner-echt-stark\/","name":"Darum ist die Ausbildung in der Logistik bei Dehner echt stark","isPartOf":{"@id":"https:\/\/www.dehner.de\/jobs\/#website"},"primaryImageOfPage":{"@id":"https:\/\/www.dehner.de\/jobs\/karriere-storys\/ausbildung\/darum-ist-die-ausbildung-in-der-logistik-bei-dehner-echt-stark\/#primaryimage"},"image":{"@id":"https:\/\/www.dehner.de\/jobs\/karriere-storys\/ausbildung\/darum-ist-die-ausbildung-in-der-logistik-bei-dehner-echt-stark\/#primaryimage"},"thumbnailUrl":"https:\/\/www.dehner.de\/jobs\/app\/uploads\/sites\/7\/2026\/02\/Kartons-mit-blauen-Wegen-1.png","datePublished":"2026-02-26T07:00:00+00:00","description":"Fachkraft f\u00fcr Lagerlogistik bei Dehner \u2713 Starkes Team \u2713 Moderne Technik \u2713 Pers\u00f6nliche Weiterentwicklung \u2013 jetzt entdecken!","breadcrumb":{"@id":"https:\/\/www.dehner.de\/jobs\/karriere-storys\/ausbildung\/darum-ist-die-ausbildung-in-der-logistik-bei-dehner-echt-stark\/#breadcrumb"},"inLanguage":"de-DE","potentialAction":[{"@type":"ReadAction","target":["https:\/\/www.dehner.de\/jobs\/karriere-storys\/ausbildung\/darum-ist-die-ausbildung-in-der-logistik-bei-dehner-echt-stark\/"]}]},{"@type":"ImageObject","inLanguage":"de-DE","@id":"https:\/\/www.dehner.de\/jobs\/karriere-storys\/ausbildung\/darum-ist-die-ausbildung-in-der-logistik-bei-dehner-echt-stark\/#primaryimage","url":"https:\/\/www.dehner.de\/jobs\/app\/uploads\/sites\/7\/2026\/02\/Kartons-mit-blauen-Wegen-1.png","contentUrl":"https:\/\/www.dehner.de\/jobs\/app\/uploads\/sites\/7\/2026\/02\/Kartons-mit-blauen-Wegen-1.png","width":1920,"height":500,"caption":"Illustration von einem Logistiksystem"},{"@type":"BreadcrumbList","@id":"https:\/\/www.dehner.de\/jobs\/karriere-storys\/ausbildung\/darum-ist-die-ausbildung-in-der-logistik-bei-dehner-echt-stark\/#breadcrumb","itemListElement":[{"@type":"ListItem","position":1,"name":"Home","item":"https:\/\/www.dehner.de\/jobs\/"},{"@type":"ListItem","position":2,"name":"Darum ist die Ausbildung in der Logistik bei Dehner echt stark"}]},{"@type":"WebSite","@id":"https:\/\/www.dehner.de\/jobs\/#website","url":"https:\/\/www.dehner.de\/jobs\/","name":"Karriere bei Dehner","description":"Die Storys unserer Personalbotschafter","publisher":{"@id":"https:\/\/www.dehner.de\/jobs\/#organization"},"potentialAction":[{"@type":"SearchAction","target":{"@type":"EntryPoint","urlTemplate":"https:\/\/www.dehner.de\/jobs\/?s={search_term_string}"},"query-input":{"@type":"PropertyValueSpecification","valueRequired":true,"valueName":"search_term_string"}}],"inLanguage":"de-DE"},{"@type":"Organization","@id":"https:\/\/www.dehner.de\/jobs\/#organization","name":"Karriere bei Dehner","url":"https:\/\/www.dehner.de\/jobs\/","logo":{"@type":"ImageObject","inLanguage":"de-DE","@id":"https:\/\/www.dehner.de\/jobs\/#\/schema\/logo\/image\/","url":"https:\/\/www.dehner.de\/jobs\/app\/uploads\/sites\/7\/2025\/12\/dehner-garten-center-koenigsbrunn-revitalisierung-neubau-umbau.png","contentUrl":"https:\/\/www.dehner.de\/jobs\/app\/uploads\/sites\/7\/2025\/12\/dehner-garten-center-koenigsbrunn-revitalisierung-neubau-umbau.png","width":800,"height":1315,"caption":"Karriere bei Dehner"},"image":{"@id":"https:\/\/www.dehner.de\/jobs\/#\/schema\/logo\/image\/"}}]}},"_links":{"self":[{"href":"https:\/\/www.dehner.de\/jobs\/wp-json\/wp\/v2\/posts\/38165","targetHints":{"allow":["GET"]}}],"collection":[{"href":"https:\/\/www.dehner.de\/jobs\/wp-json\/wp\/v2\/posts"}],"about":[{"href":"https:\/\/www.dehner.de\/jobs\/wp-json\/wp\/v2\/types\/post"}],"author":[{"embeddable":true,"href":"https:\/\/www.dehner.de\/jobs\/wp-json\/wp\/v2\/users\/34"}],"replies":[{"embeddable":true,"href":"https:\/\/www.dehner.de\/jobs\/wp-json\/wp\/v2\/comments?post=38165"}],"version-history":[{"count":3,"href":"https:\/\/www.dehner.de\/jobs\/wp-json\/wp\/v2\/posts\/38165\/revisions"}],"predecessor-version":[{"id":38180,"href":"https:\/\/www.dehner.de\/jobs\/wp-json\/wp\/v2\/posts\/38165\/revisions\/38180"}],"wp:featuredmedia":[{"embeddable":true,"href":"https:\/\/www.dehner.de\/jobs\/wp-json\/wp\/v2\/media\/38178"}],"wp:attachment":[{"href":"https:\/\/www.dehner.de\/jobs\/wp-json\/wp\/v2\/media?parent=38165"}],"wp:term":[{"taxonomy":"post_category","embeddable":true,"href":"https:\/\/www.dehner.de\/jobs\/wp-json\/wp\/v2\/post_category?post=38165"}],"curies":[{"name":"wp","href":"https:\/\/api.w.org\/{rel}","templated":true}]}}