{"id":38586,"date":"2026-04-15T08:00:00","date_gmt":"2026-04-15T06:00:00","guid":{"rendered":"https:\/\/www.dehner.de\/jobs\/?post_type=blog&#038;p=38586"},"modified":"2026-04-14T22:04:53","modified_gmt":"2026-04-14T20:04:53","slug":"gemeinsam-stark-lehrlingsprojekt-zur-markteroeffnung","status":"publish","type":"blog","link":"https:\/\/www.dehner.de\/jobs\/blogbeitrag\/gemeinsam-stark-lehrlingsprojekt-zur-markteroeffnung\/","title":{"rendered":"Gemeinsam stark: Lehrlingsprojekt zur Markter\u00f6ffnung"},"content":{"rendered":"<section class=\"block-img-txt img-50-text-50 pb-4\">\n    <div class=\"container\">\n        <div class=\"row\">\n                            <div class=\"col-md-6 pb-4 d-none d-md-block image\">\n                                    <\/div>\n                <div class=\"col-md-6 df fc jcc body\">\n                                                        <div class=\"text\">\n                    <\/div>\n                                <\/div>\n            \n        <\/div>\n    <\/div>\n<\/section>\n\n\n<section class=\"block-img-txt text-50-img-50 pb-4\">\n    <div class=\"container\">\n        <div class=\"row\">\n                            <div class=\"col-md-6 pb-4 d-none d-md-block image\">\n                    <img loading=\"lazy\" decoding=\"async\" width=\"570\" height=\"670\" src=\"https:\/\/www.dehner.de\/jobs\/app\/uploads\/sites\/7\/2026\/04\/ZWEILE1.png\" class=\"img-cover\" alt=\"Zwei Lehrlinge hinter einem Verk\u00f6stigungsstand f\u00fcr S\u00e4fte\" srcset=\"https:\/\/www.dehner.de\/jobs\/app\/uploads\/sites\/7\/2026\/04\/ZWEILE1.png 570w, https:\/\/www.dehner.de\/jobs\/app\/uploads\/sites\/7\/2026\/04\/ZWEILE1-255x300.png 255w, https:\/\/www.dehner.de\/jobs\/app\/uploads\/sites\/7\/2026\/04\/ZWEILE1-128x150.png 128w\" sizes=\"auto, (max-width: 570px) 100vw, 570px\" \/>                <\/div>\n                <div class=\"col-md-6 df fc jcc body\">\n                            <a href=\"#\" class=\"toggler toggler-down-md toggler-hide\" data-toggle=\"collapse\" data-target=\"#block_eae5570235e8c7c0cc7c783d4ad02645\" aria-expanded=\"true\" aria-controls=\"block_eae5570235e8c7c0cc7c783d4ad02645\">\n                            <img loading=\"lazy\" decoding=\"async\" width=\"570\" height=\"670\" src=\"https:\/\/www.dehner.de\/jobs\/app\/uploads\/sites\/7\/2026\/04\/ZWEILE1.png\" class=\"mobile-image img-fluid mb-3 d-md-none\" alt=\"Zwei Lehrlinge hinter einem Verk\u00f6stigungsstand f\u00fcr S\u00e4fte\" srcset=\"https:\/\/www.dehner.de\/jobs\/app\/uploads\/sites\/7\/2026\/04\/ZWEILE1.png 570w, https:\/\/www.dehner.de\/jobs\/app\/uploads\/sites\/7\/2026\/04\/ZWEILE1-255x300.png 255w, https:\/\/www.dehner.de\/jobs\/app\/uploads\/sites\/7\/2026\/04\/ZWEILE1-128x150.png 128w\" sizes=\"auto, (max-width: 570px) 100vw, 570px\" \/>                        <h3 class=\"font-h4 toggler toggler-down-md\">Lehrlinge \u00fcbernehmen Verantwortung<\/h3>        <\/a>\n        <div class=\"collapse text show\" id=\"block_eae5570235e8c7c0cc7c783d4ad02645\" data-parent=\"main\">\n            <p>Zusammen mit acht Lehrlingen im 3. Ausbildungsjahr aus ganz \u00d6sterreich hatte ich vom 12. bis 14. M\u00e4rz 2026 die besondere Gelegenheit, unser Lehrlingsprojekt durchzuf\u00fchren. Die Markter\u00f6ffnung in Neusiedl (Parndorf) bot dabei den idealen Rahmen, um unsere Ideen und Aufgaben unter realen Bedingungen umzusetzen. Unser Ziel war es dabei nicht nur, den Markt zu unterst\u00fctzen, sondern vor allem unsere geplanten Aktionen eigenst\u00e4ndig auszuf\u00fchren und Verantwortung zu \u00fcbernehmen. Ziel war es au\u00dferdem, unseren Kund*innen ein besonderes Einkaufserlebnis zu bieten und gleichzeitig unsere F\u00e4higkeiten im direkten Kundenkontakt zu st\u00e4rken.<\/p>\n<p>Im gesamten Markt betreuten wir verschiedene Stationen, gingen aktiv auf unsere Kundschaft zu, pr\u00e4sentierten Produkte und standen beratend zur Seite. Dazu geh\u00f6rten unter anderem eine Saft- und Weinverkostung, das Anlegen von Kundenkarten sowie das Verteilen von Gutscheinen. Auch im Eingangsbereich waren wir pr\u00e4sent und sorgten mit einer pers\u00f6nlichen Begr\u00fc\u00dfung und kleinen Willkommensgeschenken f\u00fcr einen gelungenen ersten Eindruck. Unser Anspruch war klar: Verantwortung \u00fcbernehmen und zeigen, was wir k\u00f6nnen. Und genau das ist uns gelungen.<\/p>\n                    <\/div>                <\/div>\n            \n        <\/div>\n    <\/div>\n<\/section>\n\n\n<section class=\"block-img-txt img-50-text-50 pb-4\">\n    <div class=\"container\">\n        <div class=\"row\">\n                            <div class=\"col-md-6 pb-4 d-none d-md-block image\">\n                    <img loading=\"lazy\" decoding=\"async\" width=\"570\" height=\"690\" src=\"https:\/\/www.dehner.de\/jobs\/app\/uploads\/sites\/7\/2026\/04\/Drei-Lehrling-hinter-einem-Dehner-Stand.png\" class=\"img-cover\" alt=\"Drei Lehrling hinter einem Dehner-Stand\" srcset=\"https:\/\/www.dehner.de\/jobs\/app\/uploads\/sites\/7\/2026\/04\/Drei-Lehrling-hinter-einem-Dehner-Stand.png 570w, https:\/\/www.dehner.de\/jobs\/app\/uploads\/sites\/7\/2026\/04\/Drei-Lehrling-hinter-einem-Dehner-Stand-248x300.png 248w, https:\/\/www.dehner.de\/jobs\/app\/uploads\/sites\/7\/2026\/04\/Drei-Lehrling-hinter-einem-Dehner-Stand-124x150.png 124w\" sizes=\"auto, (max-width: 570px) 100vw, 570px\" \/>                <\/div>\n                <div class=\"col-md-6 df fc jcc body\">\n                            <a href=\"#\" class=\"toggler toggler-down-md toggler-hide\" data-toggle=\"collapse\" data-target=\"#block_ab9eaf7ce0e2a6872b20eb5975190b9b\" aria-expanded=\"true\" aria-controls=\"block_ab9eaf7ce0e2a6872b20eb5975190b9b\">\n                            <img loading=\"lazy\" decoding=\"async\" width=\"570\" height=\"690\" src=\"https:\/\/www.dehner.de\/jobs\/app\/uploads\/sites\/7\/2026\/04\/Drei-Lehrling-hinter-einem-Dehner-Stand.png\" class=\"mobile-image img-fluid mb-3 d-md-none\" alt=\"Drei Lehrling hinter einem Dehner-Stand\" srcset=\"https:\/\/www.dehner.de\/jobs\/app\/uploads\/sites\/7\/2026\/04\/Drei-Lehrling-hinter-einem-Dehner-Stand.png 570w, https:\/\/www.dehner.de\/jobs\/app\/uploads\/sites\/7\/2026\/04\/Drei-Lehrling-hinter-einem-Dehner-Stand-248x300.png 248w, https:\/\/www.dehner.de\/jobs\/app\/uploads\/sites\/7\/2026\/04\/Drei-Lehrling-hinter-einem-Dehner-Stand-124x150.png 124w\" sizes=\"auto, (max-width: 570px) 100vw, 570px\" \/>                        <h3 class=\"font-h4 toggler toggler-down-md\">Von der Planung zur Umsetzung<\/h3>        <\/a>\n        <div class=\"collapse text show\" id=\"block_ab9eaf7ce0e2a6872b20eb5975190b9b\" data-parent=\"main\">\n            <p>Als ehemalige Lehrling und seit einem halben Jahr ausgelernte Verk\u00e4uferin wurde mir die Rolle der Projektleitung \u00fcbertragen. Diese Aufgabe habe ich mit gro\u00dfer Freude angenommen und mich intensiv auf die Organisation und Umsetzung unseres Lehrlingsprojekts vorbereitet. Bereits Wochen vor Projektbeginn habe ich die Abl\u00e4ufe mitgeplant, Aufgaben koordiniert und sichergestellt, dass alle beteiligten Lehrlinge bestm\u00f6glich vorbereitet waren. Dabei lag mein Fokus darauf, klare Strukturen zu schaffen und jedem im Team die M\u00f6glichkeit zu geben, Verantwortung zu \u00fcbernehmen und eigene St\u00e4rken einzubringen. W\u00e4hrend der Projekttage vor Ort war ich daf\u00fcr verantwortlich, den \u00dcberblick zu behalten, Abl\u00e4ufe zu steuern und das Team jederzeit zu unterst\u00fctzen. Besonders wichtig war es, flexibel auf Situationen zu reagieren und gleichzeitig einen reibungslosen Ablauf sicherzustellen.<\/p>\n<p>Bereits im Vorfeld war die Freude auf unser Projekt gro\u00df, da es uns erm\u00f6glichte, unsere Kenntnisse und Fertigkeiten in einem herausfordernden Umfeld zu demonstrieren, Verantwortung zu \u00fcbernehmen und eigenst\u00e4ndig Aufgaben zu meistern. Als sich die T\u00fcren des Marktes f\u00fcr unsere Kund*innen zum ersten Mal \u00f6ffneten, standen wir bereits topmotiviert in den Startl\u00f6chern. Denn es war an der Zeit, unsere F\u00e4higkeiten unter Beweis zu stellen.<\/p>\n                    <\/div>                <\/div>\n            \n        <\/div>\n    <\/div>\n<\/section>\n\n\n<section class=\"block-img-txt text-50-img-50 pb-4\">\n    <div class=\"container\">\n        <div class=\"row\">\n                            <div class=\"col-md-6 pb-4 d-none d-md-block image\">\n                    <img loading=\"lazy\" decoding=\"async\" width=\"570\" height=\"770\" src=\"https:\/\/www.dehner.de\/jobs\/app\/uploads\/sites\/7\/2026\/04\/EINEGR1.png\" class=\"img-cover\" alt=\"Eine Gruppe Jugendlicher in Dehner-Arbeitskleidung in einem Markt\" srcset=\"https:\/\/www.dehner.de\/jobs\/app\/uploads\/sites\/7\/2026\/04\/EINEGR1.png 570w, https:\/\/www.dehner.de\/jobs\/app\/uploads\/sites\/7\/2026\/04\/EINEGR1-222x300.png 222w, https:\/\/www.dehner.de\/jobs\/app\/uploads\/sites\/7\/2026\/04\/EINEGR1-111x150.png 111w\" sizes=\"auto, (max-width: 570px) 100vw, 570px\" \/>                <\/div>\n                <div class=\"col-md-6 df fc jcc body\">\n                            <a href=\"#\" class=\"toggler toggler-down-md toggler-hide\" data-toggle=\"collapse\" data-target=\"#block_056aee52e91fdfd60f199ad096bc65c6\" aria-expanded=\"true\" aria-controls=\"block_056aee52e91fdfd60f199ad096bc65c6\">\n                            <img loading=\"lazy\" decoding=\"async\" width=\"570\" height=\"770\" src=\"https:\/\/www.dehner.de\/jobs\/app\/uploads\/sites\/7\/2026\/04\/EINEGR1.png\" class=\"mobile-image img-fluid mb-3 d-md-none\" alt=\"Eine Gruppe Jugendlicher in Dehner-Arbeitskleidung in einem Markt\" srcset=\"https:\/\/www.dehner.de\/jobs\/app\/uploads\/sites\/7\/2026\/04\/EINEGR1.png 570w, https:\/\/www.dehner.de\/jobs\/app\/uploads\/sites\/7\/2026\/04\/EINEGR1-222x300.png 222w, https:\/\/www.dehner.de\/jobs\/app\/uploads\/sites\/7\/2026\/04\/EINEGR1-111x150.png 111w\" sizes=\"auto, (max-width: 570px) 100vw, 570px\" \/>                        <h3 class=\"font-h4 toggler toggler-down-md\">Mit Teamgeist zum Erfolg<\/h3>        <\/a>\n        <div class=\"collapse text show\" id=\"block_056aee52e91fdfd60f199ad096bc65c6\" data-parent=\"main\">\n            <p>Die drei Projekttage bei der Neuer\u00f6ffnung waren gepr\u00e4gt von einem hohen Besucheraufkommen, vielf\u00e4ltigen Aufgaben und einer durchgehend positiven Stimmung. Jede*r Einzelne hatte die M\u00f6glichkeit, eigene St\u00e4rken einzubringen, wodurch ein starker Teamzusammenhalt entstand und wir uns gegenseitig unterst\u00fctzten und motivierten. Sowohl die Neuer\u00f6ffnung eines Marktes als auch die Beteiligung an solch einem Projekt stellten f\u00fcr die Lehrlinge und mich ein v\u00f6llig neues Aufgaben- und Verantwortungsgebiet dar. Umso mehr freut es uns alle, dass wir diese Herausforderung erfolgreich gemeistert haben. Durch klare Absprachen, Eigenverantwortung und eine enge Zusammenarbeit ist es uns gelungen, jederzeit den \u00dcberblick zu behalten und unser Ziel umzusetzen. Besonders stolz macht uns die positive Resonanz: Sowohl das Feedback unserer Kund*innen als auch das unserer Kolleg*innen und Vorgesetzten zeigte deutlich, dass sich unser Einsatz gelohnt hat und wir unsere Aufgaben mit viel Engagement umgesetzt haben. F\u00fcr uns alle war dieses Projekt eine wertvolle und pr\u00e4gende Erfahrung. Die M\u00f6glichkeit, eigenst\u00e4ndig Verantwortung zu \u00fcbernehmen und aktiv zum Erfolg eines solchen Projekts beizutragen, hat uns sowohl fachlich als auch pers\u00f6nlich weitergebracht und gezeigt, was wir gemeinsam erreichen k\u00f6nnen.<\/p>\n<p>Du m\u00f6chtest auch Teil solcher Projekte sein und fr\u00fch Verantwortung \u00fcbernehmen? <a href=\"https:\/\/www.dehner.de\/jobs\/ausbildung-und-duales-studium\">Dann starte deine Ausbildung oder Lehre bei Dehner und bewirb dich jetzt!<\/a><\/p>\n                    <\/div>                <\/div>\n            \n        <\/div>\n    <\/div>\n<\/section>\n","protected":false},"excerpt":{"rendered":"","protected":false},"featured_media":38597,"parent":0,"template":"","blog_category":[454,473],"class_list":["post-38586","blog","type-blog","status-publish","has-post-thumbnail","hentry","blog_category-ausbildung","blog_category-zusammenhalt"],"acf":[],"yoast_head":"<!-- This site is optimized with the Yoast SEO plugin v24.5 - https:\/\/yoast.com\/wordpress\/plugins\/seo\/ -->\n<title>Gemeinsam stark: Lehrlingsprojekt zur Markter\u00f6ffnung<\/title>\n<meta name=\"description\" content=\"Lehrlingsprojekt zur Neuer\u00f6ffnung \u2713 Kundenaktionen &amp; Teamwork \u2713 Verantwortung \u00fcbernehmen \u2713 Erfahrungen sammeln \u27a4Jetzt entdecken!\" \/>\n<meta name=\"robots\" content=\"index, follow, max-snippet:-1, max-image-preview:large, max-video-preview:-1\" \/>\n<link rel=\"canonical\" href=\"https:\/\/www.dehner.de\/jobs\/blogbeitrag\/gemeinsam-stark-lehrlingsprojekt-zur-markteroeffnung\/\" \/>\n<meta property=\"og:locale\" content=\"de_DE\" \/>\n<meta property=\"og:type\" content=\"article\" \/>\n<meta property=\"og:title\" content=\"Gemeinsam stark: Lehrlingsprojekt zur Markter\u00f6ffnung\" \/>\n<meta property=\"og:description\" content=\"Lehrlingsprojekt zur Neuer\u00f6ffnung \u2713 Kundenaktionen &amp; Teamwork \u2713 Verantwortung \u00fcbernehmen \u2713 Erfahrungen sammeln \u27a4Jetzt entdecken!\" \/>\n<meta property=\"og:url\" content=\"https:\/\/www.dehner.de\/jobs\/blogbeitrag\/gemeinsam-stark-lehrlingsprojekt-zur-markteroeffnung\/\" \/>\n<meta property=\"og:site_name\" content=\"Karriere bei Dehner\" \/>\n<meta property=\"og:image\" content=\"https:\/\/www.dehner.de\/jobs\/app\/uploads\/sites\/7\/2026\/04\/BLTTER1.png\" \/>\n\t<meta property=\"og:image:width\" content=\"1920\" \/>\n\t<meta property=\"og:image:height\" content=\"500\" \/>\n\t<meta property=\"og:image:type\" content=\"image\/png\" \/>\n<meta name=\"twitter:card\" content=\"summary_large_image\" \/>\n<meta name=\"twitter:label1\" content=\"Est. reading time\" \/>\n\t<meta name=\"twitter:data1\" content=\"5 Minuten\" \/>\n<script type=\"application\/ld+json\" class=\"yoast-schema-graph\">{\"@context\":\"https:\/\/schema.org\",\"@graph\":[{\"@type\":\"WebPage\",\"@id\":\"https:\/\/www.dehner.de\/jobs\/blogbeitrag\/gemeinsam-stark-lehrlingsprojekt-zur-markteroeffnung\/\",\"url\":\"https:\/\/www.dehner.de\/jobs\/blogbeitrag\/gemeinsam-stark-lehrlingsprojekt-zur-markteroeffnung\/\",\"name\":\"Gemeinsam stark: Lehrlingsprojekt zur Markter\u00f6ffnung\",\"isPartOf\":{\"@id\":\"https:\/\/www.dehner.de\/jobs\/#website\"},\"primaryImageOfPage\":{\"@id\":\"https:\/\/www.dehner.de\/jobs\/blogbeitrag\/gemeinsam-stark-lehrlingsprojekt-zur-markteroeffnung\/#primaryimage\"},\"image\":{\"@id\":\"https:\/\/www.dehner.de\/jobs\/blogbeitrag\/gemeinsam-stark-lehrlingsprojekt-zur-markteroeffnung\/#primaryimage\"},\"thumbnailUrl\":\"https:\/\/www.dehner.de\/jobs\/app\/uploads\/sites\/7\/2026\/04\/BLTTER1.png\",\"datePublished\":\"2026-04-15T06:00:00+00:00\",\"description\":\"Lehrlingsprojekt zur Neuer\u00f6ffnung \u2713 Kundenaktionen & Teamwork \u2713 Verantwortung \u00fcbernehmen \u2713 Erfahrungen sammeln \u27a4Jetzt entdecken!\",\"breadcrumb\":{\"@id\":\"https:\/\/www.dehner.de\/jobs\/blogbeitrag\/gemeinsam-stark-lehrlingsprojekt-zur-markteroeffnung\/#breadcrumb\"},\"inLanguage\":\"de-DE\",\"potentialAction\":[{\"@type\":\"ReadAction\",\"target\":[\"https:\/\/www.dehner.de\/jobs\/blogbeitrag\/gemeinsam-stark-lehrlingsprojekt-zur-markteroeffnung\/\"]}]},{\"@type\":\"ImageObject\",\"inLanguage\":\"de-DE\",\"@id\":\"https:\/\/www.dehner.de\/jobs\/blogbeitrag\/gemeinsam-stark-lehrlingsprojekt-zur-markteroeffnung\/#primaryimage\",\"url\":\"https:\/\/www.dehner.de\/jobs\/app\/uploads\/sites\/7\/2026\/04\/BLTTER1.png\",\"contentUrl\":\"https:\/\/www.dehner.de\/jobs\/app\/uploads\/sites\/7\/2026\/04\/BLTTER1.png\",\"width\":1920,\"height\":500,\"caption\":\"Bl\u00e4tter auf einer Pinwand mit dem Schriftzug \\\"Project\\\"\"},{\"@type\":\"BreadcrumbList\",\"@id\":\"https:\/\/www.dehner.de\/jobs\/blogbeitrag\/gemeinsam-stark-lehrlingsprojekt-zur-markteroeffnung\/#breadcrumb\",\"itemListElement\":[{\"@type\":\"ListItem\",\"position\":1,\"name\":\"Home\",\"item\":\"https:\/\/www.dehner.de\/jobs\/\"},{\"@type\":\"ListItem\",\"position\":2,\"name\":\"Gemeinsam stark: Lehrlingsprojekt zur Markter\u00f6ffnung\"}]},{\"@type\":\"WebSite\",\"@id\":\"https:\/\/www.dehner.de\/jobs\/#website\",\"url\":\"https:\/\/www.dehner.de\/jobs\/\",\"name\":\"Karriere bei Dehner\",\"description\":\"Die Storys unserer Personalbotschafter\",\"publisher\":{\"@id\":\"https:\/\/www.dehner.de\/jobs\/#organization\"},\"potentialAction\":[{\"@type\":\"SearchAction\",\"target\":{\"@type\":\"EntryPoint\",\"urlTemplate\":\"https:\/\/www.dehner.de\/jobs\/?s={search_term_string}\"},\"query-input\":{\"@type\":\"PropertyValueSpecification\",\"valueRequired\":true,\"valueName\":\"search_term_string\"}}],\"inLanguage\":\"de-DE\"},{\"@type\":\"Organization\",\"@id\":\"https:\/\/www.dehner.de\/jobs\/#organization\",\"name\":\"Karriere bei Dehner\",\"url\":\"https:\/\/www.dehner.de\/jobs\/\",\"logo\":{\"@type\":\"ImageObject\",\"inLanguage\":\"de-DE\",\"@id\":\"https:\/\/www.dehner.de\/jobs\/#\/schema\/logo\/image\/\",\"url\":\"https:\/\/www.dehner.de\/jobs\/app\/uploads\/sites\/7\/2025\/12\/dehner-garten-center-koenigsbrunn-revitalisierung-neubau-umbau.png\",\"contentUrl\":\"https:\/\/www.dehner.de\/jobs\/app\/uploads\/sites\/7\/2025\/12\/dehner-garten-center-koenigsbrunn-revitalisierung-neubau-umbau.png\",\"width\":800,\"height\":1315,\"caption\":\"Karriere bei Dehner\"},\"image\":{\"@id\":\"https:\/\/www.dehner.de\/jobs\/#\/schema\/logo\/image\/\"}}]}<\/script>\n<!-- \/ Yoast SEO plugin. -->","yoast_head_json":{"title":"Gemeinsam stark: Lehrlingsprojekt zur Markter\u00f6ffnung","description":"Lehrlingsprojekt zur Neuer\u00f6ffnung \u2713 Kundenaktionen & Teamwork \u2713 Verantwortung \u00fcbernehmen \u2713 Erfahrungen sammeln \u27a4Jetzt entdecken!","robots":{"index":"index","follow":"follow","max-snippet":"max-snippet:-1","max-image-preview":"max-image-preview:large","max-video-preview":"max-video-preview:-1"},"canonical":"https:\/\/www.dehner.de\/jobs\/blogbeitrag\/gemeinsam-stark-lehrlingsprojekt-zur-markteroeffnung\/","og_locale":"de_DE","og_type":"article","og_title":"Gemeinsam stark: Lehrlingsprojekt zur Markter\u00f6ffnung","og_description":"Lehrlingsprojekt zur Neuer\u00f6ffnung \u2713 Kundenaktionen & Teamwork \u2713 Verantwortung \u00fcbernehmen \u2713 Erfahrungen sammeln \u27a4Jetzt entdecken!","og_url":"https:\/\/www.dehner.de\/jobs\/blogbeitrag\/gemeinsam-stark-lehrlingsprojekt-zur-markteroeffnung\/","og_site_name":"Karriere bei Dehner","og_image":[{"width":1920,"height":500,"url":"https:\/\/www.dehner.de\/jobs\/app\/uploads\/sites\/7\/2026\/04\/BLTTER1.png","type":"image\/png"}],"twitter_card":"summary_large_image","twitter_misc":{"Est. reading time":"5 Minuten"},"schema":{"@context":"https:\/\/schema.org","@graph":[{"@type":"WebPage","@id":"https:\/\/www.dehner.de\/jobs\/blogbeitrag\/gemeinsam-stark-lehrlingsprojekt-zur-markteroeffnung\/","url":"https:\/\/www.dehner.de\/jobs\/blogbeitrag\/gemeinsam-stark-lehrlingsprojekt-zur-markteroeffnung\/","name":"Gemeinsam stark: Lehrlingsprojekt zur Markter\u00f6ffnung","isPartOf":{"@id":"https:\/\/www.dehner.de\/jobs\/#website"},"primaryImageOfPage":{"@id":"https:\/\/www.dehner.de\/jobs\/blogbeitrag\/gemeinsam-stark-lehrlingsprojekt-zur-markteroeffnung\/#primaryimage"},"image":{"@id":"https:\/\/www.dehner.de\/jobs\/blogbeitrag\/gemeinsam-stark-lehrlingsprojekt-zur-markteroeffnung\/#primaryimage"},"thumbnailUrl":"https:\/\/www.dehner.de\/jobs\/app\/uploads\/sites\/7\/2026\/04\/BLTTER1.png","datePublished":"2026-04-15T06:00:00+00:00","description":"Lehrlingsprojekt zur Neuer\u00f6ffnung \u2713 Kundenaktionen & Teamwork \u2713 Verantwortung \u00fcbernehmen \u2713 Erfahrungen sammeln \u27a4Jetzt entdecken!","breadcrumb":{"@id":"https:\/\/www.dehner.de\/jobs\/blogbeitrag\/gemeinsam-stark-lehrlingsprojekt-zur-markteroeffnung\/#breadcrumb"},"inLanguage":"de-DE","potentialAction":[{"@type":"ReadAction","target":["https:\/\/www.dehner.de\/jobs\/blogbeitrag\/gemeinsam-stark-lehrlingsprojekt-zur-markteroeffnung\/"]}]},{"@type":"ImageObject","inLanguage":"de-DE","@id":"https:\/\/www.dehner.de\/jobs\/blogbeitrag\/gemeinsam-stark-lehrlingsprojekt-zur-markteroeffnung\/#primaryimage","url":"https:\/\/www.dehner.de\/jobs\/app\/uploads\/sites\/7\/2026\/04\/BLTTER1.png","contentUrl":"https:\/\/www.dehner.de\/jobs\/app\/uploads\/sites\/7\/2026\/04\/BLTTER1.png","width":1920,"height":500,"caption":"Bl\u00e4tter auf einer Pinwand mit dem Schriftzug \"Project\""},{"@type":"BreadcrumbList","@id":"https:\/\/www.dehner.de\/jobs\/blogbeitrag\/gemeinsam-stark-lehrlingsprojekt-zur-markteroeffnung\/#breadcrumb","itemListElement":[{"@type":"ListItem","position":1,"name":"Home","item":"https:\/\/www.dehner.de\/jobs\/"},{"@type":"ListItem","position":2,"name":"Gemeinsam stark: Lehrlingsprojekt zur Markter\u00f6ffnung"}]},{"@type":"WebSite","@id":"https:\/\/www.dehner.de\/jobs\/#website","url":"https:\/\/www.dehner.de\/jobs\/","name":"Karriere bei Dehner","description":"Die Storys unserer Personalbotschafter","publisher":{"@id":"https:\/\/www.dehner.de\/jobs\/#organization"},"potentialAction":[{"@type":"SearchAction","target":{"@type":"EntryPoint","urlTemplate":"https:\/\/www.dehner.de\/jobs\/?s={search_term_string}"},"query-input":{"@type":"PropertyValueSpecification","valueRequired":true,"valueName":"search_term_string"}}],"inLanguage":"de-DE"},{"@type":"Organization","@id":"https:\/\/www.dehner.de\/jobs\/#organization","name":"Karriere bei Dehner","url":"https:\/\/www.dehner.de\/jobs\/","logo":{"@type":"ImageObject","inLanguage":"de-DE","@id":"https:\/\/www.dehner.de\/jobs\/#\/schema\/logo\/image\/","url":"https:\/\/www.dehner.de\/jobs\/app\/uploads\/sites\/7\/2025\/12\/dehner-garten-center-koenigsbrunn-revitalisierung-neubau-umbau.png","contentUrl":"https:\/\/www.dehner.de\/jobs\/app\/uploads\/sites\/7\/2025\/12\/dehner-garten-center-koenigsbrunn-revitalisierung-neubau-umbau.png","width":800,"height":1315,"caption":"Karriere bei Dehner"},"image":{"@id":"https:\/\/www.dehner.de\/jobs\/#\/schema\/logo\/image\/"}}]}},"_links":{"self":[{"href":"https:\/\/www.dehner.de\/jobs\/wp-json\/wp\/v2\/blog\/38586","targetHints":{"allow":["GET"]}}],"collection":[{"href":"https:\/\/www.dehner.de\/jobs\/wp-json\/wp\/v2\/blog"}],"about":[{"href":"https:\/\/www.dehner.de\/jobs\/wp-json\/wp\/v2\/types\/blog"}],"version-history":[{"count":4,"href":"https:\/\/www.dehner.de\/jobs\/wp-json\/wp\/v2\/blog\/38586\/revisions"}],"predecessor-version":[{"id":38600,"href":"https:\/\/www.dehner.de\/jobs\/wp-json\/wp\/v2\/blog\/38586\/revisions\/38600"}],"wp:featuredmedia":[{"embeddable":true,"href":"https:\/\/www.dehner.de\/jobs\/wp-json\/wp\/v2\/media\/38597"}],"wp:attachment":[{"href":"https:\/\/www.dehner.de\/jobs\/wp-json\/wp\/v2\/media?parent=38586"}],"wp:term":[{"taxonomy":"blog_category","embeddable":true,"href":"https:\/\/www.dehner.de\/jobs\/wp-json\/wp\/v2\/blog_category?post=38586"}],"curies":[{"name":"wp","href":"https:\/\/api.w.org\/{rel}","templated":true}]}}