{"id":37207,"date":"2025-11-25T08:00:00","date_gmt":"2025-11-25T07:00:00","guid":{"rendered":"https:\/\/www.dehner.de\/jobs\/?post_type=blog&#038;p=37207"},"modified":"2025-11-25T10:56:19","modified_gmt":"2025-11-25T09:56:19","slug":"dehner-vertriebsorganisation-einblicke-ins-team","status":"publish","type":"blog","link":"https:\/\/www.dehner.de\/jobs\/blogbeitrag\/dehner-vertriebsorganisation-einblicke-ins-team\/","title":{"rendered":"Dehner Vertriebsorganisation: Einblicke ins Team"},"content":{"rendered":"<section class=\"block-img-txt img-50-text-50 pb-4\">\n    <div class=\"container\">\n        <div class=\"row\">\n                            <div class=\"col-md-6 pb-4 d-none d-md-block image\">\n                                    <\/div>\n                <div class=\"col-md-6 df fc jcc body\">\n                                                        <div class=\"text\">\n                    <\/div>\n                                <\/div>\n            \n        <\/div>\n    <\/div>\n<\/section>\n\n\n<section class=\"block-img-txt text-50-img-50 pb-4\">\n    <div class=\"container\">\n        <div class=\"row\">\n                            <div class=\"col-md-6 pb-4 d-none d-md-block image\">\n                    <img loading=\"lazy\" decoding=\"async\" width=\"570\" height=\"400\" src=\"https:\/\/www.dehner.de\/jobs\/app\/uploads\/sites\/7\/2025\/11\/Ein-Mann-in-einem-blauen-Sakko-steht-vor-einer-Firmenzentrale.png\" class=\"img-cover\" alt=\"Ein Mann in einem blauen Sakko steht vor einer Firmenzentrale\" srcset=\"https:\/\/www.dehner.de\/jobs\/app\/uploads\/sites\/7\/2025\/11\/Ein-Mann-in-einem-blauen-Sakko-steht-vor-einer-Firmenzentrale.png 570w, https:\/\/www.dehner.de\/jobs\/app\/uploads\/sites\/7\/2025\/11\/Ein-Mann-in-einem-blauen-Sakko-steht-vor-einer-Firmenzentrale-300x211.png 300w, https:\/\/www.dehner.de\/jobs\/app\/uploads\/sites\/7\/2025\/11\/Ein-Mann-in-einem-blauen-Sakko-steht-vor-einer-Firmenzentrale-150x105.png 150w\" sizes=\"auto, (max-width: 570px) 100vw, 570px\" \/>                <\/div>\n                <div class=\"col-md-6 df fc jcc body\">\n                            <a href=\"#\" class=\"toggler toggler-down-md toggler-hide\" data-toggle=\"collapse\" data-target=\"#block_d6af29db256a212534626b990e91bfa3\" aria-expanded=\"true\" aria-controls=\"block_d6af29db256a212534626b990e91bfa3\">\n                            <img loading=\"lazy\" decoding=\"async\" width=\"570\" height=\"400\" src=\"https:\/\/www.dehner.de\/jobs\/app\/uploads\/sites\/7\/2025\/11\/Ein-Mann-in-einem-blauen-Sakko-steht-vor-einer-Firmenzentrale.png\" class=\"mobile-image img-fluid mb-3 d-md-none\" alt=\"Ein Mann in einem blauen Sakko steht vor einer Firmenzentrale\" srcset=\"https:\/\/www.dehner.de\/jobs\/app\/uploads\/sites\/7\/2025\/11\/Ein-Mann-in-einem-blauen-Sakko-steht-vor-einer-Firmenzentrale.png 570w, https:\/\/www.dehner.de\/jobs\/app\/uploads\/sites\/7\/2025\/11\/Ein-Mann-in-einem-blauen-Sakko-steht-vor-einer-Firmenzentrale-300x211.png 300w, https:\/\/www.dehner.de\/jobs\/app\/uploads\/sites\/7\/2025\/11\/Ein-Mann-in-einem-blauen-Sakko-steht-vor-einer-Firmenzentrale-150x105.png 150w\" sizes=\"auto, (max-width: 570px) 100vw, 570px\" \/>                        <h3 class=\"font-h4 toggler toggler-down-md\">Das ist Bernhard \u2013 unsere VTO-Leitung<\/h3>        <\/a>\n        <div class=\"collapse text show\" id=\"block_d6af29db256a212534626b990e91bfa3\" data-parent=\"main\">\n            <p>Ich bin Bernhard, Abteilungsleitung Vertriebsprozessmanagement, und nehme Euch heute mit hinter die Kulissen der Vertriebsorganisation. Mein Start war im Mai 2019 als Senior Projektleiter in der VTO und im November 2020 habe ich die Abteilungsleitung \u00fcbernommen.<\/p>\n<p>Neben meiner Leidenschaft f\u00fcr Prozessoptimierungen verbringe ich als begeisterter Bergsportler (Wandern, Klettern, Schneeschuhtouren, usw.) und Familienmensch meine Freizeit in den nahe gelegenen Allg\u00e4uer und \u00f6sterreichischen Bergen.<\/p>\n                    <\/div>                <\/div>\n            \n        <\/div>\n    <\/div>\n<\/section>\n\n\n<section class=\"block-img-txt img-50-text-50 pb-4\">\n    <div class=\"container\">\n        <div class=\"row\">\n                            <div class=\"col-md-6 pb-4 d-none d-md-block image\">\n                    <img loading=\"lazy\" decoding=\"async\" width=\"570\" height=\"560\" src=\"https:\/\/www.dehner.de\/jobs\/app\/uploads\/sites\/7\/2025\/11\/Eine-Gruppe-von-Menschen-sitzt-in-einem-Besprechungsraum.png\" class=\"img-cover\" alt=\"Eine Gruppe von Menschen sitzt in einem Besprechungsraum\" srcset=\"https:\/\/www.dehner.de\/jobs\/app\/uploads\/sites\/7\/2025\/11\/Eine-Gruppe-von-Menschen-sitzt-in-einem-Besprechungsraum.png 570w, https:\/\/www.dehner.de\/jobs\/app\/uploads\/sites\/7\/2025\/11\/Eine-Gruppe-von-Menschen-sitzt-in-einem-Besprechungsraum-300x295.png 300w, https:\/\/www.dehner.de\/jobs\/app\/uploads\/sites\/7\/2025\/11\/Eine-Gruppe-von-Menschen-sitzt-in-einem-Besprechungsraum-150x147.png 150w, https:\/\/www.dehner.de\/jobs\/app\/uploads\/sites\/7\/2025\/11\/Eine-Gruppe-von-Menschen-sitzt-in-einem-Besprechungsraum-75x75.png 75w\" sizes=\"auto, (max-width: 570px) 100vw, 570px\" \/>                <\/div>\n                <div class=\"col-md-6 df fc jcc body\">\n                            <a href=\"#\" class=\"toggler toggler-down-md toggler-hide\" data-toggle=\"collapse\" data-target=\"#block_ea2f4c4df7314a86479267ef5672922b\" aria-expanded=\"true\" aria-controls=\"block_ea2f4c4df7314a86479267ef5672922b\">\n                            <img loading=\"lazy\" decoding=\"async\" width=\"570\" height=\"560\" src=\"https:\/\/www.dehner.de\/jobs\/app\/uploads\/sites\/7\/2025\/11\/Eine-Gruppe-von-Menschen-sitzt-in-einem-Besprechungsraum.png\" class=\"mobile-image img-fluid mb-3 d-md-none\" alt=\"Eine Gruppe von Menschen sitzt in einem Besprechungsraum\" srcset=\"https:\/\/www.dehner.de\/jobs\/app\/uploads\/sites\/7\/2025\/11\/Eine-Gruppe-von-Menschen-sitzt-in-einem-Besprechungsraum.png 570w, https:\/\/www.dehner.de\/jobs\/app\/uploads\/sites\/7\/2025\/11\/Eine-Gruppe-von-Menschen-sitzt-in-einem-Besprechungsraum-300x295.png 300w, https:\/\/www.dehner.de\/jobs\/app\/uploads\/sites\/7\/2025\/11\/Eine-Gruppe-von-Menschen-sitzt-in-einem-Besprechungsraum-150x147.png 150w, https:\/\/www.dehner.de\/jobs\/app\/uploads\/sites\/7\/2025\/11\/Eine-Gruppe-von-Menschen-sitzt-in-einem-Besprechungsraum-75x75.png 75w\" sizes=\"auto, (max-width: 570px) 100vw, 570px\" \/>                        <h3 class=\"font-h4 toggler toggler-down-md\">Wandel gestalten \u2013 im Herzen des Handels<\/h3>        <\/a>\n        <div class=\"collapse text show\" id=\"block_ea2f4c4df7314a86479267ef5672922b\" data-parent=\"main\">\n            <p>\u201eHandel ist Wandel\u201c und wir gestalten ihn aktiv mit. Ver\u00e4nderung ist f\u00fcr uns kein Schlagwort, sondern Alltag. So arbeitet das Team \u201eVertriebsprozesse\u201c zum Beispiel kontinuierlich daran, Abl\u00e4ufe in unseren M\u00e4rkten zu vereinfachen und zu optimieren. Unsere Projekte tragen Namen wie<\/p>\n<ul>\n<li>Prozesse verschlanken und streichen,<\/li>\n<li>Kundenerlebnis Plus,<\/li>\n<li>Gutscheinvermarktung,<\/li>\n<li>Device Strategie oder<\/li>\n<li>Abteilungs\u00fcbergreifendes Arbeiten.<\/li>\n<\/ul>\n<p>Dabei testen wir neue Ans\u00e4tze zuerst in Pilotm\u00e4rkten, um zu sehen, wie sie wirken \u2013 und f\u00fchren sie erst dann fl\u00e4chendeckend ein. So entstehen nachhaltige Ver\u00e4nderungen, die unseren Kolleg*innen im Markt wirklich helfen.<\/p>\n                    <\/div>                <\/div>\n            \n        <\/div>\n    <\/div>\n<\/section>\n\n\n<section class=\"block-img-txt text-50-img-50 pb-4\">\n    <div class=\"container\">\n        <div class=\"row\">\n                            <div class=\"col-md-6 pb-4 d-none d-md-block image\">\n                    <img loading=\"lazy\" decoding=\"async\" width=\"570\" height=\"510\" src=\"https:\/\/www.dehner.de\/jobs\/app\/uploads\/sites\/7\/2025\/11\/Eine-neue-App-wird-vorgestellt.png\" class=\"img-cover\" alt=\"Eine neue App wird vorgestellt\" srcset=\"https:\/\/www.dehner.de\/jobs\/app\/uploads\/sites\/7\/2025\/11\/Eine-neue-App-wird-vorgestellt.png 570w, https:\/\/www.dehner.de\/jobs\/app\/uploads\/sites\/7\/2025\/11\/Eine-neue-App-wird-vorgestellt-300x268.png 300w, https:\/\/www.dehner.de\/jobs\/app\/uploads\/sites\/7\/2025\/11\/Eine-neue-App-wird-vorgestellt-150x134.png 150w\" sizes=\"auto, (max-width: 570px) 100vw, 570px\" \/>                <\/div>\n                <div class=\"col-md-6 df fc jcc body\">\n                            <a href=\"#\" class=\"toggler toggler-down-md toggler-hide\" data-toggle=\"collapse\" data-target=\"#block_64ba67a6a18eab9a1a631fe7a47a0b0f\" aria-expanded=\"true\" aria-controls=\"block_64ba67a6a18eab9a1a631fe7a47a0b0f\">\n                            <img loading=\"lazy\" decoding=\"async\" width=\"570\" height=\"510\" src=\"https:\/\/www.dehner.de\/jobs\/app\/uploads\/sites\/7\/2025\/11\/Eine-neue-App-wird-vorgestellt.png\" class=\"mobile-image img-fluid mb-3 d-md-none\" alt=\"Eine neue App wird vorgestellt\" srcset=\"https:\/\/www.dehner.de\/jobs\/app\/uploads\/sites\/7\/2025\/11\/Eine-neue-App-wird-vorgestellt.png 570w, https:\/\/www.dehner.de\/jobs\/app\/uploads\/sites\/7\/2025\/11\/Eine-neue-App-wird-vorgestellt-300x268.png 300w, https:\/\/www.dehner.de\/jobs\/app\/uploads\/sites\/7\/2025\/11\/Eine-neue-App-wird-vorgestellt-150x134.png 150w\" sizes=\"auto, (max-width: 570px) 100vw, 570px\" \/>                        <h3 class=\"font-h4 toggler toggler-down-md\">Einfacher. Digitaler. Besser.<\/h3>        <\/a>\n        <div class=\"collapse text show\" id=\"block_64ba67a6a18eab9a1a631fe7a47a0b0f\" data-parent=\"main\">\n            <p>Ein gutes Beispiel ist unsere App \u201eMein Markt\u201c. Damit schaffen wir eine neue Form der Kommunikation zwischen dem Dienstleistungszentrum und unseren Garten-Centern.<br \/>\nAnstatt \u00fcber verschiedene Medien und PDFs zu arbeiten, gibt es k\u00fcnftig ein zentrales digitales Tool, \u00fcber das alle Informationen und To Dos direkt auf dem MDE-Ger\u00e4t oder Abteilungs-PC f\u00fcr alle Marktmitarbeitenden abrufbar sind. Das spart Zeit, reduziert die Informationsflut und schafft Transparenz f\u00fcr alle. Der Go-live ist schon im 1. Quartal 2026.<\/p>\n<p>Auch nach der erfolgreichen Einf\u00fchrung von <a href=\"https:\/\/www.dehner.de\/jobs\/blogbeitrag\/erfolgreicher-sap-go-live-bei-dehner\/\">SAP<\/a> im Jahr 2024 bleiben wir im engen Austausch mit der IT, den Fachbereichen und den M\u00e4rkten. Unser \u201eVTO SAP-Team\u201c testet, optimiert und begleitet Prozesse laufend, damit das System unsere M\u00e4rkte bestm\u00f6glich unterst\u00fctzt.<\/p>\n                    <\/div>                <\/div>\n            \n        <\/div>\n    <\/div>\n<\/section>\n\n\n<section class=\"block-img-txt img-50-text-50 pb-4\">\n    <div class=\"container\">\n        <div class=\"row\">\n                            <div class=\"col-md-6 pb-4 d-none d-md-block image\">\n                    <img loading=\"lazy\" decoding=\"async\" width=\"570\" height=\"550\" src=\"https:\/\/www.dehner.de\/jobs\/app\/uploads\/sites\/7\/2025\/11\/Zwei-Frau-schauen-in-einen-Bildschirm.png\" class=\"img-cover\" alt=\"Zwei Frau schauen in einen Bildschirm\" srcset=\"https:\/\/www.dehner.de\/jobs\/app\/uploads\/sites\/7\/2025\/11\/Zwei-Frau-schauen-in-einen-Bildschirm.png 570w, https:\/\/www.dehner.de\/jobs\/app\/uploads\/sites\/7\/2025\/11\/Zwei-Frau-schauen-in-einen-Bildschirm-300x289.png 300w, https:\/\/www.dehner.de\/jobs\/app\/uploads\/sites\/7\/2025\/11\/Zwei-Frau-schauen-in-einen-Bildschirm-150x145.png 150w\" sizes=\"auto, (max-width: 570px) 100vw, 570px\" \/>                <\/div>\n                <div class=\"col-md-6 df fc jcc body\">\n                            <a href=\"#\" class=\"toggler toggler-down-md toggler-hide\" data-toggle=\"collapse\" data-target=\"#block_2cbd3a5721581940dcf94ccfb3390b96\" aria-expanded=\"true\" aria-controls=\"block_2cbd3a5721581940dcf94ccfb3390b96\">\n                            <img loading=\"lazy\" decoding=\"async\" width=\"570\" height=\"550\" src=\"https:\/\/www.dehner.de\/jobs\/app\/uploads\/sites\/7\/2025\/11\/Zwei-Frau-schauen-in-einen-Bildschirm.png\" class=\"mobile-image img-fluid mb-3 d-md-none\" alt=\"Zwei Frau schauen in einen Bildschirm\" srcset=\"https:\/\/www.dehner.de\/jobs\/app\/uploads\/sites\/7\/2025\/11\/Zwei-Frau-schauen-in-einen-Bildschirm.png 570w, https:\/\/www.dehner.de\/jobs\/app\/uploads\/sites\/7\/2025\/11\/Zwei-Frau-schauen-in-einen-Bildschirm-300x289.png 300w, https:\/\/www.dehner.de\/jobs\/app\/uploads\/sites\/7\/2025\/11\/Zwei-Frau-schauen-in-einen-Bildschirm-150x145.png 150w\" sizes=\"auto, (max-width: 570px) 100vw, 570px\" \/>                        <h3 class=\"font-h4 toggler toggler-down-md\">Vom Prozess zur Praxis \u2013 f\u00fcr unsere Teams im Markt<\/h3>        <\/a>\n        <div class=\"collapse text show\" id=\"block_2cbd3a5721581940dcf94ccfb3390b96\" data-parent=\"main\">\n            <p>Nat\u00fcrlich geht es bei uns nicht nur um Systeme, sondern vor allem um Menschen.<br \/>\nEin Projekt, das uns besonders am Herzen liegt, ist unser Trainingsprogramm \u201eAktives Verkaufen\u201c. Hier wurden in den vergangenen Jahren unsere Kolleg*innen in den bestehenden M\u00e4rkten optimal auf Verkaufsgespr\u00e4che vorbereitet. Die Teams in unseren Neuer\u00f6ffnungen werden zum Start von den professionellen Trainern unterst\u00fctzt. Denn im Mittelpunkt stehen immer unsere Kund*innen.<\/p>\n<p>Und auch unser Team \u201eVerkaufsf\u00f6rderung\u201c steht den M\u00e4rkten mit Rat und Tat zur Seite. Gemeinsam mit den Warenteams und dem Marketing entwickelt es Aktionen, die f\u00fcr unsere Kundschaft ein echtes Erlebnis schaffen. Gleichzeitig stellen sie sicher, dass Prozesse rund um den elektronischen Katalog reibungslos laufen und unsere M\u00e4rkte bestm\u00f6glich unterst\u00fctzt werden.<\/p>\n                    <\/div>                <\/div>\n            \n        <\/div>\n    <\/div>\n<\/section>\n\n\n<section class=\"block-img-txt text-50-img-50 pb-4\">\n    <div class=\"container\">\n        <div class=\"row\">\n                            <div class=\"col-md-6 pb-4 d-none d-md-block image\">\n                    <img loading=\"lazy\" decoding=\"async\" width=\"570\" height=\"300\" src=\"https:\/\/www.dehner.de\/jobs\/app\/uploads\/sites\/7\/2025\/11\/Zwei-Frauen-im-Buero-sitzen-zusammen-an-einem-Bildschirm.png\" class=\"img-cover\" alt=\"Zwei Frauen im B\u00fcro sitzen zusammen an einem Bildschirm\" srcset=\"https:\/\/www.dehner.de\/jobs\/app\/uploads\/sites\/7\/2025\/11\/Zwei-Frauen-im-Buero-sitzen-zusammen-an-einem-Bildschirm.png 570w, https:\/\/www.dehner.de\/jobs\/app\/uploads\/sites\/7\/2025\/11\/Zwei-Frauen-im-Buero-sitzen-zusammen-an-einem-Bildschirm-300x158.png 300w, https:\/\/www.dehner.de\/jobs\/app\/uploads\/sites\/7\/2025\/11\/Zwei-Frauen-im-Buero-sitzen-zusammen-an-einem-Bildschirm-150x79.png 150w\" sizes=\"auto, (max-width: 570px) 100vw, 570px\" \/>                <\/div>\n                <div class=\"col-md-6 df fc jcc body\">\n                            <a href=\"#\" class=\"toggler toggler-down-md toggler-hide\" data-toggle=\"collapse\" data-target=\"#block_d2e7e1aae5180b35138722735ba0b1c2\" aria-expanded=\"true\" aria-controls=\"block_d2e7e1aae5180b35138722735ba0b1c2\">\n                            <img loading=\"lazy\" decoding=\"async\" width=\"570\" height=\"300\" src=\"https:\/\/www.dehner.de\/jobs\/app\/uploads\/sites\/7\/2025\/11\/Zwei-Frauen-im-Buero-sitzen-zusammen-an-einem-Bildschirm.png\" class=\"mobile-image img-fluid mb-3 d-md-none\" alt=\"Zwei Frauen im B\u00fcro sitzen zusammen an einem Bildschirm\" srcset=\"https:\/\/www.dehner.de\/jobs\/app\/uploads\/sites\/7\/2025\/11\/Zwei-Frauen-im-Buero-sitzen-zusammen-an-einem-Bildschirm.png 570w, https:\/\/www.dehner.de\/jobs\/app\/uploads\/sites\/7\/2025\/11\/Zwei-Frauen-im-Buero-sitzen-zusammen-an-einem-Bildschirm-300x158.png 300w, https:\/\/www.dehner.de\/jobs\/app\/uploads\/sites\/7\/2025\/11\/Zwei-Frauen-im-Buero-sitzen-zusammen-an-einem-Bildschirm-150x79.png 150w\" sizes=\"auto, (max-width: 570px) 100vw, 570px\" \/>                        <h3 class=\"font-h4 toggler toggler-down-md\">Nah dran am Marktalltag<\/h3>        <\/a>\n        <div class=\"collapse text show\" id=\"block_d2e7e1aae5180b35138722735ba0b1c2\" data-parent=\"main\">\n            <p>Unsere Teams der \u201eMarktadministration Deutschland &amp; \u00d6sterreich\u201c sind jeden Tag eng mit den Marktleitungen und Regionalvertriebsleitungen im Austausch. Sie koordinieren, organisieren und sorgen daf\u00fcr, dass alles rund l\u00e4uft.<\/p>\n                    <\/div>                <\/div>\n            \n        <\/div>\n    <\/div>\n<\/section>\n\n\n<section class=\"block-img-txt img-50-text-50 pb-4\">\n    <div class=\"container\">\n        <div class=\"row\">\n                            <div class=\"col-md-6 pb-4 d-none d-md-block image\">\n                    <img loading=\"lazy\" decoding=\"async\" width=\"570\" height=\"360\" src=\"https:\/\/www.dehner.de\/jobs\/app\/uploads\/sites\/7\/2025\/11\/Drei-Maenner-im-Buero-schauen-auf-den-Bildschirme-einer-Kollegin.png\" class=\"img-cover\" alt=\"Drei M\u00e4nner im B\u00fcro schauen auf den Bildschirme einer Kollegin\" srcset=\"https:\/\/www.dehner.de\/jobs\/app\/uploads\/sites\/7\/2025\/11\/Drei-Maenner-im-Buero-schauen-auf-den-Bildschirme-einer-Kollegin.png 570w, https:\/\/www.dehner.de\/jobs\/app\/uploads\/sites\/7\/2025\/11\/Drei-Maenner-im-Buero-schauen-auf-den-Bildschirme-einer-Kollegin-300x189.png 300w, https:\/\/www.dehner.de\/jobs\/app\/uploads\/sites\/7\/2025\/11\/Drei-Maenner-im-Buero-schauen-auf-den-Bildschirme-einer-Kollegin-150x95.png 150w\" sizes=\"auto, (max-width: 570px) 100vw, 570px\" \/>                <\/div>\n                <div class=\"col-md-6 df fc jcc body\">\n                            <a href=\"#\" class=\"toggler toggler-down-md toggler-hide\" data-toggle=\"collapse\" data-target=\"#block_f06a8ae785b6911782143715f14e0dcf\" aria-expanded=\"true\" aria-controls=\"block_f06a8ae785b6911782143715f14e0dcf\">\n                            <img loading=\"lazy\" decoding=\"async\" width=\"570\" height=\"360\" src=\"https:\/\/www.dehner.de\/jobs\/app\/uploads\/sites\/7\/2025\/11\/Drei-Maenner-im-Buero-schauen-auf-den-Bildschirme-einer-Kollegin.png\" class=\"mobile-image img-fluid mb-3 d-md-none\" alt=\"Drei M\u00e4nner im B\u00fcro schauen auf den Bildschirme einer Kollegin\" srcset=\"https:\/\/www.dehner.de\/jobs\/app\/uploads\/sites\/7\/2025\/11\/Drei-Maenner-im-Buero-schauen-auf-den-Bildschirme-einer-Kollegin.png 570w, https:\/\/www.dehner.de\/jobs\/app\/uploads\/sites\/7\/2025\/11\/Drei-Maenner-im-Buero-schauen-auf-den-Bildschirme-einer-Kollegin-300x189.png 300w, https:\/\/www.dehner.de\/jobs\/app\/uploads\/sites\/7\/2025\/11\/Drei-Maenner-im-Buero-schauen-auf-den-Bildschirme-einer-Kollegin-150x95.png 150w\" sizes=\"auto, (max-width: 570px) 100vw, 570px\" \/>                        <h3 class=\"font-h4 toggler toggler-down-md\">Was uns antreibt<\/h3>        <\/a>\n        <div class=\"collapse text show\" id=\"block_f06a8ae785b6911782143715f14e0dcf\" data-parent=\"main\">\n            <p>Unsere St\u00e4rke liegt in der Verbindung von Menschen, Prozessen und Ideen. Wir denken in Abl\u00e4ufen, aber immer auch an die Menschen, die dahinterstehen \u2013 unsere Kolleg*innen in den M\u00e4rkten und unsere Kund*innen. Mit Teamgeist, Innovationsfreude und einem klaren Blick auf effiziente Abl\u00e4ufe arbeiten wir daran, den Handel von morgen effizienter, digitaler und kundenfreundlich zu gestalten \u2013 f\u00fcr ein Dehner, das w\u00e4chst und unsere Kund*innen begeistert.<\/p>\n                    <\/div>                <\/div>\n            \n        <\/div>\n    <\/div>\n<\/section>\n","protected":false},"excerpt":{"rendered":"","protected":false},"featured_media":37212,"parent":0,"template":"","blog_category":[456],"class_list":["post-37207","blog","type-blog","status-publish","has-post-thumbnail","hentry","blog_category-arbeitswelt"],"acf":[],"yoast_head":"<!-- This site is optimized with the Yoast SEO plugin v24.5 - https:\/\/yoast.com\/wordpress\/plugins\/seo\/ -->\n<title>Dehner Vertriebsorganisation: Einblicke ins Team<\/title>\n<meta name=\"description\" content=\"Die Dehner Vertriebsorganisation: Digitalisierung \u2713 Prozessmanagement \u2713 Verkaufsf\u00f6rderung \u2713 Kundenn\u00e4he \u2713 \u27a4 Jetzt lesen!\" \/>\n<meta name=\"robots\" content=\"index, follow, max-snippet:-1, max-image-preview:large, max-video-preview:-1\" \/>\n<link rel=\"canonical\" href=\"https:\/\/www.dehner.de\/jobs\/blogbeitrag\/dehner-vertriebsorganisation-einblicke-ins-team\/\" \/>\n<meta property=\"og:locale\" content=\"de_DE\" \/>\n<meta property=\"og:type\" content=\"article\" \/>\n<meta property=\"og:title\" content=\"Dehner Vertriebsorganisation: Einblicke ins Team\" \/>\n<meta property=\"og:description\" content=\"Die Dehner Vertriebsorganisation: Digitalisierung \u2713 Prozessmanagement \u2713 Verkaufsf\u00f6rderung \u2713 Kundenn\u00e4he \u2713 \u27a4 Jetzt lesen!\" \/>\n<meta property=\"og:url\" content=\"https:\/\/www.dehner.de\/jobs\/blogbeitrag\/dehner-vertriebsorganisation-einblicke-ins-team\/\" \/>\n<meta property=\"og:site_name\" content=\"Karriere bei Dehner\" \/>\n<meta property=\"article:modified_time\" content=\"2025-11-25T09:56:19+00:00\" \/>\n<meta property=\"og:image\" content=\"https:\/\/www.dehner.de\/jobs\/app\/uploads\/sites\/7\/2025\/11\/Eine-Hand-setzt-verschiedene-Zahnraeder-aneinander-.png\" \/>\n\t<meta property=\"og:image:width\" content=\"1920\" \/>\n\t<meta property=\"og:image:height\" content=\"500\" \/>\n\t<meta property=\"og:image:type\" content=\"image\/png\" \/>\n<meta name=\"twitter:card\" content=\"summary_large_image\" \/>\n<meta name=\"twitter:label1\" content=\"Est. reading time\" \/>\n\t<meta name=\"twitter:data1\" content=\"5 Minuten\" \/>\n<script type=\"application\/ld+json\" class=\"yoast-schema-graph\">{\"@context\":\"https:\/\/schema.org\",\"@graph\":[{\"@type\":\"WebPage\",\"@id\":\"https:\/\/www.dehner.de\/jobs\/blogbeitrag\/dehner-vertriebsorganisation-einblicke-ins-team\/\",\"url\":\"https:\/\/www.dehner.de\/jobs\/blogbeitrag\/dehner-vertriebsorganisation-einblicke-ins-team\/\",\"name\":\"Dehner Vertriebsorganisation: Einblicke ins Team\",\"isPartOf\":{\"@id\":\"https:\/\/www.dehner.de\/jobs\/#website\"},\"primaryImageOfPage\":{\"@id\":\"https:\/\/www.dehner.de\/jobs\/blogbeitrag\/dehner-vertriebsorganisation-einblicke-ins-team\/#primaryimage\"},\"image\":{\"@id\":\"https:\/\/www.dehner.de\/jobs\/blogbeitrag\/dehner-vertriebsorganisation-einblicke-ins-team\/#primaryimage\"},\"thumbnailUrl\":\"https:\/\/www.dehner.de\/jobs\/app\/uploads\/sites\/7\/2025\/11\/Eine-Hand-setzt-verschiedene-Zahnraeder-aneinander-.png\",\"datePublished\":\"2025-11-25T07:00:00+00:00\",\"dateModified\":\"2025-11-25T09:56:19+00:00\",\"description\":\"Die Dehner Vertriebsorganisation: Digitalisierung \u2713 Prozessmanagement \u2713 Verkaufsf\u00f6rderung \u2713 Kundenn\u00e4he \u2713 \u27a4 Jetzt lesen!\",\"breadcrumb\":{\"@id\":\"https:\/\/www.dehner.de\/jobs\/blogbeitrag\/dehner-vertriebsorganisation-einblicke-ins-team\/#breadcrumb\"},\"inLanguage\":\"de-DE\",\"potentialAction\":[{\"@type\":\"ReadAction\",\"target\":[\"https:\/\/www.dehner.de\/jobs\/blogbeitrag\/dehner-vertriebsorganisation-einblicke-ins-team\/\"]}]},{\"@type\":\"ImageObject\",\"inLanguage\":\"de-DE\",\"@id\":\"https:\/\/www.dehner.de\/jobs\/blogbeitrag\/dehner-vertriebsorganisation-einblicke-ins-team\/#primaryimage\",\"url\":\"https:\/\/www.dehner.de\/jobs\/app\/uploads\/sites\/7\/2025\/11\/Eine-Hand-setzt-verschiedene-Zahnraeder-aneinander-.png\",\"contentUrl\":\"https:\/\/www.dehner.de\/jobs\/app\/uploads\/sites\/7\/2025\/11\/Eine-Hand-setzt-verschiedene-Zahnraeder-aneinander-.png\",\"width\":1920,\"height\":500,\"caption\":\"Eine Hand setzt verschiedene Zahnr\u00e4der aneinander\"},{\"@type\":\"BreadcrumbList\",\"@id\":\"https:\/\/www.dehner.de\/jobs\/blogbeitrag\/dehner-vertriebsorganisation-einblicke-ins-team\/#breadcrumb\",\"itemListElement\":[{\"@type\":\"ListItem\",\"position\":1,\"name\":\"Home\",\"item\":\"https:\/\/www.dehner.de\/jobs\/\"},{\"@type\":\"ListItem\",\"position\":2,\"name\":\"Dehner Vertriebsorganisation: Einblicke ins Team\"}]},{\"@type\":\"WebSite\",\"@id\":\"https:\/\/www.dehner.de\/jobs\/#website\",\"url\":\"https:\/\/www.dehner.de\/jobs\/\",\"name\":\"Karriere bei Dehner\",\"description\":\"Die Storys unserer Personalbotschafter\",\"publisher\":{\"@id\":\"https:\/\/www.dehner.de\/jobs\/#organization\"},\"potentialAction\":[{\"@type\":\"SearchAction\",\"target\":{\"@type\":\"EntryPoint\",\"urlTemplate\":\"https:\/\/www.dehner.de\/jobs\/?s={search_term_string}\"},\"query-input\":{\"@type\":\"PropertyValueSpecification\",\"valueRequired\":true,\"valueName\":\"search_term_string\"}}],\"inLanguage\":\"de-DE\"},{\"@type\":\"Organization\",\"@id\":\"https:\/\/www.dehner.de\/jobs\/#organization\",\"name\":\"Karriere bei Dehner\",\"url\":\"https:\/\/www.dehner.de\/jobs\/\",\"logo\":{\"@type\":\"ImageObject\",\"inLanguage\":\"de-DE\",\"@id\":\"https:\/\/www.dehner.de\/jobs\/#\/schema\/logo\/image\/\",\"url\":\"https:\/\/www.dehner.de\/jobs\/app\/uploads\/sites\/7\/2025\/12\/dehner-garten-center-koenigsbrunn-revitalisierung-neubau-umbau.png\",\"contentUrl\":\"https:\/\/www.dehner.de\/jobs\/app\/uploads\/sites\/7\/2025\/12\/dehner-garten-center-koenigsbrunn-revitalisierung-neubau-umbau.png\",\"width\":800,\"height\":1315,\"caption\":\"Karriere bei Dehner\"},\"image\":{\"@id\":\"https:\/\/www.dehner.de\/jobs\/#\/schema\/logo\/image\/\"}}]}<\/script>\n<!-- \/ Yoast SEO plugin. -->","yoast_head_json":{"title":"Dehner Vertriebsorganisation: Einblicke ins Team","description":"Die Dehner Vertriebsorganisation: Digitalisierung \u2713 Prozessmanagement \u2713 Verkaufsf\u00f6rderung \u2713 Kundenn\u00e4he \u2713 \u27a4 Jetzt lesen!","robots":{"index":"index","follow":"follow","max-snippet":"max-snippet:-1","max-image-preview":"max-image-preview:large","max-video-preview":"max-video-preview:-1"},"canonical":"https:\/\/www.dehner.de\/jobs\/blogbeitrag\/dehner-vertriebsorganisation-einblicke-ins-team\/","og_locale":"de_DE","og_type":"article","og_title":"Dehner Vertriebsorganisation: Einblicke ins Team","og_description":"Die Dehner Vertriebsorganisation: Digitalisierung \u2713 Prozessmanagement \u2713 Verkaufsf\u00f6rderung \u2713 Kundenn\u00e4he \u2713 \u27a4 Jetzt lesen!","og_url":"https:\/\/www.dehner.de\/jobs\/blogbeitrag\/dehner-vertriebsorganisation-einblicke-ins-team\/","og_site_name":"Karriere bei Dehner","article_modified_time":"2025-11-25T09:56:19+00:00","og_image":[{"width":1920,"height":500,"url":"https:\/\/www.dehner.de\/jobs\/app\/uploads\/sites\/7\/2025\/11\/Eine-Hand-setzt-verschiedene-Zahnraeder-aneinander-.png","type":"image\/png"}],"twitter_card":"summary_large_image","twitter_misc":{"Est. reading time":"5 Minuten"},"schema":{"@context":"https:\/\/schema.org","@graph":[{"@type":"WebPage","@id":"https:\/\/www.dehner.de\/jobs\/blogbeitrag\/dehner-vertriebsorganisation-einblicke-ins-team\/","url":"https:\/\/www.dehner.de\/jobs\/blogbeitrag\/dehner-vertriebsorganisation-einblicke-ins-team\/","name":"Dehner Vertriebsorganisation: Einblicke ins Team","isPartOf":{"@id":"https:\/\/www.dehner.de\/jobs\/#website"},"primaryImageOfPage":{"@id":"https:\/\/www.dehner.de\/jobs\/blogbeitrag\/dehner-vertriebsorganisation-einblicke-ins-team\/#primaryimage"},"image":{"@id":"https:\/\/www.dehner.de\/jobs\/blogbeitrag\/dehner-vertriebsorganisation-einblicke-ins-team\/#primaryimage"},"thumbnailUrl":"https:\/\/www.dehner.de\/jobs\/app\/uploads\/sites\/7\/2025\/11\/Eine-Hand-setzt-verschiedene-Zahnraeder-aneinander-.png","datePublished":"2025-11-25T07:00:00+00:00","dateModified":"2025-11-25T09:56:19+00:00","description":"Die Dehner Vertriebsorganisation: Digitalisierung \u2713 Prozessmanagement \u2713 Verkaufsf\u00f6rderung \u2713 Kundenn\u00e4he \u2713 \u27a4 Jetzt lesen!","breadcrumb":{"@id":"https:\/\/www.dehner.de\/jobs\/blogbeitrag\/dehner-vertriebsorganisation-einblicke-ins-team\/#breadcrumb"},"inLanguage":"de-DE","potentialAction":[{"@type":"ReadAction","target":["https:\/\/www.dehner.de\/jobs\/blogbeitrag\/dehner-vertriebsorganisation-einblicke-ins-team\/"]}]},{"@type":"ImageObject","inLanguage":"de-DE","@id":"https:\/\/www.dehner.de\/jobs\/blogbeitrag\/dehner-vertriebsorganisation-einblicke-ins-team\/#primaryimage","url":"https:\/\/www.dehner.de\/jobs\/app\/uploads\/sites\/7\/2025\/11\/Eine-Hand-setzt-verschiedene-Zahnraeder-aneinander-.png","contentUrl":"https:\/\/www.dehner.de\/jobs\/app\/uploads\/sites\/7\/2025\/11\/Eine-Hand-setzt-verschiedene-Zahnraeder-aneinander-.png","width":1920,"height":500,"caption":"Eine Hand setzt verschiedene Zahnr\u00e4der aneinander"},{"@type":"BreadcrumbList","@id":"https:\/\/www.dehner.de\/jobs\/blogbeitrag\/dehner-vertriebsorganisation-einblicke-ins-team\/#breadcrumb","itemListElement":[{"@type":"ListItem","position":1,"name":"Home","item":"https:\/\/www.dehner.de\/jobs\/"},{"@type":"ListItem","position":2,"name":"Dehner Vertriebsorganisation: Einblicke ins Team"}]},{"@type":"WebSite","@id":"https:\/\/www.dehner.de\/jobs\/#website","url":"https:\/\/www.dehner.de\/jobs\/","name":"Karriere bei Dehner","description":"Die Storys unserer Personalbotschafter","publisher":{"@id":"https:\/\/www.dehner.de\/jobs\/#organization"},"potentialAction":[{"@type":"SearchAction","target":{"@type":"EntryPoint","urlTemplate":"https:\/\/www.dehner.de\/jobs\/?s={search_term_string}"},"query-input":{"@type":"PropertyValueSpecification","valueRequired":true,"valueName":"search_term_string"}}],"inLanguage":"de-DE"},{"@type":"Organization","@id":"https:\/\/www.dehner.de\/jobs\/#organization","name":"Karriere bei Dehner","url":"https:\/\/www.dehner.de\/jobs\/","logo":{"@type":"ImageObject","inLanguage":"de-DE","@id":"https:\/\/www.dehner.de\/jobs\/#\/schema\/logo\/image\/","url":"https:\/\/www.dehner.de\/jobs\/app\/uploads\/sites\/7\/2025\/12\/dehner-garten-center-koenigsbrunn-revitalisierung-neubau-umbau.png","contentUrl":"https:\/\/www.dehner.de\/jobs\/app\/uploads\/sites\/7\/2025\/12\/dehner-garten-center-koenigsbrunn-revitalisierung-neubau-umbau.png","width":800,"height":1315,"caption":"Karriere bei Dehner"},"image":{"@id":"https:\/\/www.dehner.de\/jobs\/#\/schema\/logo\/image\/"}}]}},"_links":{"self":[{"href":"https:\/\/www.dehner.de\/jobs\/wp-json\/wp\/v2\/blog\/37207","targetHints":{"allow":["GET"]}}],"collection":[{"href":"https:\/\/www.dehner.de\/jobs\/wp-json\/wp\/v2\/blog"}],"about":[{"href":"https:\/\/www.dehner.de\/jobs\/wp-json\/wp\/v2\/types\/blog"}],"version-history":[{"count":12,"href":"https:\/\/www.dehner.de\/jobs\/wp-json\/wp\/v2\/blog\/37207\/revisions"}],"predecessor-version":[{"id":37256,"href":"https:\/\/www.dehner.de\/jobs\/wp-json\/wp\/v2\/blog\/37207\/revisions\/37256"}],"wp:featuredmedia":[{"embeddable":true,"href":"https:\/\/www.dehner.de\/jobs\/wp-json\/wp\/v2\/media\/37212"}],"wp:attachment":[{"href":"https:\/\/www.dehner.de\/jobs\/wp-json\/wp\/v2\/media?parent=37207"}],"wp:term":[{"taxonomy":"blog_category","embeddable":true,"href":"https:\/\/www.dehner.de\/jobs\/wp-json\/wp\/v2\/blog_category?post=37207"}],"curies":[{"name":"wp","href":"https:\/\/api.w.org\/{rel}","templated":true}]}}