{"id":33967,"date":"2025-08-27T08:00:00","date_gmt":"2025-08-27T06:00:00","guid":{"rendered":"https:\/\/www.dehner.de\/jobs\/?post_type=blog&#038;p=33967"},"modified":"2025-08-22T09:32:20","modified_gmt":"2025-08-22T07:32:20","slug":"vielseitig-und-standardisiert-beschaffungsprozesse-neu-gedacht","status":"publish","type":"blog","link":"https:\/\/www.dehner.de\/jobs\/blogbeitrag\/vielseitig-und-standardisiert-beschaffungsprozesse-neu-gedacht\/","title":{"rendered":"Vielseitig und standardisiert: Beschaffungsprozesse neu gedacht"},"content":{"rendered":"<section class=\"block-img-txt img-50-text-50 pb-4\">\n    <div class=\"container\">\n        <div class=\"row\">\n                            <div class=\"col-md-6 pb-4 d-none d-md-block image\">\n                                    <\/div>\n                <div class=\"col-md-6 df fc jcc body\">\n                                                        <div class=\"text\">\n                    <\/div>\n                                <\/div>\n            \n        <\/div>\n    <\/div>\n<\/section>\n\n\n<section class=\"block-img-txt img-50-text-50 pb-4\">\n    <div class=\"container\">\n        <div class=\"row\">\n                            <div class=\"col-md-6 pb-4 d-none d-md-block image\">\n                    <img loading=\"lazy\" decoding=\"async\" width=\"570\" height=\"520\" src=\"https:\/\/www.dehner.de\/jobs\/app\/uploads\/sites\/7\/2025\/08\/sap-beschaffung-geschaeftsprozessmanagement-dehner-einzelhandel.png\" class=\"img-cover\" alt=\"Neue Beschaffungsprozesse bei Dehner\" srcset=\"https:\/\/www.dehner.de\/jobs\/app\/uploads\/sites\/7\/2025\/08\/sap-beschaffung-geschaeftsprozessmanagement-dehner-einzelhandel.png 570w, https:\/\/www.dehner.de\/jobs\/app\/uploads\/sites\/7\/2025\/08\/sap-beschaffung-geschaeftsprozessmanagement-dehner-einzelhandel-300x274.png 300w, https:\/\/www.dehner.de\/jobs\/app\/uploads\/sites\/7\/2025\/08\/sap-beschaffung-geschaeftsprozessmanagement-dehner-einzelhandel-150x137.png 150w\" sizes=\"auto, (max-width: 570px) 100vw, 570px\" \/>                <\/div>\n                <div class=\"col-md-6 df fc jcc body\">\n                            <a href=\"#\" class=\"toggler toggler-down-md toggler-hide\" data-toggle=\"collapse\" data-target=\"#block_04313b7ad2d6e8bb83a034d3f64092e5\" aria-expanded=\"true\" aria-controls=\"block_04313b7ad2d6e8bb83a034d3f64092e5\">\n                            <img loading=\"lazy\" decoding=\"async\" width=\"570\" height=\"520\" src=\"https:\/\/www.dehner.de\/jobs\/app\/uploads\/sites\/7\/2025\/08\/sap-beschaffung-geschaeftsprozessmanagement-dehner-einzelhandel.png\" class=\"mobile-image img-fluid mb-3 d-md-none\" alt=\"Neue Beschaffungsprozesse bei Dehner\" srcset=\"https:\/\/www.dehner.de\/jobs\/app\/uploads\/sites\/7\/2025\/08\/sap-beschaffung-geschaeftsprozessmanagement-dehner-einzelhandel.png 570w, https:\/\/www.dehner.de\/jobs\/app\/uploads\/sites\/7\/2025\/08\/sap-beschaffung-geschaeftsprozessmanagement-dehner-einzelhandel-300x274.png 300w, https:\/\/www.dehner.de\/jobs\/app\/uploads\/sites\/7\/2025\/08\/sap-beschaffung-geschaeftsprozessmanagement-dehner-einzelhandel-150x137.png 150w\" sizes=\"auto, (max-width: 570px) 100vw, 570px\" \/>                        <h3 class=\"font-h4 toggler toggler-down-md\">Ein Spagat zwischen Standard und Vielfalt<\/h3>        <\/a>\n        <div class=\"collapse text show\" id=\"block_04313b7ad2d6e8bb83a034d3f64092e5\" data-parent=\"main\">\n            <p>Die gro\u00dfe Kunst lag darin, Standardprozesse so aufzubauen, dass sie flexibel genug bleiben, um auch kurzfristige Markttrends, saisonale Spitzen oder spezielle Anforderungen abzubilden. Denn, wer Dehner kennt, wei\u00df: Unser Sortiment ist so bunt wie unsere Kundschaft. Von Gartenm\u00f6beln \u00fcber Dekorationsartikel bis hin zu lebenden Tieren. Aber auch frische Ware \u2013 zum Beispiel Beet-, Balkon- und Gem\u00fcsepflanzen \u2013 die es innerhalb von 24 Stunden in unsere M\u00e4rkte auszuliefern gilt, z\u00e4hlt zu unserer Kernkompetenz.<\/p>\n<p>Durch clevere Stammdateneinstellungen und eine Vielzahl an Prozessvarianten k\u00f6nnen wir dynamisch auf unser vielf\u00e4ltiges Sortiment reagieren \u2013 ohne den \u00fcbergeordneten Rahmen zu verlassen. Gemeinsam mit allen beteiligten Abteilungen ist es uns gelungen, diese Vielseitigkeit in ein flexibles, aber einheitliches SAP-System zu \u00fcbersetzen.<\/p>\n                    <\/div>                <\/div>\n            \n        <\/div>\n    <\/div>\n<\/section>\n\n\n<section class=\"block-img-txt text-50-img-50 pb-4\">\n    <div class=\"container\">\n        <div class=\"row\">\n                            <div class=\"col-md-6 pb-4 d-none d-md-block image\">\n                    <img loading=\"lazy\" decoding=\"async\" width=\"1024\" height=\"934\" src=\"https:\/\/www.dehner.de\/jobs\/app\/uploads\/sites\/7\/2025\/08\/business-process-management-p2p-dehner-sap-projektteam-1024x934.jpg\" class=\"img-cover\" alt=\"Business Process Management Team bei Dehner\" srcset=\"https:\/\/www.dehner.de\/jobs\/app\/uploads\/sites\/7\/2025\/08\/business-process-management-p2p-dehner-sap-projektteam-1024x934.jpg 1024w, https:\/\/www.dehner.de\/jobs\/app\/uploads\/sites\/7\/2025\/08\/business-process-management-p2p-dehner-sap-projektteam-300x274.jpg 300w, https:\/\/www.dehner.de\/jobs\/app\/uploads\/sites\/7\/2025\/08\/business-process-management-p2p-dehner-sap-projektteam-150x137.jpg 150w, https:\/\/www.dehner.de\/jobs\/app\/uploads\/sites\/7\/2025\/08\/business-process-management-p2p-dehner-sap-projektteam-768x701.jpg 768w, https:\/\/www.dehner.de\/jobs\/app\/uploads\/sites\/7\/2025\/08\/business-process-management-p2p-dehner-sap-projektteam-1536x1402.jpg 1536w, https:\/\/www.dehner.de\/jobs\/app\/uploads\/sites\/7\/2025\/08\/business-process-management-p2p-dehner-sap-projektteam-1000x912.jpg 1000w, https:\/\/www.dehner.de\/jobs\/app\/uploads\/sites\/7\/2025\/08\/business-process-management-p2p-dehner-sap-projektteam.jpg 1919w\" sizes=\"auto, (max-width: 1024px) 100vw, 1024px\" \/>                <\/div>\n                <div class=\"col-md-6 df fc jcc body\">\n                            <a href=\"#\" class=\"toggler toggler-down-md toggler-hide\" data-toggle=\"collapse\" data-target=\"#block_3200359836f4ec232e377405d2b603d1\" aria-expanded=\"true\" aria-controls=\"block_3200359836f4ec232e377405d2b603d1\">\n                            <img loading=\"lazy\" decoding=\"async\" width=\"1024\" height=\"934\" src=\"https:\/\/www.dehner.de\/jobs\/app\/uploads\/sites\/7\/2025\/08\/business-process-management-p2p-dehner-sap-projektteam-1024x934.jpg\" class=\"mobile-image img-fluid mb-3 d-md-none\" alt=\"Business Process Management Team bei Dehner\" srcset=\"https:\/\/www.dehner.de\/jobs\/app\/uploads\/sites\/7\/2025\/08\/business-process-management-p2p-dehner-sap-projektteam-1024x934.jpg 1024w, https:\/\/www.dehner.de\/jobs\/app\/uploads\/sites\/7\/2025\/08\/business-process-management-p2p-dehner-sap-projektteam-300x274.jpg 300w, https:\/\/www.dehner.de\/jobs\/app\/uploads\/sites\/7\/2025\/08\/business-process-management-p2p-dehner-sap-projektteam-150x137.jpg 150w, https:\/\/www.dehner.de\/jobs\/app\/uploads\/sites\/7\/2025\/08\/business-process-management-p2p-dehner-sap-projektteam-768x701.jpg 768w, https:\/\/www.dehner.de\/jobs\/app\/uploads\/sites\/7\/2025\/08\/business-process-management-p2p-dehner-sap-projektteam-1536x1402.jpg 1536w, https:\/\/www.dehner.de\/jobs\/app\/uploads\/sites\/7\/2025\/08\/business-process-management-p2p-dehner-sap-projektteam-1000x912.jpg 1000w, https:\/\/www.dehner.de\/jobs\/app\/uploads\/sites\/7\/2025\/08\/business-process-management-p2p-dehner-sap-projektteam.jpg 1919w\" sizes=\"auto, (max-width: 1024px) 100vw, 1024px\" \/>                        <h3 class=\"font-h4 toggler toggler-down-md\">Teamarbeit als Schl\u00fcssel<\/h3>        <\/a>\n        <div class=\"collapse text show\" id=\"block_3200359836f4ec232e377405d2b603d1\" data-parent=\"main\">\n            <p>Ein Beschaffungsprozess endet nicht mit einer Bestellung.<br \/>\nEr bedeutet:<\/p>\n<ul>\n<li>Die richtige Ware,<\/li>\n<li>in der richtigen Menge,<\/li>\n<li>in der passenden Qualit\u00e4t,<\/li>\n<li>zur richtigen Zeit,<\/li>\n<li>am richtigen Ort,<\/li>\n<li>zu top Konditionen<\/li>\n<\/ul>\n<p>bereitzustellen.<\/p>\n<p>Damit das gelingt, arbeiten Category Management, Stammdatenmanagement, Logistik, Controlling und viele weitere Schnittstellen Hand in Hand. Dieses Zusammenspiel macht den Prozess rund \u2013 und genau darauf haben wir bei der Einf\u00fchrung von SAP besonderen Wert gelegt.<\/p>\n                    <\/div>                <\/div>\n            \n        <\/div>\n    <\/div>\n<\/section>\n\n\n<section class=\"block-img-txt img-50-text-50 pb-4\">\n    <div class=\"container\">\n        <div class=\"row\">\n                            <div class=\"col-md-6 pb-4 d-none d-md-block image\">\n                    <img loading=\"lazy\" decoding=\"async\" width=\"570\" height=\"450\" src=\"https:\/\/www.dehner.de\/jobs\/app\/uploads\/sites\/7\/2025\/08\/dehner-bestellung-online-shop-beschaffung-sap.png\" class=\"img-cover\" alt=\"Unternehmensweite Einf\u00fchrung von SAP bei Dehner\" srcset=\"https:\/\/www.dehner.de\/jobs\/app\/uploads\/sites\/7\/2025\/08\/dehner-bestellung-online-shop-beschaffung-sap.png 570w, https:\/\/www.dehner.de\/jobs\/app\/uploads\/sites\/7\/2025\/08\/dehner-bestellung-online-shop-beschaffung-sap-300x237.png 300w, https:\/\/www.dehner.de\/jobs\/app\/uploads\/sites\/7\/2025\/08\/dehner-bestellung-online-shop-beschaffung-sap-150x118.png 150w\" sizes=\"auto, (max-width: 570px) 100vw, 570px\" \/>                <\/div>\n                <div class=\"col-md-6 df fc jcc body\">\n                            <a href=\"#\" class=\"toggler toggler-down-md toggler-hide\" data-toggle=\"collapse\" data-target=\"#block_1605b42a6bdb97c1a3f0f0903dfbc752\" aria-expanded=\"true\" aria-controls=\"block_1605b42a6bdb97c1a3f0f0903dfbc752\">\n                            <img loading=\"lazy\" decoding=\"async\" width=\"570\" height=\"450\" src=\"https:\/\/www.dehner.de\/jobs\/app\/uploads\/sites\/7\/2025\/08\/dehner-bestellung-online-shop-beschaffung-sap.png\" class=\"mobile-image img-fluid mb-3 d-md-none\" alt=\"Unternehmensweite Einf\u00fchrung von SAP bei Dehner\" srcset=\"https:\/\/www.dehner.de\/jobs\/app\/uploads\/sites\/7\/2025\/08\/dehner-bestellung-online-shop-beschaffung-sap.png 570w, https:\/\/www.dehner.de\/jobs\/app\/uploads\/sites\/7\/2025\/08\/dehner-bestellung-online-shop-beschaffung-sap-300x237.png 300w, https:\/\/www.dehner.de\/jobs\/app\/uploads\/sites\/7\/2025\/08\/dehner-bestellung-online-shop-beschaffung-sap-150x118.png 150w\" sizes=\"auto, (max-width: 570px) 100vw, 570px\" \/>                        <h3 class=\"font-h4 toggler toggler-down-md\">Alles in einem System<\/h3>        <\/a>\n        <div class=\"collapse text show\" id=\"block_1605b42a6bdb97c1a3f0f0903dfbc752\" data-parent=\"main\">\n            <p>Egal ob<\/p>\n<ul>\n<li>die Bestellung \u00fcber ein Dispositionstool angesto\u00dfen wird,<\/li>\n<li>ein*e Kolleg*in im Markt Ware f\u00fcr eine*n Kund*in ordert,<\/li>\n<li>die Zentrale eine Aktion plant<\/li>\n<li>oder Artikel aus der Logistikzentrale in die Garten-Center verteilt werden<\/li>\n<\/ul>\n<p>Alle Wege f\u00fchren in unser neues SAP-System. Dort werden Lieferant*innen, Konditionen und Preise automatisch zugeordnet und die passenden Logistikkan\u00e4le aktiviert. Effizienter geht es kaum.<\/p>\n                    <\/div>                <\/div>\n            \n        <\/div>\n    <\/div>\n<\/section>\n\n\n<section class=\"block-img-txt text-50-img-50 pb-4\">\n    <div class=\"container\">\n        <div class=\"row\">\n                            <div class=\"col-md-6 pb-4 d-none d-md-block image\">\n                    <img loading=\"lazy\" decoding=\"async\" width=\"570\" height=\"310\" src=\"https:\/\/www.dehner.de\/jobs\/app\/uploads\/sites\/7\/2025\/08\/dehner-sap-einfuehrung-transformation-zukunft-digitalisierung.png\" class=\"img-cover\" alt=\"Dehner SAP Projektteam\" srcset=\"https:\/\/www.dehner.de\/jobs\/app\/uploads\/sites\/7\/2025\/08\/dehner-sap-einfuehrung-transformation-zukunft-digitalisierung.png 570w, https:\/\/www.dehner.de\/jobs\/app\/uploads\/sites\/7\/2025\/08\/dehner-sap-einfuehrung-transformation-zukunft-digitalisierung-300x163.png 300w, https:\/\/www.dehner.de\/jobs\/app\/uploads\/sites\/7\/2025\/08\/dehner-sap-einfuehrung-transformation-zukunft-digitalisierung-150x82.png 150w\" sizes=\"auto, (max-width: 570px) 100vw, 570px\" \/>                <\/div>\n                <div class=\"col-md-6 df fc jcc body\">\n                            <a href=\"#\" class=\"toggler toggler-down-md toggler-hide\" data-toggle=\"collapse\" data-target=\"#block_bb21a0c4f99285b4df1d58e9eb9d816b\" aria-expanded=\"true\" aria-controls=\"block_bb21a0c4f99285b4df1d58e9eb9d816b\">\n                            <img loading=\"lazy\" decoding=\"async\" width=\"570\" height=\"310\" src=\"https:\/\/www.dehner.de\/jobs\/app\/uploads\/sites\/7\/2025\/08\/dehner-sap-einfuehrung-transformation-zukunft-digitalisierung.png\" class=\"mobile-image img-fluid mb-3 d-md-none\" alt=\"Dehner SAP Projektteam\" srcset=\"https:\/\/www.dehner.de\/jobs\/app\/uploads\/sites\/7\/2025\/08\/dehner-sap-einfuehrung-transformation-zukunft-digitalisierung.png 570w, https:\/\/www.dehner.de\/jobs\/app\/uploads\/sites\/7\/2025\/08\/dehner-sap-einfuehrung-transformation-zukunft-digitalisierung-300x163.png 300w, https:\/\/www.dehner.de\/jobs\/app\/uploads\/sites\/7\/2025\/08\/dehner-sap-einfuehrung-transformation-zukunft-digitalisierung-150x82.png 150w\" sizes=\"auto, (max-width: 570px) 100vw, 570px\" \/>                        <h3 class=\"font-h4 toggler toggler-down-md\">Unser Fazit<\/h3>        <\/a>\n        <div class=\"collapse text show\" id=\"block_bb21a0c4f99285b4df1d58e9eb9d816b\" data-parent=\"main\">\n            <p>F\u00fcr uns im Business Process Management war die Einf\u00fchrung von SAP mehr als nur eine IT-Umstellung. Es war ein unternehmensweites Transformationsprojekt und ein gemeinschaftlicher Kraftakt, bei dem viele Puzzlest\u00fccke ineinandergegriffen haben. Am Ende steht ein Warenwirtschaftssystem, das Standards mit Flexibilit\u00e4t vereint \u2013 und Dehner damit fit f\u00fcr die Zukunft macht.<\/p>\n                    <\/div>                <\/div>\n            \n        <\/div>\n    <\/div>\n<\/section>\n","protected":false},"excerpt":{"rendered":"","protected":false},"featured_media":33973,"parent":0,"template":"","blog_category":[456],"class_list":["post-33967","blog","type-blog","status-publish","has-post-thumbnail","hentry","blog_category-arbeitswelt"],"acf":[],"yoast_head":"<!-- This site is optimized with the Yoast SEO plugin v24.5 - https:\/\/yoast.com\/wordpress\/plugins\/seo\/ -->\n<title>Vielseitig und standardisiert: Beschaffungsprozesse neu gedacht<\/title>\n<meta name=\"description\" content=\"Neue Beschaffungsprozesse bei Dehner \u2713 Flexibilit\u00e4t \u2713 Standardisierung \u2713 SAP-L\u00f6sung \u27a4 Jetzt lesen!\" \/>\n<meta name=\"robots\" content=\"index, follow, max-snippet:-1, max-image-preview:large, max-video-preview:-1\" \/>\n<link rel=\"canonical\" href=\"https:\/\/www.dehner.de\/jobs\/blogbeitrag\/vielseitig-und-standardisiert-beschaffungsprozesse-neu-gedacht\/\" \/>\n<meta property=\"og:locale\" content=\"de_DE\" \/>\n<meta property=\"og:type\" content=\"article\" \/>\n<meta property=\"og:title\" content=\"Vielseitig und standardisiert: Beschaffungsprozesse neu gedacht\" \/>\n<meta property=\"og:description\" content=\"Neue Beschaffungsprozesse bei Dehner \u2713 Flexibilit\u00e4t \u2713 Standardisierung \u2713 SAP-L\u00f6sung \u27a4 Jetzt lesen!\" \/>\n<meta property=\"og:url\" content=\"https:\/\/www.dehner.de\/jobs\/blogbeitrag\/vielseitig-und-standardisiert-beschaffungsprozesse-neu-gedacht\/\" \/>\n<meta property=\"og:site_name\" content=\"Karriere bei Dehner\" \/>\n<meta property=\"og:image\" content=\"https:\/\/www.dehner.de\/app\/uploads\/sites\/7\/2025\/08\/dehner-projektmanagement-sap-transformationsprojekt.png\" \/>\n\t<meta property=\"og:image:width\" content=\"1920\" \/>\n\t<meta property=\"og:image:height\" content=\"500\" \/>\n\t<meta property=\"og:image:type\" content=\"image\/png\" \/>\n<meta name=\"twitter:card\" content=\"summary_large_image\" \/>\n<meta name=\"twitter:label1\" content=\"Est. reading time\" \/>\n\t<meta name=\"twitter:data1\" content=\"4 Minuten\" \/>\n<script type=\"application\/ld+json\" class=\"yoast-schema-graph\">{\"@context\":\"https:\/\/schema.org\",\"@graph\":[{\"@type\":\"WebPage\",\"@id\":\"https:\/\/www.dehner.de\/jobs\/blogbeitrag\/vielseitig-und-standardisiert-beschaffungsprozesse-neu-gedacht\/\",\"url\":\"https:\/\/www.dehner.de\/jobs\/blogbeitrag\/vielseitig-und-standardisiert-beschaffungsprozesse-neu-gedacht\/\",\"name\":\"Vielseitig und standardisiert: Beschaffungsprozesse neu gedacht\",\"isPartOf\":{\"@id\":\"https:\/\/www.dehner.de\/jobs\/#website\"},\"primaryImageOfPage\":{\"@id\":\"https:\/\/www.dehner.de\/jobs\/blogbeitrag\/vielseitig-und-standardisiert-beschaffungsprozesse-neu-gedacht\/#primaryimage\"},\"image\":{\"@id\":\"https:\/\/www.dehner.de\/jobs\/blogbeitrag\/vielseitig-und-standardisiert-beschaffungsprozesse-neu-gedacht\/#primaryimage\"},\"thumbnailUrl\":\"https:\/\/www.dehner.de\/jobs\/app\/uploads\/sites\/7\/2025\/08\/dehner-projektmanagement-sap-transformationsprojekt.png\",\"datePublished\":\"2025-08-27T06:00:00+00:00\",\"description\":\"Neue Beschaffungsprozesse bei Dehner \u2713 Flexibilit\u00e4t \u2713 Standardisierung \u2713 SAP-L\u00f6sung \u27a4 Jetzt lesen!\",\"breadcrumb\":{\"@id\":\"https:\/\/www.dehner.de\/jobs\/blogbeitrag\/vielseitig-und-standardisiert-beschaffungsprozesse-neu-gedacht\/#breadcrumb\"},\"inLanguage\":\"de-DE\",\"potentialAction\":[{\"@type\":\"ReadAction\",\"target\":[\"https:\/\/www.dehner.de\/jobs\/blogbeitrag\/vielseitig-und-standardisiert-beschaffungsprozesse-neu-gedacht\/\"]}]},{\"@type\":\"ImageObject\",\"inLanguage\":\"de-DE\",\"@id\":\"https:\/\/www.dehner.de\/jobs\/blogbeitrag\/vielseitig-und-standardisiert-beschaffungsprozesse-neu-gedacht\/#primaryimage\",\"url\":\"https:\/\/www.dehner.de\/jobs\/app\/uploads\/sites\/7\/2025\/08\/dehner-projektmanagement-sap-transformationsprojekt.png\",\"contentUrl\":\"https:\/\/www.dehner.de\/jobs\/app\/uploads\/sites\/7\/2025\/08\/dehner-projektmanagement-sap-transformationsprojekt.png\",\"width\":1920,\"height\":500,\"caption\":\"Das P2P Projektteam bei Dehner k\u00fcmmert sich um die Beschaffungsprozesse\"},{\"@type\":\"BreadcrumbList\",\"@id\":\"https:\/\/www.dehner.de\/jobs\/blogbeitrag\/vielseitig-und-standardisiert-beschaffungsprozesse-neu-gedacht\/#breadcrumb\",\"itemListElement\":[{\"@type\":\"ListItem\",\"position\":1,\"name\":\"Home\",\"item\":\"https:\/\/www.dehner.de\/jobs\/\"},{\"@type\":\"ListItem\",\"position\":2,\"name\":\"Vielseitig und standardisiert: Beschaffungsprozesse neu gedacht\"}]},{\"@type\":\"WebSite\",\"@id\":\"https:\/\/www.dehner.de\/jobs\/#website\",\"url\":\"https:\/\/www.dehner.de\/jobs\/\",\"name\":\"Karriere bei Dehner\",\"description\":\"Die Storys unserer Personalbotschafter\",\"publisher\":{\"@id\":\"https:\/\/www.dehner.de\/jobs\/#organization\"},\"potentialAction\":[{\"@type\":\"SearchAction\",\"target\":{\"@type\":\"EntryPoint\",\"urlTemplate\":\"https:\/\/www.dehner.de\/jobs\/?s={search_term_string}\"},\"query-input\":{\"@type\":\"PropertyValueSpecification\",\"valueRequired\":true,\"valueName\":\"search_term_string\"}}],\"inLanguage\":\"de-DE\"},{\"@type\":\"Organization\",\"@id\":\"https:\/\/www.dehner.de\/jobs\/#organization\",\"name\":\"Karriere bei Dehner\",\"url\":\"https:\/\/www.dehner.de\/jobs\/\",\"logo\":{\"@type\":\"ImageObject\",\"inLanguage\":\"de-DE\",\"@id\":\"https:\/\/www.dehner.de\/jobs\/#\/schema\/logo\/image\/\",\"url\":\"https:\/\/www.dehner.de\/jobs\/app\/uploads\/sites\/7\/2025\/12\/dehner-garten-center-koenigsbrunn-revitalisierung-neubau-umbau.png\",\"contentUrl\":\"https:\/\/www.dehner.de\/jobs\/app\/uploads\/sites\/7\/2025\/12\/dehner-garten-center-koenigsbrunn-revitalisierung-neubau-umbau.png\",\"width\":800,\"height\":1315,\"caption\":\"Karriere bei Dehner\"},\"image\":{\"@id\":\"https:\/\/www.dehner.de\/jobs\/#\/schema\/logo\/image\/\"}}]}<\/script>\n<!-- \/ Yoast SEO plugin. -->","yoast_head_json":{"title":"Vielseitig und standardisiert: Beschaffungsprozesse neu gedacht","description":"Neue Beschaffungsprozesse bei Dehner \u2713 Flexibilit\u00e4t \u2713 Standardisierung \u2713 SAP-L\u00f6sung \u27a4 Jetzt lesen!","robots":{"index":"index","follow":"follow","max-snippet":"max-snippet:-1","max-image-preview":"max-image-preview:large","max-video-preview":"max-video-preview:-1"},"canonical":"https:\/\/www.dehner.de\/jobs\/blogbeitrag\/vielseitig-und-standardisiert-beschaffungsprozesse-neu-gedacht\/","og_locale":"de_DE","og_type":"article","og_title":"Vielseitig und standardisiert: Beschaffungsprozesse neu gedacht","og_description":"Neue Beschaffungsprozesse bei Dehner \u2713 Flexibilit\u00e4t \u2713 Standardisierung \u2713 SAP-L\u00f6sung \u27a4 Jetzt lesen!","og_url":"https:\/\/www.dehner.de\/jobs\/blogbeitrag\/vielseitig-und-standardisiert-beschaffungsprozesse-neu-gedacht\/","og_site_name":"Karriere bei Dehner","og_image":[{"width":1920,"height":500,"url":"https:\/\/www.dehner.de\/app\/uploads\/sites\/7\/2025\/08\/dehner-projektmanagement-sap-transformationsprojekt.png","type":"image\/png"}],"twitter_card":"summary_large_image","twitter_misc":{"Est. reading time":"4 Minuten"},"schema":{"@context":"https:\/\/schema.org","@graph":[{"@type":"WebPage","@id":"https:\/\/www.dehner.de\/jobs\/blogbeitrag\/vielseitig-und-standardisiert-beschaffungsprozesse-neu-gedacht\/","url":"https:\/\/www.dehner.de\/jobs\/blogbeitrag\/vielseitig-und-standardisiert-beschaffungsprozesse-neu-gedacht\/","name":"Vielseitig und standardisiert: Beschaffungsprozesse neu gedacht","isPartOf":{"@id":"https:\/\/www.dehner.de\/jobs\/#website"},"primaryImageOfPage":{"@id":"https:\/\/www.dehner.de\/jobs\/blogbeitrag\/vielseitig-und-standardisiert-beschaffungsprozesse-neu-gedacht\/#primaryimage"},"image":{"@id":"https:\/\/www.dehner.de\/jobs\/blogbeitrag\/vielseitig-und-standardisiert-beschaffungsprozesse-neu-gedacht\/#primaryimage"},"thumbnailUrl":"https:\/\/www.dehner.de\/jobs\/app\/uploads\/sites\/7\/2025\/08\/dehner-projektmanagement-sap-transformationsprojekt.png","datePublished":"2025-08-27T06:00:00+00:00","description":"Neue Beschaffungsprozesse bei Dehner \u2713 Flexibilit\u00e4t \u2713 Standardisierung \u2713 SAP-L\u00f6sung \u27a4 Jetzt lesen!","breadcrumb":{"@id":"https:\/\/www.dehner.de\/jobs\/blogbeitrag\/vielseitig-und-standardisiert-beschaffungsprozesse-neu-gedacht\/#breadcrumb"},"inLanguage":"de-DE","potentialAction":[{"@type":"ReadAction","target":["https:\/\/www.dehner.de\/jobs\/blogbeitrag\/vielseitig-und-standardisiert-beschaffungsprozesse-neu-gedacht\/"]}]},{"@type":"ImageObject","inLanguage":"de-DE","@id":"https:\/\/www.dehner.de\/jobs\/blogbeitrag\/vielseitig-und-standardisiert-beschaffungsprozesse-neu-gedacht\/#primaryimage","url":"https:\/\/www.dehner.de\/jobs\/app\/uploads\/sites\/7\/2025\/08\/dehner-projektmanagement-sap-transformationsprojekt.png","contentUrl":"https:\/\/www.dehner.de\/jobs\/app\/uploads\/sites\/7\/2025\/08\/dehner-projektmanagement-sap-transformationsprojekt.png","width":1920,"height":500,"caption":"Das P2P Projektteam bei Dehner k\u00fcmmert sich um die Beschaffungsprozesse"},{"@type":"BreadcrumbList","@id":"https:\/\/www.dehner.de\/jobs\/blogbeitrag\/vielseitig-und-standardisiert-beschaffungsprozesse-neu-gedacht\/#breadcrumb","itemListElement":[{"@type":"ListItem","position":1,"name":"Home","item":"https:\/\/www.dehner.de\/jobs\/"},{"@type":"ListItem","position":2,"name":"Vielseitig und standardisiert: Beschaffungsprozesse neu gedacht"}]},{"@type":"WebSite","@id":"https:\/\/www.dehner.de\/jobs\/#website","url":"https:\/\/www.dehner.de\/jobs\/","name":"Karriere bei Dehner","description":"Die Storys unserer Personalbotschafter","publisher":{"@id":"https:\/\/www.dehner.de\/jobs\/#organization"},"potentialAction":[{"@type":"SearchAction","target":{"@type":"EntryPoint","urlTemplate":"https:\/\/www.dehner.de\/jobs\/?s={search_term_string}"},"query-input":{"@type":"PropertyValueSpecification","valueRequired":true,"valueName":"search_term_string"}}],"inLanguage":"de-DE"},{"@type":"Organization","@id":"https:\/\/www.dehner.de\/jobs\/#organization","name":"Karriere bei Dehner","url":"https:\/\/www.dehner.de\/jobs\/","logo":{"@type":"ImageObject","inLanguage":"de-DE","@id":"https:\/\/www.dehner.de\/jobs\/#\/schema\/logo\/image\/","url":"https:\/\/www.dehner.de\/jobs\/app\/uploads\/sites\/7\/2025\/12\/dehner-garten-center-koenigsbrunn-revitalisierung-neubau-umbau.png","contentUrl":"https:\/\/www.dehner.de\/jobs\/app\/uploads\/sites\/7\/2025\/12\/dehner-garten-center-koenigsbrunn-revitalisierung-neubau-umbau.png","width":800,"height":1315,"caption":"Karriere bei Dehner"},"image":{"@id":"https:\/\/www.dehner.de\/jobs\/#\/schema\/logo\/image\/"}}]}},"_links":{"self":[{"href":"https:\/\/www.dehner.de\/jobs\/wp-json\/wp\/v2\/blog\/33967","targetHints":{"allow":["GET"]}}],"collection":[{"href":"https:\/\/www.dehner.de\/jobs\/wp-json\/wp\/v2\/blog"}],"about":[{"href":"https:\/\/www.dehner.de\/jobs\/wp-json\/wp\/v2\/types\/blog"}],"version-history":[{"count":8,"href":"https:\/\/www.dehner.de\/jobs\/wp-json\/wp\/v2\/blog\/33967\/revisions"}],"predecessor-version":[{"id":33991,"href":"https:\/\/www.dehner.de\/jobs\/wp-json\/wp\/v2\/blog\/33967\/revisions\/33991"}],"wp:featuredmedia":[{"embeddable":true,"href":"https:\/\/www.dehner.de\/jobs\/wp-json\/wp\/v2\/media\/33973"}],"wp:attachment":[{"href":"https:\/\/www.dehner.de\/jobs\/wp-json\/wp\/v2\/media?parent=33967"}],"wp:term":[{"taxonomy":"blog_category","embeddable":true,"href":"https:\/\/www.dehner.de\/jobs\/wp-json\/wp\/v2\/blog_category?post=33967"}],"curies":[{"name":"wp","href":"https:\/\/api.w.org\/{rel}","templated":true}]}}