{"id":33034,"date":"2025-06-24T08:00:00","date_gmt":"2025-06-24T06:00:00","guid":{"rendered":"https:\/\/www.dehner.de\/jobs\/?post_type=blog&#038;p=33034"},"modified":"2025-06-20T08:02:07","modified_gmt":"2025-06-20T06:02:07","slug":"nach-der-maisschau-ist-vor-der-maisschau","status":"publish","type":"blog","link":"https:\/\/www.dehner.de\/jobs\/blogbeitrag\/nach-der-maisschau-ist-vor-der-maisschau\/","title":{"rendered":"Nach der Maisschau ist vor der Maisschau\u00a0"},"content":{"rendered":"<section class=\"block-img-txt img-50-text-50 pb-4\">\n    <div class=\"container\">\n        <div class=\"row\">\n                            <div class=\"col-md-6 pb-4 d-none d-md-block image\">\n                                    <\/div>\n                <div class=\"col-md-6 df fc jcc body\">\n                                                        <div class=\"text\">\n                    <\/div>\n                                <\/div>\n            \n        <\/div>\n    <\/div>\n<\/section>\n\n\n<section class=\"block-img-txt img-50-text-50 pb-4\">\n    <div class=\"container\">\n        <div class=\"row\">\n                            <div class=\"col-md-6 pb-4 d-none d-md-block image\">\n                    <img loading=\"lazy\" decoding=\"async\" width=\"570\" height=\"750\" src=\"https:\/\/www.dehner.de\/jobs\/app\/uploads\/sites\/7\/2025\/06\/dehner-agrar-mais-team-maisschau-vorbereitung.png\" class=\"img-cover\" alt=\"Maisaussaat bei Dehner Agrar\" srcset=\"https:\/\/www.dehner.de\/jobs\/app\/uploads\/sites\/7\/2025\/06\/dehner-agrar-mais-team-maisschau-vorbereitung.png 570w, https:\/\/www.dehner.de\/jobs\/app\/uploads\/sites\/7\/2025\/06\/dehner-agrar-mais-team-maisschau-vorbereitung-228x300.png 228w, https:\/\/www.dehner.de\/jobs\/app\/uploads\/sites\/7\/2025\/06\/dehner-agrar-mais-team-maisschau-vorbereitung-114x150.png 114w\" sizes=\"auto, (max-width: 570px) 100vw, 570px\" \/>                <\/div>\n                <div class=\"col-md-6 df fc jcc body\">\n                            <a href=\"#\" class=\"toggler toggler-down-md toggler-hide\" data-toggle=\"collapse\" data-target=\"#block_811913912acd86068f416de46766115b\" aria-expanded=\"true\" aria-controls=\"block_811913912acd86068f416de46766115b\">\n                            <img loading=\"lazy\" decoding=\"async\" width=\"570\" height=\"750\" src=\"https:\/\/www.dehner.de\/jobs\/app\/uploads\/sites\/7\/2025\/06\/dehner-agrar-mais-team-maisschau-vorbereitung.png\" class=\"mobile-image img-fluid mb-3 d-md-none\" alt=\"Maisaussaat bei Dehner Agrar\" srcset=\"https:\/\/www.dehner.de\/jobs\/app\/uploads\/sites\/7\/2025\/06\/dehner-agrar-mais-team-maisschau-vorbereitung.png 570w, https:\/\/www.dehner.de\/jobs\/app\/uploads\/sites\/7\/2025\/06\/dehner-agrar-mais-team-maisschau-vorbereitung-228x300.png 228w, https:\/\/www.dehner.de\/jobs\/app\/uploads\/sites\/7\/2025\/06\/dehner-agrar-mais-team-maisschau-vorbereitung-114x150.png 114w\" sizes=\"auto, (max-width: 570px) 100vw, 570px\" \/>                        <h3 class=\"font-h4 toggler toggler-down-md\">Vorbereitungen auf die Aussaat <\/h3>        <\/a>\n        <div class=\"collapse text show\" id=\"block_811913912acd86068f416de46766115b\" data-parent=\"main\">\n            <p><span data-contrast=\"auto\">\u201eNach der Maisschau ist vor der Maisschau\u201c \u2013 dieser Satz beschreibt unsere Jahresplanung bei Dehner Agrar ziemlich treffend. Kaum ist das letzte Zelt abgebaut, beginnen wir im Hintergrund bereits mit der Planung f\u00fcr die kommende Maisschau.<\/span><span data-ccp-props=\"{&quot;335559739&quot;:0}\">\u00a0<\/span><\/p>\n<p><span data-contrast=\"auto\">Denn was f\u00fcr viele ein eindrucksvoller Besuchstag im September ist, bedeutet f\u00fcr uns Monate intensiver Vorbereitung. Die Schauanlage muss geplant, gepflegt und optimal vorbereitet werden \u2013 und das erfordert Teamarbeit, Fachwissen und einen klaren Plan<\/span><span data-ccp-props=\"{&quot;335559739&quot;:0}\">\u00a0<\/span><\/p>\n<p><span data-contrast=\"auto\">Doch wer steckt eigentlich hinter der Maisschau?<\/span><span data-ccp-props=\"{&quot;335559739&quot;:0}\">\u00a0<\/span><span data-contrast=\"auto\">Unser \u201eMaisschau-Team\u201c besteht aus Alexander, Category Manager Saatgut, Martina, Pflanzenbauberaterin, und Sofia, Eventbeauftragte. Gemeinsam bringen wir nicht nur Know-how aus ganz unterschiedlichen Bereichen mit, sondern auch eine gro\u00dfe Portion Leidenschaft \u2013 und genau das macht den Unterschied.<\/span><span data-ccp-props=\"{&quot;335559739&quot;:0}\">\u00a0<\/span><\/p>\n<p><span data-contrast=\"auto\">Ein zentrales Etappenziel ist jedes Jahr die Maisaussaat im Fr\u00fchjahr. Bereits im Januar beginnen wir mit der Beschaffung von Saatgut: kleine Einheiten unterschiedlichster Maissorten, die wir direkt bei unseren Z\u00fcchtern anfragen. Auf Grundlage dieser Sorten erstellt Alexander den Parzellenplan. Dieser Plan zeigt die genaue Reihenfolge der Maissorten auf dem Feld.\u00a0<\/span><span data-ccp-props=\"{&quot;335559739&quot;:0}\">\u00a0<\/span><\/p>\n                    <\/div>                <\/div>\n            \n        <\/div>\n    <\/div>\n<\/section>\n\n\n<section class=\"block-img-txt text-50-img-50 pb-4\">\n    <div class=\"container\">\n        <div class=\"row\">\n                            <div class=\"col-md-6 pb-4 d-none d-md-block image\">\n                    <img loading=\"lazy\" decoding=\"async\" width=\"570\" height=\"750\" src=\"https:\/\/www.dehner.de\/jobs\/app\/uploads\/sites\/7\/2025\/06\/dehner-agrar-mais-aussaat-maisschau-parzelle.png\" class=\"img-cover\" alt=\"100 Maissorten f\u00fcr Dehner Agrar\" srcset=\"https:\/\/www.dehner.de\/jobs\/app\/uploads\/sites\/7\/2025\/06\/dehner-agrar-mais-aussaat-maisschau-parzelle.png 570w, https:\/\/www.dehner.de\/jobs\/app\/uploads\/sites\/7\/2025\/06\/dehner-agrar-mais-aussaat-maisschau-parzelle-228x300.png 228w, https:\/\/www.dehner.de\/jobs\/app\/uploads\/sites\/7\/2025\/06\/dehner-agrar-mais-aussaat-maisschau-parzelle-114x150.png 114w\" sizes=\"auto, (max-width: 570px) 100vw, 570px\" \/>                <\/div>\n                <div class=\"col-md-6 df fc jcc body\">\n                            <a href=\"#\" class=\"toggler toggler-down-md toggler-hide\" data-toggle=\"collapse\" data-target=\"#block_1bed8e0039c05e7b5ff688634e812477\" aria-expanded=\"true\" aria-controls=\"block_1bed8e0039c05e7b5ff688634e812477\">\n                            <img loading=\"lazy\" decoding=\"async\" width=\"570\" height=\"750\" src=\"https:\/\/www.dehner.de\/jobs\/app\/uploads\/sites\/7\/2025\/06\/dehner-agrar-mais-aussaat-maisschau-parzelle.png\" class=\"mobile-image img-fluid mb-3 d-md-none\" alt=\"100 Maissorten f\u00fcr Dehner Agrar\" srcset=\"https:\/\/www.dehner.de\/jobs\/app\/uploads\/sites\/7\/2025\/06\/dehner-agrar-mais-aussaat-maisschau-parzelle.png 570w, https:\/\/www.dehner.de\/jobs\/app\/uploads\/sites\/7\/2025\/06\/dehner-agrar-mais-aussaat-maisschau-parzelle-228x300.png 228w, https:\/\/www.dehner.de\/jobs\/app\/uploads\/sites\/7\/2025\/06\/dehner-agrar-mais-aussaat-maisschau-parzelle-114x150.png 114w\" sizes=\"auto, (max-width: 570px) 100vw, 570px\" \/>                        <h3 class=\"font-h4 toggler toggler-down-md\">Der Tag der Aussaat <\/h3>        <\/a>\n        <div class=\"collapse text show\" id=\"block_1bed8e0039c05e7b5ff688634e812477\" data-parent=\"main\">\n            <p><span data-contrast=\"auto\">Ab dem 20. April hei\u00dft es: \u00c4rmel hochkrempeln! Wenn Wetter, Boden und Zeitplan passen, starten wir mit der Aussaat.<\/span><span data-ccp-props=\"{}\">\u00a0<\/span><\/p>\n<p><span data-contrast=\"auto\">Der Tag beginnt fr\u00fch: Wir sortieren das Saatgut, laden die sorgf\u00e4ltig etikettierten S\u00e4cke auf den H\u00e4nger und packen Arbeitshandschuhe, Wasserflaschen und Sonnencreme ein. Auf dem Feld wartet bereits ein Landwirt aus Rain mit seiner speziellen S\u00e4maschine \u2013 ab jetzt z\u00e4hlt Pr\u00e4zision.<\/span><span data-ccp-props=\"{}\">\u00a0<\/span><span data-contrast=\"auto\">Denn jede der \u00fcber 100 Maissorten muss einzeln ausges\u00e4t werden. Nach jeder Sorte wird die Maschine gr\u00fcndlich gereinigt, damit keine Vermischung entsteht. Ein Arbeitsschritt, der Konzentration und Ausdauer verlangt \u2013 aber auch richtig Spa\u00df macht, wenn man als Team eingespielt ist.<\/span><span data-ccp-props=\"{}\">\u00a0<\/span><\/p>\n<p><span data-contrast=\"auto\">Am Ende des Tages sind alle 100 Sorten in der Erde \u2013 und f\u00fcr uns beginnt eine neue Phase: die stille Beobachtung. In den folgenden Wochen sehen wir, wie aus den unscheinbaren K\u00f6rnern gr\u00fcne Reihen sprie\u00dfen, wachsen und sich entwickeln \u2013 f\u00fcr uns ein kleines Wunder, das sich jedes Jahr aufs Neue wiederholt.<\/span><span data-ccp-props=\"{}\">\u00a0<\/span><span data-contrast=\"auto\">Und genau deshalb ist die Aussaat f\u00fcr uns mehr als nur ein Arbeitstag: Sie ist der Moment, in dem die kommende Maisschau Form annimmt.<\/span><span data-ccp-props=\"{}\">\u00a0<\/span><\/p>\n<p><span data-contrast=\"auto\">Wir freuen uns, Euch auf der Maisschau im September begr\u00fc\u00dfen zu d\u00fcrfen. Merkt Euch den 14. September schon mal im Kalender vor.<\/span><span data-ccp-props=\"{}\">\u00a0<\/span><\/p>\n<p><span data-contrast=\"auto\">Bis bald,<\/span><span><br \/>\n<\/span><span data-contrast=\"auto\">Martina, Sofia &amp; Alexander<\/span><span data-ccp-props=\"{}\">\u00a0<\/span><\/p>\n                    <\/div>                <\/div>\n            \n        <\/div>\n    <\/div>\n<\/section>\n","protected":false},"excerpt":{"rendered":"","protected":false},"featured_media":33037,"parent":0,"template":"","blog_category":[456,453],"class_list":["post-33034","blog","type-blog","status-publish","has-post-thumbnail","hentry","blog_category-arbeitswelt","blog_category-jobeinblicke"],"acf":[],"yoast_head":"<!-- This site is optimized with the Yoast SEO plugin v24.5 - https:\/\/yoast.com\/wordpress\/plugins\/seo\/ -->\n<title>Nach der Maisschau ist vor der Maisschau<\/title>\n<meta name=\"description\" content=\"Den Grundstein f\u00fcr die kommende Maisschau legen \u27a4 Erfahre mehr \u00fcber die Maisaussaat bei Dehner Agrar\" \/>\n<meta name=\"robots\" content=\"index, follow, max-snippet:-1, max-image-preview:large, max-video-preview:-1\" \/>\n<link rel=\"canonical\" href=\"https:\/\/www.dehner.de\/jobs\/blogbeitrag\/nach-der-maisschau-ist-vor-der-maisschau\/\" \/>\n<meta property=\"og:locale\" content=\"de_DE\" \/>\n<meta property=\"og:type\" content=\"article\" \/>\n<meta property=\"og:title\" content=\"Nach der Maisschau ist vor der Maisschau\" \/>\n<meta property=\"og:description\" content=\"Den Grundstein f\u00fcr die kommende Maisschau legen \u27a4 Erfahre mehr \u00fcber die Maisaussaat bei Dehner Agrar\" \/>\n<meta property=\"og:url\" content=\"https:\/\/www.dehner.de\/jobs\/blogbeitrag\/nach-der-maisschau-ist-vor-der-maisschau\/\" \/>\n<meta property=\"og:site_name\" content=\"Karriere bei Dehner\" \/>\n<meta property=\"og:image\" content=\"https:\/\/www.dehner.de\/app\/uploads\/sites\/7\/2025\/06\/dehner-agrar-maisschau-2025-maisaussaat.png\" \/>\n\t<meta property=\"og:image:width\" content=\"1920\" \/>\n\t<meta property=\"og:image:height\" content=\"500\" \/>\n\t<meta property=\"og:image:type\" content=\"image\/png\" \/>\n<meta name=\"twitter:card\" content=\"summary_large_image\" \/>\n<meta name=\"twitter:label1\" content=\"Est. reading time\" \/>\n\t<meta name=\"twitter:data1\" content=\"4 Minuten\" \/>\n<script type=\"application\/ld+json\" class=\"yoast-schema-graph\">{\"@context\":\"https:\/\/schema.org\",\"@graph\":[{\"@type\":\"WebPage\",\"@id\":\"https:\/\/www.dehner.de\/jobs\/blogbeitrag\/nach-der-maisschau-ist-vor-der-maisschau\/\",\"url\":\"https:\/\/www.dehner.de\/jobs\/blogbeitrag\/nach-der-maisschau-ist-vor-der-maisschau\/\",\"name\":\"Nach der Maisschau ist vor der Maisschau\",\"isPartOf\":{\"@id\":\"https:\/\/www.dehner.de\/jobs\/#website\"},\"primaryImageOfPage\":{\"@id\":\"https:\/\/www.dehner.de\/jobs\/blogbeitrag\/nach-der-maisschau-ist-vor-der-maisschau\/#primaryimage\"},\"image\":{\"@id\":\"https:\/\/www.dehner.de\/jobs\/blogbeitrag\/nach-der-maisschau-ist-vor-der-maisschau\/#primaryimage\"},\"thumbnailUrl\":\"https:\/\/www.dehner.de\/jobs\/app\/uploads\/sites\/7\/2025\/06\/dehner-agrar-maisschau-2025-maisaussaat.png\",\"datePublished\":\"2025-06-24T06:00:00+00:00\",\"description\":\"Den Grundstein f\u00fcr die kommende Maisschau legen \u27a4 Erfahre mehr \u00fcber die Maisaussaat bei Dehner Agrar\",\"breadcrumb\":{\"@id\":\"https:\/\/www.dehner.de\/jobs\/blogbeitrag\/nach-der-maisschau-ist-vor-der-maisschau\/#breadcrumb\"},\"inLanguage\":\"de-DE\",\"potentialAction\":[{\"@type\":\"ReadAction\",\"target\":[\"https:\/\/www.dehner.de\/jobs\/blogbeitrag\/nach-der-maisschau-ist-vor-der-maisschau\/\"]}]},{\"@type\":\"ImageObject\",\"inLanguage\":\"de-DE\",\"@id\":\"https:\/\/www.dehner.de\/jobs\/blogbeitrag\/nach-der-maisschau-ist-vor-der-maisschau\/#primaryimage\",\"url\":\"https:\/\/www.dehner.de\/jobs\/app\/uploads\/sites\/7\/2025\/06\/dehner-agrar-maisschau-2025-maisaussaat.png\",\"contentUrl\":\"https:\/\/www.dehner.de\/jobs\/app\/uploads\/sites\/7\/2025\/06\/dehner-agrar-maisschau-2025-maisaussaat.png\",\"width\":1920,\"height\":500,\"caption\":\"Maisschau 2025 bei Dehner Agrar\"},{\"@type\":\"BreadcrumbList\",\"@id\":\"https:\/\/www.dehner.de\/jobs\/blogbeitrag\/nach-der-maisschau-ist-vor-der-maisschau\/#breadcrumb\",\"itemListElement\":[{\"@type\":\"ListItem\",\"position\":1,\"name\":\"Home\",\"item\":\"https:\/\/www.dehner.de\/jobs\/\"},{\"@type\":\"ListItem\",\"position\":2,\"name\":\"Nach der Maisschau ist vor der Maisschau\u00a0\"}]},{\"@type\":\"WebSite\",\"@id\":\"https:\/\/www.dehner.de\/jobs\/#website\",\"url\":\"https:\/\/www.dehner.de\/jobs\/\",\"name\":\"Karriere bei Dehner\",\"description\":\"Die Storys unserer Personalbotschafter\",\"publisher\":{\"@id\":\"https:\/\/www.dehner.de\/jobs\/#organization\"},\"potentialAction\":[{\"@type\":\"SearchAction\",\"target\":{\"@type\":\"EntryPoint\",\"urlTemplate\":\"https:\/\/www.dehner.de\/jobs\/?s={search_term_string}\"},\"query-input\":{\"@type\":\"PropertyValueSpecification\",\"valueRequired\":true,\"valueName\":\"search_term_string\"}}],\"inLanguage\":\"de-DE\"},{\"@type\":\"Organization\",\"@id\":\"https:\/\/www.dehner.de\/jobs\/#organization\",\"name\":\"Karriere bei Dehner\",\"url\":\"https:\/\/www.dehner.de\/jobs\/\",\"logo\":{\"@type\":\"ImageObject\",\"inLanguage\":\"de-DE\",\"@id\":\"https:\/\/www.dehner.de\/jobs\/#\/schema\/logo\/image\/\",\"url\":\"https:\/\/www.dehner.de\/jobs\/app\/uploads\/sites\/7\/2025\/12\/dehner-garten-center-koenigsbrunn-revitalisierung-neubau-umbau.png\",\"contentUrl\":\"https:\/\/www.dehner.de\/jobs\/app\/uploads\/sites\/7\/2025\/12\/dehner-garten-center-koenigsbrunn-revitalisierung-neubau-umbau.png\",\"width\":800,\"height\":1315,\"caption\":\"Karriere bei Dehner\"},\"image\":{\"@id\":\"https:\/\/www.dehner.de\/jobs\/#\/schema\/logo\/image\/\"}}]}<\/script>\n<!-- \/ Yoast SEO plugin. -->","yoast_head_json":{"title":"Nach der Maisschau ist vor der Maisschau","description":"Den Grundstein f\u00fcr die kommende Maisschau legen \u27a4 Erfahre mehr \u00fcber die Maisaussaat bei Dehner Agrar","robots":{"index":"index","follow":"follow","max-snippet":"max-snippet:-1","max-image-preview":"max-image-preview:large","max-video-preview":"max-video-preview:-1"},"canonical":"https:\/\/www.dehner.de\/jobs\/blogbeitrag\/nach-der-maisschau-ist-vor-der-maisschau\/","og_locale":"de_DE","og_type":"article","og_title":"Nach der Maisschau ist vor der Maisschau","og_description":"Den Grundstein f\u00fcr die kommende Maisschau legen \u27a4 Erfahre mehr \u00fcber die Maisaussaat bei Dehner Agrar","og_url":"https:\/\/www.dehner.de\/jobs\/blogbeitrag\/nach-der-maisschau-ist-vor-der-maisschau\/","og_site_name":"Karriere bei Dehner","og_image":[{"width":1920,"height":500,"url":"https:\/\/www.dehner.de\/app\/uploads\/sites\/7\/2025\/06\/dehner-agrar-maisschau-2025-maisaussaat.png","type":"image\/png"}],"twitter_card":"summary_large_image","twitter_misc":{"Est. reading time":"4 Minuten"},"schema":{"@context":"https:\/\/schema.org","@graph":[{"@type":"WebPage","@id":"https:\/\/www.dehner.de\/jobs\/blogbeitrag\/nach-der-maisschau-ist-vor-der-maisschau\/","url":"https:\/\/www.dehner.de\/jobs\/blogbeitrag\/nach-der-maisschau-ist-vor-der-maisschau\/","name":"Nach der Maisschau ist vor der Maisschau","isPartOf":{"@id":"https:\/\/www.dehner.de\/jobs\/#website"},"primaryImageOfPage":{"@id":"https:\/\/www.dehner.de\/jobs\/blogbeitrag\/nach-der-maisschau-ist-vor-der-maisschau\/#primaryimage"},"image":{"@id":"https:\/\/www.dehner.de\/jobs\/blogbeitrag\/nach-der-maisschau-ist-vor-der-maisschau\/#primaryimage"},"thumbnailUrl":"https:\/\/www.dehner.de\/jobs\/app\/uploads\/sites\/7\/2025\/06\/dehner-agrar-maisschau-2025-maisaussaat.png","datePublished":"2025-06-24T06:00:00+00:00","description":"Den Grundstein f\u00fcr die kommende Maisschau legen \u27a4 Erfahre mehr \u00fcber die Maisaussaat bei Dehner Agrar","breadcrumb":{"@id":"https:\/\/www.dehner.de\/jobs\/blogbeitrag\/nach-der-maisschau-ist-vor-der-maisschau\/#breadcrumb"},"inLanguage":"de-DE","potentialAction":[{"@type":"ReadAction","target":["https:\/\/www.dehner.de\/jobs\/blogbeitrag\/nach-der-maisschau-ist-vor-der-maisschau\/"]}]},{"@type":"ImageObject","inLanguage":"de-DE","@id":"https:\/\/www.dehner.de\/jobs\/blogbeitrag\/nach-der-maisschau-ist-vor-der-maisschau\/#primaryimage","url":"https:\/\/www.dehner.de\/jobs\/app\/uploads\/sites\/7\/2025\/06\/dehner-agrar-maisschau-2025-maisaussaat.png","contentUrl":"https:\/\/www.dehner.de\/jobs\/app\/uploads\/sites\/7\/2025\/06\/dehner-agrar-maisschau-2025-maisaussaat.png","width":1920,"height":500,"caption":"Maisschau 2025 bei Dehner Agrar"},{"@type":"BreadcrumbList","@id":"https:\/\/www.dehner.de\/jobs\/blogbeitrag\/nach-der-maisschau-ist-vor-der-maisschau\/#breadcrumb","itemListElement":[{"@type":"ListItem","position":1,"name":"Home","item":"https:\/\/www.dehner.de\/jobs\/"},{"@type":"ListItem","position":2,"name":"Nach der Maisschau ist vor der Maisschau\u00a0"}]},{"@type":"WebSite","@id":"https:\/\/www.dehner.de\/jobs\/#website","url":"https:\/\/www.dehner.de\/jobs\/","name":"Karriere bei Dehner","description":"Die Storys unserer Personalbotschafter","publisher":{"@id":"https:\/\/www.dehner.de\/jobs\/#organization"},"potentialAction":[{"@type":"SearchAction","target":{"@type":"EntryPoint","urlTemplate":"https:\/\/www.dehner.de\/jobs\/?s={search_term_string}"},"query-input":{"@type":"PropertyValueSpecification","valueRequired":true,"valueName":"search_term_string"}}],"inLanguage":"de-DE"},{"@type":"Organization","@id":"https:\/\/www.dehner.de\/jobs\/#organization","name":"Karriere bei Dehner","url":"https:\/\/www.dehner.de\/jobs\/","logo":{"@type":"ImageObject","inLanguage":"de-DE","@id":"https:\/\/www.dehner.de\/jobs\/#\/schema\/logo\/image\/","url":"https:\/\/www.dehner.de\/jobs\/app\/uploads\/sites\/7\/2025\/12\/dehner-garten-center-koenigsbrunn-revitalisierung-neubau-umbau.png","contentUrl":"https:\/\/www.dehner.de\/jobs\/app\/uploads\/sites\/7\/2025\/12\/dehner-garten-center-koenigsbrunn-revitalisierung-neubau-umbau.png","width":800,"height":1315,"caption":"Karriere bei Dehner"},"image":{"@id":"https:\/\/www.dehner.de\/jobs\/#\/schema\/logo\/image\/"}}]}},"_links":{"self":[{"href":"https:\/\/www.dehner.de\/jobs\/wp-json\/wp\/v2\/blog\/33034","targetHints":{"allow":["GET"]}}],"collection":[{"href":"https:\/\/www.dehner.de\/jobs\/wp-json\/wp\/v2\/blog"}],"about":[{"href":"https:\/\/www.dehner.de\/jobs\/wp-json\/wp\/v2\/types\/blog"}],"version-history":[{"count":3,"href":"https:\/\/www.dehner.de\/jobs\/wp-json\/wp\/v2\/blog\/33034\/revisions"}],"predecessor-version":[{"id":33046,"href":"https:\/\/www.dehner.de\/jobs\/wp-json\/wp\/v2\/blog\/33034\/revisions\/33046"}],"wp:featuredmedia":[{"embeddable":true,"href":"https:\/\/www.dehner.de\/jobs\/wp-json\/wp\/v2\/media\/33037"}],"wp:attachment":[{"href":"https:\/\/www.dehner.de\/jobs\/wp-json\/wp\/v2\/media?parent=33034"}],"wp:term":[{"taxonomy":"blog_category","embeddable":true,"href":"https:\/\/www.dehner.de\/jobs\/wp-json\/wp\/v2\/blog_category?post=33034"}],"curies":[{"name":"wp","href":"https:\/\/api.w.org\/{rel}","templated":true}]}}