{"id":32814,"date":"2025-05-30T08:00:00","date_gmt":"2025-05-30T06:00:00","guid":{"rendered":"https:\/\/www.dehner.de\/jobs\/?post_type=blog&#038;p=32814"},"modified":"2025-05-30T08:06:31","modified_gmt":"2025-05-30T06:06:31","slug":"miteinander-reden-gemeinsam-wachsen","status":"publish","type":"blog","link":"https:\/\/www.dehner.de\/jobs\/blogbeitrag\/miteinander-reden-gemeinsam-wachsen\/","title":{"rendered":"Miteinander reden &#8211; gemeinsam wachsen"},"content":{"rendered":"<section class=\"block-img-txt img-50-text-50 pb-4\">\n    <div class=\"container\">\n        <div class=\"row\">\n                            <div class=\"col-md-6 pb-4 d-none d-md-block image\">\n                                    <\/div>\n                <div class=\"col-md-6 df fc jcc body\">\n                                                        <div class=\"text\">\n                    <\/div>\n                                <\/div>\n            \n        <\/div>\n    <\/div>\n<\/section>\n\n\n<section class=\"block-img-txt img-50-text-50 pb-4\">\n    <div class=\"container\">\n        <div class=\"row\">\n                            <div class=\"col-md-6 pb-4 d-none d-md-block image\">\n                    <img loading=\"lazy\" decoding=\"async\" width=\"570\" height=\"500\" src=\"https:\/\/www.dehner.de\/jobs\/app\/uploads\/sites\/7\/2025\/05\/dehner-team-personnel-and-organizational-development-1.png\" class=\"img-cover\" alt=\"Personalentwicklung bei Dehner\" srcset=\"https:\/\/www.dehner.de\/jobs\/app\/uploads\/sites\/7\/2025\/05\/dehner-team-personnel-and-organizational-development-1.png 570w, https:\/\/www.dehner.de\/jobs\/app\/uploads\/sites\/7\/2025\/05\/dehner-team-personnel-and-organizational-development-1-300x263.png 300w, https:\/\/www.dehner.de\/jobs\/app\/uploads\/sites\/7\/2025\/05\/dehner-team-personnel-and-organizational-development-1-150x132.png 150w\" sizes=\"auto, (max-width: 570px) 100vw, 570px\" \/>                <\/div>\n                <div class=\"col-md-6 df fc jcc body\">\n                            <a href=\"#\" class=\"toggler toggler-down-md toggler-hide\" data-toggle=\"collapse\" data-target=\"#block_8dc140bdf5f90ae15a468732a53b53be\" aria-expanded=\"true\" aria-controls=\"block_8dc140bdf5f90ae15a468732a53b53be\">\n                            <img loading=\"lazy\" decoding=\"async\" width=\"570\" height=\"500\" src=\"https:\/\/www.dehner.de\/jobs\/app\/uploads\/sites\/7\/2025\/05\/dehner-team-personnel-and-organizational-development-1.png\" class=\"mobile-image img-fluid mb-3 d-md-none\" alt=\"Personalentwicklung bei Dehner\" srcset=\"https:\/\/www.dehner.de\/jobs\/app\/uploads\/sites\/7\/2025\/05\/dehner-team-personnel-and-organizational-development-1.png 570w, https:\/\/www.dehner.de\/jobs\/app\/uploads\/sites\/7\/2025\/05\/dehner-team-personnel-and-organizational-development-1-300x263.png 300w, https:\/\/www.dehner.de\/jobs\/app\/uploads\/sites\/7\/2025\/05\/dehner-team-personnel-and-organizational-development-1-150x132.png 150w\" sizes=\"auto, (max-width: 570px) 100vw, 570px\" \/>                        <h3 class=\"font-h4 toggler toggler-down-md\">Ein Projekt f\u00fcr alle &#8211; Von Anfang an gemeinsam gedacht<\/h3>        <\/a>\n        <div class=\"collapse text show\" id=\"block_8dc140bdf5f90ae15a468732a53b53be\" data-parent=\"main\">\n            <p>Wir bei POD verstehen uns als Partner an der Seite unserer Mitarbeitenden und F\u00fchrungskr\u00e4fte \u2013 egal ob in unseren M\u00e4rkten oder in der Unternehmenszentrale. Unsere Aufgabe ist es, den Rahmen f\u00fcr pers\u00f6nliche und berufliche Entwicklung zu schaffen \u2013 sei es durch Coaching, Weiterbildungsangebote oder gezielte Entwicklungsprogramme.<\/p>\n<p><span class=\"NormalTextRun SCXW156477703 BCX8\">Um am Puls der Zeit zu bleiben, <\/span><span class=\"NormalTextRun SCXW156477703 BCX8\">entwickeln wir <\/span><span class=\"NormalTextRun SCXW156477703 BCX8\">kontinuierlich<\/span><span class=\"NormalTextRun SCXW156477703 BCX8\"> neue <\/span><span class=\"NormalTextRun SCXW156477703 BCX8\">Personalentwicklungsi<\/span><span class=\"NormalTextRun SCXW156477703 BCX8\">nstrumente, um unsere Unternehmenskultur aktiv zu gestalten.<\/span><span class=\"NormalTextRun SCXW156477703 BCX8\"> <\/span><span class=\"NormalTextRun SCXW156477703 BCX8\">Als Basis f\u00fcr zuk\u00fcnftige Projekte dient unser neu eingef\u00fchrtes Format<\/span><span class=\"NormalTextRun SCXW156477703 BCX8\">: einheitliche Mitarbeitergespr\u00e4che bei Dehner.<\/span><\/p>\n                    <\/div>                <\/div>\n            \n        <\/div>\n    <\/div>\n<\/section>\n\n\n<section class=\"block-img-txt text-50-img-50 pb-4\">\n    <div class=\"container\">\n        <div class=\"row\">\n                            <div class=\"col-md-6 pb-4 d-none d-md-block image\">\n                    <img loading=\"lazy\" decoding=\"async\" width=\"570\" height=\"750\" src=\"https:\/\/www.dehner.de\/jobs\/app\/uploads\/sites\/7\/2025\/05\/dehner-mitarbeitergegspraech-feedback-kommunikation-entwicklung.png\" class=\"img-cover\" alt=\"Miteinander reden und gemeinsam wachsen bei Dehner\" srcset=\"https:\/\/www.dehner.de\/jobs\/app\/uploads\/sites\/7\/2025\/05\/dehner-mitarbeitergegspraech-feedback-kommunikation-entwicklung.png 570w, https:\/\/www.dehner.de\/jobs\/app\/uploads\/sites\/7\/2025\/05\/dehner-mitarbeitergegspraech-feedback-kommunikation-entwicklung-228x300.png 228w, https:\/\/www.dehner.de\/jobs\/app\/uploads\/sites\/7\/2025\/05\/dehner-mitarbeitergegspraech-feedback-kommunikation-entwicklung-114x150.png 114w\" sizes=\"auto, (max-width: 570px) 100vw, 570px\" \/>                <\/div>\n                <div class=\"col-md-6 df fc jcc body\">\n                            <a href=\"#\" class=\"toggler toggler-down-md toggler-hide\" data-toggle=\"collapse\" data-target=\"#block_d7aca19e99c659495e6a892f4614c044\" aria-expanded=\"true\" aria-controls=\"block_d7aca19e99c659495e6a892f4614c044\">\n                            <img loading=\"lazy\" decoding=\"async\" width=\"570\" height=\"750\" src=\"https:\/\/www.dehner.de\/jobs\/app\/uploads\/sites\/7\/2025\/05\/dehner-mitarbeitergegspraech-feedback-kommunikation-entwicklung.png\" class=\"mobile-image img-fluid mb-3 d-md-none\" alt=\"Miteinander reden und gemeinsam wachsen bei Dehner\" srcset=\"https:\/\/www.dehner.de\/jobs\/app\/uploads\/sites\/7\/2025\/05\/dehner-mitarbeitergegspraech-feedback-kommunikation-entwicklung.png 570w, https:\/\/www.dehner.de\/jobs\/app\/uploads\/sites\/7\/2025\/05\/dehner-mitarbeitergegspraech-feedback-kommunikation-entwicklung-228x300.png 228w, https:\/\/www.dehner.de\/jobs\/app\/uploads\/sites\/7\/2025\/05\/dehner-mitarbeitergegspraech-feedback-kommunikation-entwicklung-114x150.png 114w\" sizes=\"auto, (max-width: 570px) 100vw, 570px\" \/>                        <h3 class=\"font-h4 toggler toggler-down-md\">Ein Format mit Flexibilit\u00e4t \u2013 weil jeder Mensch anders ist <\/h3>        <\/a>\n        <div class=\"collapse text show\" id=\"block_d7aca19e99c659495e6a892f4614c044\" data-parent=\"main\">\n            <p>Unser Anspruch war klar: Ein Gespr\u00e4chsformat zu schaffen, das f\u00fcr alle rund 6.000 Mitarbeitenden relevant, sinnvoll und gut umsetzbar ist \u2013 vom Fachverk\u00e4ufer im direkten Kontakt mit Kund*innen bis hin zu den technischen Berater*innen im internen IT-Support. Eine besonders spannende Herausforderung bestand darin, den unterschiedlichen Anforderungen der einzelnen Bereiche gerecht zu werden. Die Grundlage f\u00fcr das neue Mitarbeitergespr\u00e4ch wurde in enger Zusammenarbeit mit den Fachbereichen gelegt. In Testrunden mit F\u00fchrungskr\u00e4ften und Mitarbeitenden haben wir R\u00fcckmeldungen gesammelt und Perspektiven eingeholt \u2013 also direkt von den Menschen, die das Gespr\u00e4ch f\u00fchren und erleben werden.<\/p>\n<p>Ein besonderes Highlight: Mitarbeitende aus unterschiedlichen Abteilungen haben ihre Sichtweise in kurzen Videobotschaften geteilt. Diese Erfahrungsberichte sind im unternehmenseigenen Intranet abrufbar und zeigen eindrucksvoll, wie vielf\u00e4ltig die Erwartungen an ein gutes Gespr\u00e4ch sind \u2013 und gleichzeitig, wie viele Gemeinsamkeiten es gibt.<\/p>\n<p>Das Ergebnis: Ein flexibler Gespr\u00e4chsbogen, der klare Orientierung bietet, aber gleichzeitig Raum l\u00e4sst f\u00fcr individuelle Themen und pers\u00f6nliche Reflexion. Damit k\u00f6nnen F\u00fchrungskr\u00e4fte und Mitarbeitende genau die Gespr\u00e4che f\u00fchren, die in ihrer Situation wichtig sind.<\/p>\n                    <\/div>                <\/div>\n            \n        <\/div>\n    <\/div>\n<\/section>\n\n\n<section class=\"block-img-txt img-50-text-50 pb-4\">\n    <div class=\"container\">\n        <div class=\"row\">\n                            <div class=\"col-md-6 pb-4 d-none d-md-block image\">\n                    <img loading=\"lazy\" decoding=\"async\" width=\"570\" height=\"600\" src=\"https:\/\/www.dehner.de\/jobs\/app\/uploads\/sites\/7\/2025\/05\/dehner-vorbereitung-mitarbeitergespraech-checkliste.png\" class=\"img-cover\" alt=\"Schulungen bei Dehner\" srcset=\"https:\/\/www.dehner.de\/jobs\/app\/uploads\/sites\/7\/2025\/05\/dehner-vorbereitung-mitarbeitergespraech-checkliste.png 570w, https:\/\/www.dehner.de\/jobs\/app\/uploads\/sites\/7\/2025\/05\/dehner-vorbereitung-mitarbeitergespraech-checkliste-285x300.png 285w, https:\/\/www.dehner.de\/jobs\/app\/uploads\/sites\/7\/2025\/05\/dehner-vorbereitung-mitarbeitergespraech-checkliste-143x150.png 143w\" sizes=\"auto, (max-width: 570px) 100vw, 570px\" \/>                <\/div>\n                <div class=\"col-md-6 df fc jcc body\">\n                            <a href=\"#\" class=\"toggler toggler-down-md toggler-hide\" data-toggle=\"collapse\" data-target=\"#block_1806a6dbd55a1a19578bbb9e48e7c738\" aria-expanded=\"true\" aria-controls=\"block_1806a6dbd55a1a19578bbb9e48e7c738\">\n                            <img loading=\"lazy\" decoding=\"async\" width=\"570\" height=\"600\" src=\"https:\/\/www.dehner.de\/jobs\/app\/uploads\/sites\/7\/2025\/05\/dehner-vorbereitung-mitarbeitergespraech-checkliste.png\" class=\"mobile-image img-fluid mb-3 d-md-none\" alt=\"Schulungen bei Dehner\" srcset=\"https:\/\/www.dehner.de\/jobs\/app\/uploads\/sites\/7\/2025\/05\/dehner-vorbereitung-mitarbeitergespraech-checkliste.png 570w, https:\/\/www.dehner.de\/jobs\/app\/uploads\/sites\/7\/2025\/05\/dehner-vorbereitung-mitarbeitergespraech-checkliste-285x300.png 285w, https:\/\/www.dehner.de\/jobs\/app\/uploads\/sites\/7\/2025\/05\/dehner-vorbereitung-mitarbeitergespraech-checkliste-143x150.png 143w\" sizes=\"auto, (max-width: 570px) 100vw, 570px\" \/>                        <h3 class=\"font-h4 toggler toggler-down-md\">Gut vorbereitet \u2013 f\u00fcr echte Begegnungen auf Augenh\u00f6he<\/h3>        <\/a>\n        <div class=\"collapse text show\" id=\"block_1806a6dbd55a1a19578bbb9e48e7c738\" data-parent=\"main\">\n            <p>Ein gutes Gespr\u00e4ch lebt nicht vom Zufall. Deshalb war es uns wichtig, alle F\u00fchrungskr\u00e4fte optimal auf die neue Gespr\u00e4chsstruktur vorzubereiten. Im Dehner-Intranet stehen zahlreiche Informationen, Leitf\u00e4den und FAQs zur Verf\u00fcgung. Dar\u00fcber hinaus haben wir Informationsveranstaltungen angeboten und ein eigenes Schulungsformat entwickelt, in dem wir die Grundhaltung hinter dem Gespr\u00e4ch betont haben. Eine wertsch\u00e4tzende Haltung, der Wille zum offenen Austausch und echtes Verst\u00e4ndnis f\u00fcr das Gegen\u00fcber \u2013 das sind die St\u00fctzpfeiler dieses Gespr\u00e4chsformats.<\/p>\n<p>Kurz gesagt: Wer ein gutes Mitarbeitergespr\u00e4ch f\u00fchren will, muss bereit sein, wirklich zuzuh\u00f6ren. Und genau das nehmen wir uns zu Herzen. Wir h\u00f6ren zu und nehmen Feedback ernst. Denn R\u00fcckmeldungen geben uns wertvolle Impulse f\u00fcr Verbesserungen und neue Ans\u00e4tze. Dadurch k\u00f6nnen wir unsere Gespr\u00e4chskultur, gepr\u00e4gt von Vertrauen, Offenheit und gemeinsamer Entwicklung weiter st\u00e4rken.<\/p>\n                    <\/div>                <\/div>\n            \n        <\/div>\n    <\/div>\n<\/section>\n\n\n<section class=\"block-img-txt text-50-img-50 pb-4\">\n    <div class=\"container\">\n        <div class=\"row\">\n                            <div class=\"col-md-6 pb-4 d-none d-md-block image\">\n                    <img loading=\"lazy\" decoding=\"async\" width=\"570\" height=\"500\" src=\"https:\/\/www.dehner.de\/jobs\/app\/uploads\/sites\/7\/2025\/05\/dehner-entwicklung-kommunikation-feedback-mitarbeitergespraech.png\" class=\"img-cover\" alt=\"Kommunikation bei Dehner\" srcset=\"https:\/\/www.dehner.de\/jobs\/app\/uploads\/sites\/7\/2025\/05\/dehner-entwicklung-kommunikation-feedback-mitarbeitergespraech.png 570w, https:\/\/www.dehner.de\/jobs\/app\/uploads\/sites\/7\/2025\/05\/dehner-entwicklung-kommunikation-feedback-mitarbeitergespraech-300x263.png 300w, https:\/\/www.dehner.de\/jobs\/app\/uploads\/sites\/7\/2025\/05\/dehner-entwicklung-kommunikation-feedback-mitarbeitergespraech-150x132.png 150w\" sizes=\"auto, (max-width: 570px) 100vw, 570px\" \/>                <\/div>\n                <div class=\"col-md-6 df fc jcc body\">\n                            <a href=\"#\" class=\"toggler toggler-down-md toggler-hide\" data-toggle=\"collapse\" data-target=\"#block_163d6b9c16de19c387357fbfb22d85a6\" aria-expanded=\"true\" aria-controls=\"block_163d6b9c16de19c387357fbfb22d85a6\">\n                            <img loading=\"lazy\" decoding=\"async\" width=\"570\" height=\"500\" src=\"https:\/\/www.dehner.de\/jobs\/app\/uploads\/sites\/7\/2025\/05\/dehner-entwicklung-kommunikation-feedback-mitarbeitergespraech.png\" class=\"mobile-image img-fluid mb-3 d-md-none\" alt=\"Kommunikation bei Dehner\" srcset=\"https:\/\/www.dehner.de\/jobs\/app\/uploads\/sites\/7\/2025\/05\/dehner-entwicklung-kommunikation-feedback-mitarbeitergespraech.png 570w, https:\/\/www.dehner.de\/jobs\/app\/uploads\/sites\/7\/2025\/05\/dehner-entwicklung-kommunikation-feedback-mitarbeitergespraech-300x263.png 300w, https:\/\/www.dehner.de\/jobs\/app\/uploads\/sites\/7\/2025\/05\/dehner-entwicklung-kommunikation-feedback-mitarbeitergespraech-150x132.png 150w\" sizes=\"auto, (max-width: 570px) 100vw, 570px\" \/>                        <h3 class=\"font-h4 toggler toggler-down-md\">Fazit: Zuh\u00f6ren. Verstehen. Entwickeln.<\/h3>        <\/a>\n        <div class=\"collapse text show\" id=\"block_163d6b9c16de19c387357fbfb22d85a6\" data-parent=\"main\">\n            <p>Mit dem neuen Mitarbeitergespr\u00e4ch schaffen wir bei Dehner eine gemeinsame Gespr\u00e4chskultur, die weit \u00fcber Feedback hinausgeht. Es geht um Orientierung, Entwicklung und nicht zuletzt um die Beziehung zwischen F\u00fchrungskraft und Mitarbeitendem.<\/p>\n<p>F\u00fcr uns als POD-Team ist das neue Gespr\u00e4chsformat ein Symbol f\u00fcr das, was wir t\u00e4glich leben: Miteinander reden \u2013 gemeinsam wachsen.<\/p>\n<p>Und wir sind \u00fcberzeugt: Wenn wir offen miteinander sprechen, entsteht Ver\u00e4nderung. Aus Gespr\u00e4chen werden Ideen. Aus Ideen wird Entwicklung. Und daraus w\u00e4chst ein starkes Unternehmen \u2013 getragen von den Menschen, die es ausmachen.<\/p>\n                    <\/div>                <\/div>\n            \n        <\/div>\n    <\/div>\n<\/section>\n","protected":false},"excerpt":{"rendered":"","protected":false},"featured_media":32816,"parent":0,"template":"","blog_category":[456,453],"class_list":["post-32814","blog","type-blog","status-publish","has-post-thumbnail","hentry","blog_category-arbeitswelt","blog_category-jobeinblicke"],"acf":[],"yoast_head":"<!-- This site is optimized with the Yoast SEO plugin v24.5 - https:\/\/yoast.com\/wordpress\/plugins\/seo\/ -->\n<title>Miteinander reden - gemeinsam wachsen<\/title>\n<meta name=\"description\" content=\"Neues Gespr\u00e4chsformat bei Dehner \u2713 Mitarbeitergespr\u00e4ch \u2713 Feedback \u2713 Entwicklung \u27a4 Jetzt mehr erfahren!\" \/>\n<meta name=\"robots\" content=\"index, follow, max-snippet:-1, max-image-preview:large, max-video-preview:-1\" \/>\n<link rel=\"canonical\" href=\"https:\/\/www.dehner.de\/jobs\/blogbeitrag\/miteinander-reden-gemeinsam-wachsen\/\" \/>\n<meta property=\"og:locale\" content=\"de_DE\" \/>\n<meta property=\"og:type\" content=\"article\" \/>\n<meta property=\"og:title\" content=\"Miteinander reden - gemeinsam wachsen\" \/>\n<meta property=\"og:description\" content=\"Neues Gespr\u00e4chsformat bei Dehner \u2713 Mitarbeitergespr\u00e4ch \u2713 Feedback \u2713 Entwicklung \u27a4 Jetzt mehr erfahren!\" \/>\n<meta property=\"og:url\" content=\"https:\/\/www.dehner.de\/jobs\/blogbeitrag\/miteinander-reden-gemeinsam-wachsen\/\" \/>\n<meta property=\"og:site_name\" content=\"Karriere bei Dehner\" \/>\n<meta property=\"article:modified_time\" content=\"2025-05-30T06:06:31+00:00\" \/>\n<meta property=\"og:image\" content=\"https:\/\/www.dehner.de\/jobs\/app\/uploads\/sites\/7\/2025\/05\/dehner-mitarbeitergespraech-personalentwicklung.png\" \/>\n\t<meta property=\"og:image:width\" content=\"1920\" \/>\n\t<meta property=\"og:image:height\" content=\"500\" \/>\n\t<meta property=\"og:image:type\" content=\"image\/png\" \/>\n<meta name=\"twitter:card\" content=\"summary_large_image\" \/>\n<meta name=\"twitter:label1\" content=\"Est. reading time\" \/>\n\t<meta name=\"twitter:data1\" content=\"5 Minuten\" \/>\n<script type=\"application\/ld+json\" class=\"yoast-schema-graph\">{\"@context\":\"https:\/\/schema.org\",\"@graph\":[{\"@type\":\"WebPage\",\"@id\":\"https:\/\/www.dehner.de\/jobs\/blogbeitrag\/miteinander-reden-gemeinsam-wachsen\/\",\"url\":\"https:\/\/www.dehner.de\/jobs\/blogbeitrag\/miteinander-reden-gemeinsam-wachsen\/\",\"name\":\"Miteinander reden - gemeinsam wachsen\",\"isPartOf\":{\"@id\":\"https:\/\/www.dehner.de\/jobs\/#website\"},\"primaryImageOfPage\":{\"@id\":\"https:\/\/www.dehner.de\/jobs\/blogbeitrag\/miteinander-reden-gemeinsam-wachsen\/#primaryimage\"},\"image\":{\"@id\":\"https:\/\/www.dehner.de\/jobs\/blogbeitrag\/miteinander-reden-gemeinsam-wachsen\/#primaryimage\"},\"thumbnailUrl\":\"https:\/\/www.dehner.de\/jobs\/app\/uploads\/sites\/7\/2025\/05\/dehner-mitarbeitergespraech-personalentwicklung.png\",\"datePublished\":\"2025-05-30T06:00:00+00:00\",\"dateModified\":\"2025-05-30T06:06:31+00:00\",\"description\":\"Neues Gespr\u00e4chsformat bei Dehner \u2713 Mitarbeitergespr\u00e4ch \u2713 Feedback \u2713 Entwicklung \u27a4 Jetzt mehr erfahren!\",\"breadcrumb\":{\"@id\":\"https:\/\/www.dehner.de\/jobs\/blogbeitrag\/miteinander-reden-gemeinsam-wachsen\/#breadcrumb\"},\"inLanguage\":\"de-DE\",\"potentialAction\":[{\"@type\":\"ReadAction\",\"target\":[\"https:\/\/www.dehner.de\/jobs\/blogbeitrag\/miteinander-reden-gemeinsam-wachsen\/\"]}]},{\"@type\":\"ImageObject\",\"inLanguage\":\"de-DE\",\"@id\":\"https:\/\/www.dehner.de\/jobs\/blogbeitrag\/miteinander-reden-gemeinsam-wachsen\/#primaryimage\",\"url\":\"https:\/\/www.dehner.de\/jobs\/app\/uploads\/sites\/7\/2025\/05\/dehner-mitarbeitergespraech-personalentwicklung.png\",\"contentUrl\":\"https:\/\/www.dehner.de\/jobs\/app\/uploads\/sites\/7\/2025\/05\/dehner-mitarbeitergespraech-personalentwicklung.png\",\"width\":1920,\"height\":500,\"caption\":\"Einf\u00fchrung von einheitlichen Mitarbeitergespr\u00e4chen bei Dehner\"},{\"@type\":\"BreadcrumbList\",\"@id\":\"https:\/\/www.dehner.de\/jobs\/blogbeitrag\/miteinander-reden-gemeinsam-wachsen\/#breadcrumb\",\"itemListElement\":[{\"@type\":\"ListItem\",\"position\":1,\"name\":\"Home\",\"item\":\"https:\/\/www.dehner.de\/jobs\/\"},{\"@type\":\"ListItem\",\"position\":2,\"name\":\"Miteinander reden &#8211; gemeinsam wachsen\"}]},{\"@type\":\"WebSite\",\"@id\":\"https:\/\/www.dehner.de\/jobs\/#website\",\"url\":\"https:\/\/www.dehner.de\/jobs\/\",\"name\":\"Karriere bei Dehner\",\"description\":\"Die Storys unserer Personalbotschafter\",\"publisher\":{\"@id\":\"https:\/\/www.dehner.de\/jobs\/#organization\"},\"potentialAction\":[{\"@type\":\"SearchAction\",\"target\":{\"@type\":\"EntryPoint\",\"urlTemplate\":\"https:\/\/www.dehner.de\/jobs\/?s={search_term_string}\"},\"query-input\":{\"@type\":\"PropertyValueSpecification\",\"valueRequired\":true,\"valueName\":\"search_term_string\"}}],\"inLanguage\":\"de-DE\"},{\"@type\":\"Organization\",\"@id\":\"https:\/\/www.dehner.de\/jobs\/#organization\",\"name\":\"Karriere bei Dehner\",\"url\":\"https:\/\/www.dehner.de\/jobs\/\",\"logo\":{\"@type\":\"ImageObject\",\"inLanguage\":\"de-DE\",\"@id\":\"https:\/\/www.dehner.de\/jobs\/#\/schema\/logo\/image\/\",\"url\":\"https:\/\/www.dehner.de\/jobs\/app\/uploads\/sites\/7\/2025\/12\/dehner-garten-center-koenigsbrunn-revitalisierung-neubau-umbau.png\",\"contentUrl\":\"https:\/\/www.dehner.de\/jobs\/app\/uploads\/sites\/7\/2025\/12\/dehner-garten-center-koenigsbrunn-revitalisierung-neubau-umbau.png\",\"width\":800,\"height\":1315,\"caption\":\"Karriere bei Dehner\"},\"image\":{\"@id\":\"https:\/\/www.dehner.de\/jobs\/#\/schema\/logo\/image\/\"}}]}<\/script>\n<!-- \/ Yoast SEO plugin. -->","yoast_head_json":{"title":"Miteinander reden - gemeinsam wachsen","description":"Neues Gespr\u00e4chsformat bei Dehner \u2713 Mitarbeitergespr\u00e4ch \u2713 Feedback \u2713 Entwicklung \u27a4 Jetzt mehr erfahren!","robots":{"index":"index","follow":"follow","max-snippet":"max-snippet:-1","max-image-preview":"max-image-preview:large","max-video-preview":"max-video-preview:-1"},"canonical":"https:\/\/www.dehner.de\/jobs\/blogbeitrag\/miteinander-reden-gemeinsam-wachsen\/","og_locale":"de_DE","og_type":"article","og_title":"Miteinander reden - gemeinsam wachsen","og_description":"Neues Gespr\u00e4chsformat bei Dehner \u2713 Mitarbeitergespr\u00e4ch \u2713 Feedback \u2713 Entwicklung \u27a4 Jetzt mehr erfahren!","og_url":"https:\/\/www.dehner.de\/jobs\/blogbeitrag\/miteinander-reden-gemeinsam-wachsen\/","og_site_name":"Karriere bei Dehner","article_modified_time":"2025-05-30T06:06:31+00:00","og_image":[{"width":1920,"height":500,"url":"https:\/\/www.dehner.de\/jobs\/app\/uploads\/sites\/7\/2025\/05\/dehner-mitarbeitergespraech-personalentwicklung.png","type":"image\/png"}],"twitter_card":"summary_large_image","twitter_misc":{"Est. reading time":"5 Minuten"},"schema":{"@context":"https:\/\/schema.org","@graph":[{"@type":"WebPage","@id":"https:\/\/www.dehner.de\/jobs\/blogbeitrag\/miteinander-reden-gemeinsam-wachsen\/","url":"https:\/\/www.dehner.de\/jobs\/blogbeitrag\/miteinander-reden-gemeinsam-wachsen\/","name":"Miteinander reden - gemeinsam wachsen","isPartOf":{"@id":"https:\/\/www.dehner.de\/jobs\/#website"},"primaryImageOfPage":{"@id":"https:\/\/www.dehner.de\/jobs\/blogbeitrag\/miteinander-reden-gemeinsam-wachsen\/#primaryimage"},"image":{"@id":"https:\/\/www.dehner.de\/jobs\/blogbeitrag\/miteinander-reden-gemeinsam-wachsen\/#primaryimage"},"thumbnailUrl":"https:\/\/www.dehner.de\/jobs\/app\/uploads\/sites\/7\/2025\/05\/dehner-mitarbeitergespraech-personalentwicklung.png","datePublished":"2025-05-30T06:00:00+00:00","dateModified":"2025-05-30T06:06:31+00:00","description":"Neues Gespr\u00e4chsformat bei Dehner \u2713 Mitarbeitergespr\u00e4ch \u2713 Feedback \u2713 Entwicklung \u27a4 Jetzt mehr erfahren!","breadcrumb":{"@id":"https:\/\/www.dehner.de\/jobs\/blogbeitrag\/miteinander-reden-gemeinsam-wachsen\/#breadcrumb"},"inLanguage":"de-DE","potentialAction":[{"@type":"ReadAction","target":["https:\/\/www.dehner.de\/jobs\/blogbeitrag\/miteinander-reden-gemeinsam-wachsen\/"]}]},{"@type":"ImageObject","inLanguage":"de-DE","@id":"https:\/\/www.dehner.de\/jobs\/blogbeitrag\/miteinander-reden-gemeinsam-wachsen\/#primaryimage","url":"https:\/\/www.dehner.de\/jobs\/app\/uploads\/sites\/7\/2025\/05\/dehner-mitarbeitergespraech-personalentwicklung.png","contentUrl":"https:\/\/www.dehner.de\/jobs\/app\/uploads\/sites\/7\/2025\/05\/dehner-mitarbeitergespraech-personalentwicklung.png","width":1920,"height":500,"caption":"Einf\u00fchrung von einheitlichen Mitarbeitergespr\u00e4chen bei Dehner"},{"@type":"BreadcrumbList","@id":"https:\/\/www.dehner.de\/jobs\/blogbeitrag\/miteinander-reden-gemeinsam-wachsen\/#breadcrumb","itemListElement":[{"@type":"ListItem","position":1,"name":"Home","item":"https:\/\/www.dehner.de\/jobs\/"},{"@type":"ListItem","position":2,"name":"Miteinander reden &#8211; gemeinsam wachsen"}]},{"@type":"WebSite","@id":"https:\/\/www.dehner.de\/jobs\/#website","url":"https:\/\/www.dehner.de\/jobs\/","name":"Karriere bei Dehner","description":"Die Storys unserer Personalbotschafter","publisher":{"@id":"https:\/\/www.dehner.de\/jobs\/#organization"},"potentialAction":[{"@type":"SearchAction","target":{"@type":"EntryPoint","urlTemplate":"https:\/\/www.dehner.de\/jobs\/?s={search_term_string}"},"query-input":{"@type":"PropertyValueSpecification","valueRequired":true,"valueName":"search_term_string"}}],"inLanguage":"de-DE"},{"@type":"Organization","@id":"https:\/\/www.dehner.de\/jobs\/#organization","name":"Karriere bei Dehner","url":"https:\/\/www.dehner.de\/jobs\/","logo":{"@type":"ImageObject","inLanguage":"de-DE","@id":"https:\/\/www.dehner.de\/jobs\/#\/schema\/logo\/image\/","url":"https:\/\/www.dehner.de\/jobs\/app\/uploads\/sites\/7\/2025\/12\/dehner-garten-center-koenigsbrunn-revitalisierung-neubau-umbau.png","contentUrl":"https:\/\/www.dehner.de\/jobs\/app\/uploads\/sites\/7\/2025\/12\/dehner-garten-center-koenigsbrunn-revitalisierung-neubau-umbau.png","width":800,"height":1315,"caption":"Karriere bei Dehner"},"image":{"@id":"https:\/\/www.dehner.de\/jobs\/#\/schema\/logo\/image\/"}}]}},"_links":{"self":[{"href":"https:\/\/www.dehner.de\/jobs\/wp-json\/wp\/v2\/blog\/32814","targetHints":{"allow":["GET"]}}],"collection":[{"href":"https:\/\/www.dehner.de\/jobs\/wp-json\/wp\/v2\/blog"}],"about":[{"href":"https:\/\/www.dehner.de\/jobs\/wp-json\/wp\/v2\/types\/blog"}],"version-history":[{"count":8,"href":"https:\/\/www.dehner.de\/jobs\/wp-json\/wp\/v2\/blog\/32814\/revisions"}],"predecessor-version":[{"id":32889,"href":"https:\/\/www.dehner.de\/jobs\/wp-json\/wp\/v2\/blog\/32814\/revisions\/32889"}],"wp:featuredmedia":[{"embeddable":true,"href":"https:\/\/www.dehner.de\/jobs\/wp-json\/wp\/v2\/media\/32816"}],"wp:attachment":[{"href":"https:\/\/www.dehner.de\/jobs\/wp-json\/wp\/v2\/media?parent=32814"}],"wp:term":[{"taxonomy":"blog_category","embeddable":true,"href":"https:\/\/www.dehner.de\/jobs\/wp-json\/wp\/v2\/blog_category?post=32814"}],"curies":[{"name":"wp","href":"https:\/\/api.w.org\/{rel}","templated":true}]}}