{"id":32692,"date":"2025-05-08T08:00:00","date_gmt":"2025-05-08T06:00:00","guid":{"rendered":"https:\/\/www.dehner.de\/jobs\/?post_type=blog&#038;p=32692"},"modified":"2025-05-08T08:02:09","modified_gmt":"2025-05-08T06:02:09","slug":"mein-auslandssemester-in-bulgarien","status":"publish","type":"blog","link":"https:\/\/www.dehner.de\/jobs\/blogbeitrag\/mein-auslandssemester-in-bulgarien\/","title":{"rendered":"Mein Auslandssemester in Bulgarien"},"content":{"rendered":"<section class=\"block-img-txt img-50-text-50 pb-4\">\n    <div class=\"container\">\n        <div class=\"row\">\n                            <div class=\"col-md-6 pb-4 d-none d-md-block image\">\n                                    <\/div>\n                <div class=\"col-md-6 df fc jcc body\">\n                                                        <div class=\"text\">\n                    <\/div>\n                                <\/div>\n            \n        <\/div>\n    <\/div>\n<\/section>\n\n\n<section class=\"block-img-txt img-50-text-50 pb-4\">\n    <div class=\"container\">\n        <div class=\"row\">\n                            <div class=\"col-md-6 pb-4 d-none d-md-block image\">\n                    <img loading=\"lazy\" decoding=\"async\" width=\"570\" height=\"540\" src=\"https:\/\/www.dehner.de\/jobs\/app\/uploads\/sites\/7\/2025\/05\/auslandssemester-bulgarien-leben-studieren-3.png\" class=\"img-cover\" alt=\"Auslandssemester im duales Studium bei Dehner\" srcset=\"https:\/\/www.dehner.de\/jobs\/app\/uploads\/sites\/7\/2025\/05\/auslandssemester-bulgarien-leben-studieren-3.png 570w, https:\/\/www.dehner.de\/jobs\/app\/uploads\/sites\/7\/2025\/05\/auslandssemester-bulgarien-leben-studieren-3-300x284.png 300w, https:\/\/www.dehner.de\/jobs\/app\/uploads\/sites\/7\/2025\/05\/auslandssemester-bulgarien-leben-studieren-3-150x142.png 150w\" sizes=\"auto, (max-width: 570px) 100vw, 570px\" \/>                <\/div>\n                <div class=\"col-md-6 df fc jcc body\">\n                            <a href=\"#\" class=\"toggler toggler-down-md toggler-hide\" data-toggle=\"collapse\" data-target=\"#block_c46fabefa36b5f443b1edb145d316dc4\" aria-expanded=\"true\" aria-controls=\"block_c46fabefa36b5f443b1edb145d316dc4\">\n                            <img loading=\"lazy\" decoding=\"async\" width=\"570\" height=\"540\" src=\"https:\/\/www.dehner.de\/jobs\/app\/uploads\/sites\/7\/2025\/05\/auslandssemester-bulgarien-leben-studieren-3.png\" class=\"mobile-image img-fluid mb-3 d-md-none\" alt=\"Auslandssemester im duales Studium bei Dehner\" srcset=\"https:\/\/www.dehner.de\/jobs\/app\/uploads\/sites\/7\/2025\/05\/auslandssemester-bulgarien-leben-studieren-3.png 570w, https:\/\/www.dehner.de\/jobs\/app\/uploads\/sites\/7\/2025\/05\/auslandssemester-bulgarien-leben-studieren-3-300x284.png 300w, https:\/\/www.dehner.de\/jobs\/app\/uploads\/sites\/7\/2025\/05\/auslandssemester-bulgarien-leben-studieren-3-150x142.png 150w\" sizes=\"auto, (max-width: 570px) 100vw, 570px\" \/>                        <h3 class=\"font-h4 toggler toggler-down-md\">Wohnen und Leben in Bulgarien<\/h3>        <\/a>\n        <div class=\"collapse text show\" id=\"block_c46fabefa36b5f443b1edb145d316dc4\" data-parent=\"main\">\n            <p>Ich habe w\u00e4hrend meines Auslandssemesters in einer 1-Zimmer-Wohnung in der N\u00e4he der Universit\u00e4t gewohnt. Diese habe durch die Hilfe der Studentenorganisation ESN gefunden. Zur ESN sp\u00e4ter mehr. Die zentrale Lage war ideal: Sowohl die Innenstadt als auch der Strand waren fu\u00dfl\u00e4ufig erreichbar, sodass ich viele Wege bequem zu Fu\u00df erledigen konnte.In direkter N\u00e4he zur Universit\u00e4t befand sich zudem ein Supermarkt, in dem ich zahlreiche deutsche Produkte finden konnte \u2013 ein St\u00fcck Heimat im Ausland.<\/p>\n<p>Insgesamt ist das Leben in Bulgarien deutlich g\u00fcnstiger als in Deutschland. Mein Aufenthalt wurde durch das Erasmus+ Programm der EU finanziell unterst\u00fctzt, sodass ich mir w\u00e4hrend meines Semesters keine Sorgen um Geld machen musste. In Bulgarien zahlt man mit Lew, jedoch konnte ich fast \u00fcberall \u2013 selbst an kleinen Imbissst\u00e4nden oder in kleinen L\u00e4den \u2013 problemlos mit Karte bezahlen. Bargeld war kaum notwendig.<\/p>\n                    <\/div>                <\/div>\n            \n        <\/div>\n    <\/div>\n<\/section>\n\n\n<section class=\"block-img-txt text-50-img-50 pb-4\">\n    <div class=\"container\">\n        <div class=\"row\">\n                            <div class=\"col-md-6 pb-4 d-none d-md-block image\">\n                    <img loading=\"lazy\" decoding=\"async\" width=\"570\" height=\"580\" src=\"https:\/\/www.dehner.de\/jobs\/app\/uploads\/sites\/7\/2025\/05\/studium-praesentation-universitaet-1.png\" class=\"img-cover\" alt=\"Kennenlernen der Universit\u00e4t in Varna\" srcset=\"https:\/\/www.dehner.de\/jobs\/app\/uploads\/sites\/7\/2025\/05\/studium-praesentation-universitaet-1.png 570w, https:\/\/www.dehner.de\/jobs\/app\/uploads\/sites\/7\/2025\/05\/studium-praesentation-universitaet-1-295x300.png 295w, https:\/\/www.dehner.de\/jobs\/app\/uploads\/sites\/7\/2025\/05\/studium-praesentation-universitaet-1-147x150.png 147w, https:\/\/www.dehner.de\/jobs\/app\/uploads\/sites\/7\/2025\/05\/studium-praesentation-universitaet-1-75x75.png 75w\" sizes=\"auto, (max-width: 570px) 100vw, 570px\" \/>                <\/div>\n                <div class=\"col-md-6 df fc jcc body\">\n                            <a href=\"#\" class=\"toggler toggler-down-md toggler-hide\" data-toggle=\"collapse\" data-target=\"#block_595325616265ca0699d181281cab0898\" aria-expanded=\"true\" aria-controls=\"block_595325616265ca0699d181281cab0898\">\n                            <img loading=\"lazy\" decoding=\"async\" width=\"570\" height=\"580\" src=\"https:\/\/www.dehner.de\/jobs\/app\/uploads\/sites\/7\/2025\/05\/studium-praesentation-universitaet-1.png\" class=\"mobile-image img-fluid mb-3 d-md-none\" alt=\"Kennenlernen der Universit\u00e4t in Varna\" srcset=\"https:\/\/www.dehner.de\/jobs\/app\/uploads\/sites\/7\/2025\/05\/studium-praesentation-universitaet-1.png 570w, https:\/\/www.dehner.de\/jobs\/app\/uploads\/sites\/7\/2025\/05\/studium-praesentation-universitaet-1-295x300.png 295w, https:\/\/www.dehner.de\/jobs\/app\/uploads\/sites\/7\/2025\/05\/studium-praesentation-universitaet-1-147x150.png 147w, https:\/\/www.dehner.de\/jobs\/app\/uploads\/sites\/7\/2025\/05\/studium-praesentation-universitaet-1-75x75.png 75w\" sizes=\"auto, (max-width: 570px) 100vw, 570px\" \/>                        <h3 class=\"font-h4 toggler toggler-down-md\">Studieren an Universit\u00e4t in Varna<\/h3>        <\/a>\n        <div class=\"collapse text show\" id=\"block_595325616265ca0699d181281cab0898\" data-parent=\"main\">\n            <p>Die University of Economics (UE) in Varna ist bekannt f\u00fcr ihre umfassende Bibliothek. W\u00e4hrend meines Aufenthalts habe ich dort vier Kurse belegt, um die Anforderungen meiner Heimathochschule, der DHBW, zu erf\u00fcllen. Die belegten F\u00e4cher waren: ERP-Systems, Behavioral Economics, Business Valuation und Marketing Communications.<\/p>\n<p>Im Vergleich zu meinem Studium in Deutschland empfand ich das Niveau der Kurse als etwas niedriger. Die Dozenten konnten \u00fcberraschend gutes und verst\u00e4ndliches Englisch, sodass ich mich schnell an den englischsprachigen Unterricht gew\u00f6hnt habe.<br \/>\nJeder Kurs umfasste zwei Vorlesungseinheiten pro Woche, jeweils 90 Minuten. Die Leistungserbringung fiel je nach Kurs unterschiedlich aus: In manchen Modulen waren Pr\u00e4sentationen zu erarbeiten und zu halten, in anderen schriftliche Arbeiten einzureichen oder Tests zu absolvieren. Trotz des regul\u00e4ren Studienumfangs blieb mir ausreichend Zeit, um Varna sowie die Umgebung zu erkunden.<\/p>\n                    <\/div>                <\/div>\n            \n        <\/div>\n    <\/div>\n<\/section>\n\n\n<section class=\"block-img-txt img-50-text-50 pb-4\">\n    <div class=\"container\">\n        <div class=\"row\">\n                            <div class=\"col-md-6 pb-4 d-none d-md-block image\">\n                    <img loading=\"lazy\" decoding=\"async\" width=\"570\" height=\"660\" src=\"https:\/\/www.dehner.de\/jobs\/app\/uploads\/sites\/7\/2025\/05\/freizeit-strand-bulgarien-1.png\" class=\"img-cover\" alt=\"Kennenlernen neuer Kulturen im Auslandssemester\" srcset=\"https:\/\/www.dehner.de\/jobs\/app\/uploads\/sites\/7\/2025\/05\/freizeit-strand-bulgarien-1.png 570w, https:\/\/www.dehner.de\/jobs\/app\/uploads\/sites\/7\/2025\/05\/freizeit-strand-bulgarien-1-259x300.png 259w, https:\/\/www.dehner.de\/jobs\/app\/uploads\/sites\/7\/2025\/05\/freizeit-strand-bulgarien-1-130x150.png 130w\" sizes=\"auto, (max-width: 570px) 100vw, 570px\" \/>                <\/div>\n                <div class=\"col-md-6 df fc jcc body\">\n                            <a href=\"#\" class=\"toggler toggler-down-md toggler-hide\" data-toggle=\"collapse\" data-target=\"#block_6afd149348bcbf962ef58e1e2b78a224\" aria-expanded=\"true\" aria-controls=\"block_6afd149348bcbf962ef58e1e2b78a224\">\n                            <img loading=\"lazy\" decoding=\"async\" width=\"570\" height=\"660\" src=\"https:\/\/www.dehner.de\/jobs\/app\/uploads\/sites\/7\/2025\/05\/freizeit-strand-bulgarien-1.png\" class=\"mobile-image img-fluid mb-3 d-md-none\" alt=\"Kennenlernen neuer Kulturen im Auslandssemester\" srcset=\"https:\/\/www.dehner.de\/jobs\/app\/uploads\/sites\/7\/2025\/05\/freizeit-strand-bulgarien-1.png 570w, https:\/\/www.dehner.de\/jobs\/app\/uploads\/sites\/7\/2025\/05\/freizeit-strand-bulgarien-1-259x300.png 259w, https:\/\/www.dehner.de\/jobs\/app\/uploads\/sites\/7\/2025\/05\/freizeit-strand-bulgarien-1-130x150.png 130w\" sizes=\"auto, (max-width: 570px) 100vw, 570px\" \/>                        <h3 class=\"font-h4 toggler toggler-down-md\">Von Kultur bis Freizeitvergn\u00fcgen<\/h3>        <\/a>\n        <div class=\"collapse text show\" id=\"block_6afd149348bcbf962ef58e1e2b78a224\" data-parent=\"main\">\n            <p>An der Universit\u00e4t waren vor allem deutsche, franz\u00f6sische und spanische Studierende, dennoch waren viele andere Nationalit\u00e4ten ebenfalls vertreten. Dies erm\u00f6glichte es mir, meine Freizeit mit Deutschen zu verbringen, w\u00e4hrend ich gleichzeitig die Gelegenheit hatte, mich viel mit anderen Kulturen und Menschen aus verschiedenen L\u00e4ndern auszutauschen.<\/p>\n<p>Zu unseren beliebtesten Freizeitaktivit\u00e4ten geh\u00f6rten Billard und Darts spielen, Treffen in Bars oder Caf\u00e9s, gemeinsames Essen gehen und Shoppen in Second-Hand-L\u00e4den. In den ersten beiden Monaten war das Wetter noch warm genug, um den Strand zu besuchen und im Schwarzen Meer zu schwimmen. Zudem gab es mehrere Malls, die neben Einkaufen auch zahlreiche M\u00f6glichkeiten zum Essen und f\u00fcr Kinobesuche boten.<br \/>\nDen Rest unserer Freizeit konnten wir mit den angebotenen Aktivit\u00e4ten der Studentenorganisation ESN verbringen. Diese organisierten Partys, Bartouren, Spiele, Reisen und Sportaktivit\u00e4ten. Die Teilnahme an den Angeboten erm\u00f6glichte es mir, problemlos viele Kontakte zu anderen Studierenden zu kn\u00fcpfen.<\/p>\n                    <\/div>                <\/div>\n            \n        <\/div>\n    <\/div>\n<\/section>\n\n\n<section class=\"block-img-txt text-50-img-50 pb-4\">\n    <div class=\"container\">\n        <div class=\"row\">\n                            <div class=\"col-md-6 pb-4 d-none d-md-block image\">\n                    <img loading=\"lazy\" decoding=\"async\" width=\"570\" height=\"460\" src=\"https:\/\/www.dehner.de\/jobs\/app\/uploads\/sites\/7\/2025\/05\/reisen-auslandssemester-istanbul-1.png\" class=\"img-cover\" alt=\"Freizeit beim Studium im Ausland\" srcset=\"https:\/\/www.dehner.de\/jobs\/app\/uploads\/sites\/7\/2025\/05\/reisen-auslandssemester-istanbul-1.png 570w, https:\/\/www.dehner.de\/jobs\/app\/uploads\/sites\/7\/2025\/05\/reisen-auslandssemester-istanbul-1-300x242.png 300w, https:\/\/www.dehner.de\/jobs\/app\/uploads\/sites\/7\/2025\/05\/reisen-auslandssemester-istanbul-1-150x121.png 150w\" sizes=\"auto, (max-width: 570px) 100vw, 570px\" \/>                <\/div>\n                <div class=\"col-md-6 df fc jcc body\">\n                            <a href=\"#\" class=\"toggler toggler-down-md toggler-hide\" data-toggle=\"collapse\" data-target=\"#block_b65debab1d4f8d3c5b0e3de3f1b76e3d\" aria-expanded=\"true\" aria-controls=\"block_b65debab1d4f8d3c5b0e3de3f1b76e3d\">\n                            <img loading=\"lazy\" decoding=\"async\" width=\"570\" height=\"460\" src=\"https:\/\/www.dehner.de\/jobs\/app\/uploads\/sites\/7\/2025\/05\/reisen-auslandssemester-istanbul-1.png\" class=\"mobile-image img-fluid mb-3 d-md-none\" alt=\"Freizeit beim Studium im Ausland\" srcset=\"https:\/\/www.dehner.de\/jobs\/app\/uploads\/sites\/7\/2025\/05\/reisen-auslandssemester-istanbul-1.png 570w, https:\/\/www.dehner.de\/jobs\/app\/uploads\/sites\/7\/2025\/05\/reisen-auslandssemester-istanbul-1-300x242.png 300w, https:\/\/www.dehner.de\/jobs\/app\/uploads\/sites\/7\/2025\/05\/reisen-auslandssemester-istanbul-1-150x121.png 150w\" sizes=\"auto, (max-width: 570px) 100vw, 570px\" \/>                        <h3 class=\"font-h4 toggler toggler-down-md\">Reisen w\u00e4hrend des Semesters<\/h3>        <\/a>\n        <div class=\"collapse text show\" id=\"block_b65debab1d4f8d3c5b0e3de3f1b76e3d\" data-parent=\"main\">\n            <p>Wie bereits erw\u00e4hnt, wurden Reisen von der ESN organisiert, was mir die Gelegenheit gab, benachbarte St\u00e4dte sowie weitere Sehensw\u00fcrdigkeiten rund um Varna zu entdecken. Zudem bin ich zusammen mit ein paar anderen Studenten mit dem Bus nach Istanbul und nach Bukarest gefahren. Hierbei sind die Busreisen nur etwa 10 Stunden lang und sehr g\u00fcnstig. Leider konnte ich aufgrund von Zeitmangel die Landeshauptstadt Sofia nicht besuchen.<\/p>\n<p>Insgesamt kann ich sagen, dass das Auslandssemester eine sehr sch\u00f6ne und bereichernde Erfahrung au\u00dferhalb der eigenen Komfort-Zone ist. Ich kann jedem nur ans Herz legen, die Gelegenheit zu nutzen, f\u00fcr eine bestimmte Zeit im Ausland zu leben \u2013 sei es f\u00fcr ein Studium oder ein Praktikum.<\/p>\n                    <\/div>                <\/div>\n            \n        <\/div>\n    <\/div>\n<\/section>\n","protected":false},"excerpt":{"rendered":"","protected":false},"featured_media":32700,"parent":0,"template":"","blog_category":[475],"class_list":["post-32692","blog","type-blog","status-publish","has-post-thumbnail","hentry","blog_category-duales-studium"],"acf":[],"yoast_head":"<!-- This site is optimized with the Yoast SEO plugin v24.5 - https:\/\/yoast.com\/wordpress\/plugins\/seo\/ -->\n<title>Mein Auslandssemester in Bulgarien<\/title>\n<meta name=\"description\" content=\"Auslandssemester in Varna: Studium, Leben und Reisen mit Erasmus \u27a4 jetzt mehr erfahren!\" \/>\n<meta name=\"robots\" content=\"index, follow, max-snippet:-1, max-image-preview:large, max-video-preview:-1\" \/>\n<link rel=\"canonical\" href=\"https:\/\/www.dehner.de\/jobs\/blogbeitrag\/mein-auslandssemester-in-bulgarien\/\" \/>\n<meta property=\"og:locale\" content=\"de_DE\" \/>\n<meta property=\"og:type\" content=\"article\" \/>\n<meta property=\"og:title\" content=\"Mein Auslandssemester in Bulgarien\" \/>\n<meta property=\"og:description\" content=\"Auslandssemester in Varna: Studium, Leben und Reisen mit Erasmus \u27a4 jetzt mehr erfahren!\" \/>\n<meta property=\"og:url\" content=\"https:\/\/www.dehner.de\/jobs\/blogbeitrag\/mein-auslandssemester-in-bulgarien\/\" \/>\n<meta property=\"og:site_name\" content=\"Karriere bei Dehner\" \/>\n<meta property=\"article:modified_time\" content=\"2025-05-08T06:02:09+00:00\" \/>\n<meta property=\"og:image\" content=\"https:\/\/www.dehner.de\/jobs\/app\/uploads\/sites\/7\/2025\/05\/dehner-teamausflug-zusammenhalt-kommunikation-teamwork.png\" \/>\n\t<meta property=\"og:image:width\" content=\"1920\" \/>\n\t<meta property=\"og:image:height\" content=\"500\" \/>\n\t<meta property=\"og:image:type\" content=\"image\/png\" \/>\n<meta name=\"twitter:card\" content=\"summary_large_image\" \/>\n<meta name=\"twitter:label1\" content=\"Est. reading time\" \/>\n\t<meta name=\"twitter:data1\" content=\"5 Minuten\" \/>\n<script type=\"application\/ld+json\" class=\"yoast-schema-graph\">{\"@context\":\"https:\/\/schema.org\",\"@graph\":[{\"@type\":\"WebPage\",\"@id\":\"https:\/\/www.dehner.de\/jobs\/blogbeitrag\/mein-auslandssemester-in-bulgarien\/\",\"url\":\"https:\/\/www.dehner.de\/jobs\/blogbeitrag\/mein-auslandssemester-in-bulgarien\/\",\"name\":\"Mein Auslandssemester in Bulgarien\",\"isPartOf\":{\"@id\":\"https:\/\/www.dehner.de\/jobs\/#website\"},\"primaryImageOfPage\":{\"@id\":\"https:\/\/www.dehner.de\/jobs\/blogbeitrag\/mein-auslandssemester-in-bulgarien\/#primaryimage\"},\"image\":{\"@id\":\"https:\/\/www.dehner.de\/jobs\/blogbeitrag\/mein-auslandssemester-in-bulgarien\/#primaryimage\"},\"thumbnailUrl\":\"https:\/\/www.dehner.de\/jobs\/app\/uploads\/sites\/7\/2025\/05\/dehner-teamausflug-zusammenhalt-kommunikation-teamwork.png\",\"datePublished\":\"2025-05-08T06:00:00+00:00\",\"dateModified\":\"2025-05-08T06:02:09+00:00\",\"description\":\"Auslandssemester in Varna: Studium, Leben und Reisen mit Erasmus \u27a4 jetzt mehr erfahren!\",\"breadcrumb\":{\"@id\":\"https:\/\/www.dehner.de\/jobs\/blogbeitrag\/mein-auslandssemester-in-bulgarien\/#breadcrumb\"},\"inLanguage\":\"de-DE\",\"potentialAction\":[{\"@type\":\"ReadAction\",\"target\":[\"https:\/\/www.dehner.de\/jobs\/blogbeitrag\/mein-auslandssemester-in-bulgarien\/\"]}]},{\"@type\":\"ImageObject\",\"inLanguage\":\"de-DE\",\"@id\":\"https:\/\/www.dehner.de\/jobs\/blogbeitrag\/mein-auslandssemester-in-bulgarien\/#primaryimage\",\"url\":\"https:\/\/www.dehner.de\/jobs\/app\/uploads\/sites\/7\/2025\/05\/dehner-teamausflug-zusammenhalt-kommunikation-teamwork.png\",\"contentUrl\":\"https:\/\/www.dehner.de\/jobs\/app\/uploads\/sites\/7\/2025\/05\/dehner-teamausflug-zusammenhalt-kommunikation-teamwork.png\",\"width\":1920,\"height\":500,\"caption\":\"Studieren im Ausland\"},{\"@type\":\"BreadcrumbList\",\"@id\":\"https:\/\/www.dehner.de\/jobs\/blogbeitrag\/mein-auslandssemester-in-bulgarien\/#breadcrumb\",\"itemListElement\":[{\"@type\":\"ListItem\",\"position\":1,\"name\":\"Home\",\"item\":\"https:\/\/www.dehner.de\/jobs\/\"},{\"@type\":\"ListItem\",\"position\":2,\"name\":\"Mein Auslandssemester in Bulgarien\"}]},{\"@type\":\"WebSite\",\"@id\":\"https:\/\/www.dehner.de\/jobs\/#website\",\"url\":\"https:\/\/www.dehner.de\/jobs\/\",\"name\":\"Karriere bei Dehner\",\"description\":\"Die Storys unserer Personalbotschafter\",\"publisher\":{\"@id\":\"https:\/\/www.dehner.de\/jobs\/#organization\"},\"potentialAction\":[{\"@type\":\"SearchAction\",\"target\":{\"@type\":\"EntryPoint\",\"urlTemplate\":\"https:\/\/www.dehner.de\/jobs\/?s={search_term_string}\"},\"query-input\":{\"@type\":\"PropertyValueSpecification\",\"valueRequired\":true,\"valueName\":\"search_term_string\"}}],\"inLanguage\":\"de-DE\"},{\"@type\":\"Organization\",\"@id\":\"https:\/\/www.dehner.de\/jobs\/#organization\",\"name\":\"Karriere bei Dehner\",\"url\":\"https:\/\/www.dehner.de\/jobs\/\",\"logo\":{\"@type\":\"ImageObject\",\"inLanguage\":\"de-DE\",\"@id\":\"https:\/\/www.dehner.de\/jobs\/#\/schema\/logo\/image\/\",\"url\":\"https:\/\/www.dehner.de\/jobs\/app\/uploads\/sites\/7\/2025\/12\/dehner-garten-center-koenigsbrunn-revitalisierung-neubau-umbau.png\",\"contentUrl\":\"https:\/\/www.dehner.de\/jobs\/app\/uploads\/sites\/7\/2025\/12\/dehner-garten-center-koenigsbrunn-revitalisierung-neubau-umbau.png\",\"width\":800,\"height\":1315,\"caption\":\"Karriere bei Dehner\"},\"image\":{\"@id\":\"https:\/\/www.dehner.de\/jobs\/#\/schema\/logo\/image\/\"}}]}<\/script>\n<!-- \/ Yoast SEO plugin. -->","yoast_head_json":{"title":"Mein Auslandssemester in Bulgarien","description":"Auslandssemester in Varna: Studium, Leben und Reisen mit Erasmus \u27a4 jetzt mehr erfahren!","robots":{"index":"index","follow":"follow","max-snippet":"max-snippet:-1","max-image-preview":"max-image-preview:large","max-video-preview":"max-video-preview:-1"},"canonical":"https:\/\/www.dehner.de\/jobs\/blogbeitrag\/mein-auslandssemester-in-bulgarien\/","og_locale":"de_DE","og_type":"article","og_title":"Mein Auslandssemester in Bulgarien","og_description":"Auslandssemester in Varna: Studium, Leben und Reisen mit Erasmus \u27a4 jetzt mehr erfahren!","og_url":"https:\/\/www.dehner.de\/jobs\/blogbeitrag\/mein-auslandssemester-in-bulgarien\/","og_site_name":"Karriere bei Dehner","article_modified_time":"2025-05-08T06:02:09+00:00","og_image":[{"width":1920,"height":500,"url":"https:\/\/www.dehner.de\/jobs\/app\/uploads\/sites\/7\/2025\/05\/dehner-teamausflug-zusammenhalt-kommunikation-teamwork.png","type":"image\/png"}],"twitter_card":"summary_large_image","twitter_misc":{"Est. reading time":"5 Minuten"},"schema":{"@context":"https:\/\/schema.org","@graph":[{"@type":"WebPage","@id":"https:\/\/www.dehner.de\/jobs\/blogbeitrag\/mein-auslandssemester-in-bulgarien\/","url":"https:\/\/www.dehner.de\/jobs\/blogbeitrag\/mein-auslandssemester-in-bulgarien\/","name":"Mein Auslandssemester in Bulgarien","isPartOf":{"@id":"https:\/\/www.dehner.de\/jobs\/#website"},"primaryImageOfPage":{"@id":"https:\/\/www.dehner.de\/jobs\/blogbeitrag\/mein-auslandssemester-in-bulgarien\/#primaryimage"},"image":{"@id":"https:\/\/www.dehner.de\/jobs\/blogbeitrag\/mein-auslandssemester-in-bulgarien\/#primaryimage"},"thumbnailUrl":"https:\/\/www.dehner.de\/jobs\/app\/uploads\/sites\/7\/2025\/05\/dehner-teamausflug-zusammenhalt-kommunikation-teamwork.png","datePublished":"2025-05-08T06:00:00+00:00","dateModified":"2025-05-08T06:02:09+00:00","description":"Auslandssemester in Varna: Studium, Leben und Reisen mit Erasmus \u27a4 jetzt mehr erfahren!","breadcrumb":{"@id":"https:\/\/www.dehner.de\/jobs\/blogbeitrag\/mein-auslandssemester-in-bulgarien\/#breadcrumb"},"inLanguage":"de-DE","potentialAction":[{"@type":"ReadAction","target":["https:\/\/www.dehner.de\/jobs\/blogbeitrag\/mein-auslandssemester-in-bulgarien\/"]}]},{"@type":"ImageObject","inLanguage":"de-DE","@id":"https:\/\/www.dehner.de\/jobs\/blogbeitrag\/mein-auslandssemester-in-bulgarien\/#primaryimage","url":"https:\/\/www.dehner.de\/jobs\/app\/uploads\/sites\/7\/2025\/05\/dehner-teamausflug-zusammenhalt-kommunikation-teamwork.png","contentUrl":"https:\/\/www.dehner.de\/jobs\/app\/uploads\/sites\/7\/2025\/05\/dehner-teamausflug-zusammenhalt-kommunikation-teamwork.png","width":1920,"height":500,"caption":"Studieren im Ausland"},{"@type":"BreadcrumbList","@id":"https:\/\/www.dehner.de\/jobs\/blogbeitrag\/mein-auslandssemester-in-bulgarien\/#breadcrumb","itemListElement":[{"@type":"ListItem","position":1,"name":"Home","item":"https:\/\/www.dehner.de\/jobs\/"},{"@type":"ListItem","position":2,"name":"Mein Auslandssemester in Bulgarien"}]},{"@type":"WebSite","@id":"https:\/\/www.dehner.de\/jobs\/#website","url":"https:\/\/www.dehner.de\/jobs\/","name":"Karriere bei Dehner","description":"Die Storys unserer Personalbotschafter","publisher":{"@id":"https:\/\/www.dehner.de\/jobs\/#organization"},"potentialAction":[{"@type":"SearchAction","target":{"@type":"EntryPoint","urlTemplate":"https:\/\/www.dehner.de\/jobs\/?s={search_term_string}"},"query-input":{"@type":"PropertyValueSpecification","valueRequired":true,"valueName":"search_term_string"}}],"inLanguage":"de-DE"},{"@type":"Organization","@id":"https:\/\/www.dehner.de\/jobs\/#organization","name":"Karriere bei Dehner","url":"https:\/\/www.dehner.de\/jobs\/","logo":{"@type":"ImageObject","inLanguage":"de-DE","@id":"https:\/\/www.dehner.de\/jobs\/#\/schema\/logo\/image\/","url":"https:\/\/www.dehner.de\/jobs\/app\/uploads\/sites\/7\/2025\/12\/dehner-garten-center-koenigsbrunn-revitalisierung-neubau-umbau.png","contentUrl":"https:\/\/www.dehner.de\/jobs\/app\/uploads\/sites\/7\/2025\/12\/dehner-garten-center-koenigsbrunn-revitalisierung-neubau-umbau.png","width":800,"height":1315,"caption":"Karriere bei Dehner"},"image":{"@id":"https:\/\/www.dehner.de\/jobs\/#\/schema\/logo\/image\/"}}]}},"_links":{"self":[{"href":"https:\/\/www.dehner.de\/jobs\/wp-json\/wp\/v2\/blog\/32692","targetHints":{"allow":["GET"]}}],"collection":[{"href":"https:\/\/www.dehner.de\/jobs\/wp-json\/wp\/v2\/blog"}],"about":[{"href":"https:\/\/www.dehner.de\/jobs\/wp-json\/wp\/v2\/types\/blog"}],"version-history":[{"count":8,"href":"https:\/\/www.dehner.de\/jobs\/wp-json\/wp\/v2\/blog\/32692\/revisions"}],"predecessor-version":[{"id":32732,"href":"https:\/\/www.dehner.de\/jobs\/wp-json\/wp\/v2\/blog\/32692\/revisions\/32732"}],"wp:featuredmedia":[{"embeddable":true,"href":"https:\/\/www.dehner.de\/jobs\/wp-json\/wp\/v2\/media\/32700"}],"wp:attachment":[{"href":"https:\/\/www.dehner.de\/jobs\/wp-json\/wp\/v2\/media?parent=32692"}],"wp:term":[{"taxonomy":"blog_category","embeddable":true,"href":"https:\/\/www.dehner.de\/jobs\/wp-json\/wp\/v2\/blog_category?post=32692"}],"curies":[{"name":"wp","href":"https:\/\/api.w.org\/{rel}","templated":true}]}}