{"id":32599,"date":"2025-04-24T08:00:00","date_gmt":"2025-04-24T06:00:00","guid":{"rendered":"https:\/\/www.dehner.de\/jobs\/?post_type=blog&#038;p=32599"},"modified":"2025-04-24T08:09:38","modified_gmt":"2025-04-24T06:09:38","slug":"verantwortung-uebernehmen-in-der-ausbildung","status":"publish","type":"blog","link":"https:\/\/www.dehner.de\/jobs\/blogbeitrag\/verantwortung-uebernehmen-in-der-ausbildung\/","title":{"rendered":"Verantwortung \u00fcbernehmen in der Ausbildung"},"content":{"rendered":"<section class=\"block-img-txt img-50-text-50 pb-4\">\n    <div class=\"container\">\n        <div class=\"row\">\n                            <div class=\"col-md-6 pb-4 d-none d-md-block image\">\n                                    <\/div>\n                <div class=\"col-md-6 df fc jcc body\">\n                                                        <div class=\"text\">\n                    <\/div>\n                                <\/div>\n            \n        <\/div>\n    <\/div>\n<\/section>\n\n\n<section class=\"block-img-txt img-50-text-50 pb-4\">\n    <div class=\"container\">\n        <div class=\"row\">\n                            <div class=\"col-md-6 pb-4 d-none d-md-block image\">\n                    <img loading=\"lazy\" decoding=\"async\" width=\"560\" height=\"480\" src=\"https:\/\/www.dehner.de\/jobs\/app\/uploads\/sites\/7\/2025\/04\/Azubine_Buero_Arbeit_Selbststaendig-1.png\" class=\"img-cover\" alt=\"Dehner Azubis \u00fcbernehmen Verantwortung\" srcset=\"https:\/\/www.dehner.de\/jobs\/app\/uploads\/sites\/7\/2025\/04\/Azubine_Buero_Arbeit_Selbststaendig-1.png 560w, https:\/\/www.dehner.de\/jobs\/app\/uploads\/sites\/7\/2025\/04\/Azubine_Buero_Arbeit_Selbststaendig-1-300x257.png 300w, https:\/\/www.dehner.de\/jobs\/app\/uploads\/sites\/7\/2025\/04\/Azubine_Buero_Arbeit_Selbststaendig-1-150x129.png 150w\" sizes=\"auto, (max-width: 560px) 100vw, 560px\" \/>                <\/div>\n                <div class=\"col-md-6 df fc jcc body\">\n                            <a href=\"#\" class=\"toggler toggler-down-md toggler-hide\" data-toggle=\"collapse\" data-target=\"#block_c2073b235b50dfa766d696609dc74ed7\" aria-expanded=\"true\" aria-controls=\"block_c2073b235b50dfa766d696609dc74ed7\">\n                            <img loading=\"lazy\" decoding=\"async\" width=\"560\" height=\"480\" src=\"https:\/\/www.dehner.de\/jobs\/app\/uploads\/sites\/7\/2025\/04\/Azubine_Buero_Arbeit_Selbststaendig-1.png\" class=\"mobile-image img-fluid mb-3 d-md-none\" alt=\"Dehner Azubis \u00fcbernehmen Verantwortung\" srcset=\"https:\/\/www.dehner.de\/jobs\/app\/uploads\/sites\/7\/2025\/04\/Azubine_Buero_Arbeit_Selbststaendig-1.png 560w, https:\/\/www.dehner.de\/jobs\/app\/uploads\/sites\/7\/2025\/04\/Azubine_Buero_Arbeit_Selbststaendig-1-300x257.png 300w, https:\/\/www.dehner.de\/jobs\/app\/uploads\/sites\/7\/2025\/04\/Azubine_Buero_Arbeit_Selbststaendig-1-150x129.png 150w\" sizes=\"auto, (max-width: 560px) 100vw, 560px\" \/>                        <h3 class=\"font-h4 toggler toggler-down-md\">Schritt f\u00fcr Schritt: Selbstst\u00e4ndig arbeiten von Anfang an<\/h3>        <\/a>\n        <div class=\"collapse text show\" id=\"block_c2073b235b50dfa766d696609dc74ed7\" data-parent=\"main\">\n            <p>Bereits in den ersten Wochen meiner Ausbildung zur Kauffrau f\u00fcr B\u00fcromanagement wurde mir deutlich: Bei Dehner sind Auszubildende mehr als nur \u201eMitl\u00e4ufer*innen\u201c. Ich war von Anfang an ein fester Teil des Teams \u2013 mit eigenen Aufgaben und echter Verantwortung.<\/p>\n<p>Ob bei der Bestellabwicklung, im Angebotsvergleich oder im direkten Kundenkontakt \u2013 ich durfte mitgestalten, mitdenken und mitentscheiden. Nach einer Einarbeitung von meinen Kolleg*innen zum jeweiligen Thema durfte ich Aufgaben selbstst\u00e4ndig erledigen. Nat\u00fcrlich immer mit der n\u00f6tigen Begleitung, wenn Fragen offen waren. Dieses Vertrauen hat mir Sicherheit gegeben und mich motiviert, jeden Tag mein Bestes zu geben.<\/p>\n                    <\/div>                <\/div>\n            \n        <\/div>\n    <\/div>\n<\/section>\n\n\n<section class=\"block-img-txt text-50-img-50 pb-4\">\n    <div class=\"container\">\n        <div class=\"row\">\n                            <div class=\"col-md-6 pb-4 d-none d-md-block image\">\n                    <img loading=\"lazy\" decoding=\"async\" width=\"557\" height=\"535\" src=\"https:\/\/www.dehner.de\/jobs\/app\/uploads\/sites\/7\/2025\/04\/Flipchart_Veranteortung-uebernehmen_Azubi-1.png\" class=\"img-cover\" alt=\"Auszubildende \u00fcbernehmen Verantwortung und Engagement\" srcset=\"https:\/\/www.dehner.de\/jobs\/app\/uploads\/sites\/7\/2025\/04\/Flipchart_Veranteortung-uebernehmen_Azubi-1.png 557w, https:\/\/www.dehner.de\/jobs\/app\/uploads\/sites\/7\/2025\/04\/Flipchart_Veranteortung-uebernehmen_Azubi-1-300x288.png 300w, https:\/\/www.dehner.de\/jobs\/app\/uploads\/sites\/7\/2025\/04\/Flipchart_Veranteortung-uebernehmen_Azubi-1-150x144.png 150w\" sizes=\"auto, (max-width: 557px) 100vw, 557px\" \/>                <\/div>\n                <div class=\"col-md-6 df fc jcc body\">\n                            <a href=\"#\" class=\"toggler toggler-down-md toggler-hide\" data-toggle=\"collapse\" data-target=\"#block_0ee54a14cf1b8e09e4c4786c2f3005cb\" aria-expanded=\"true\" aria-controls=\"block_0ee54a14cf1b8e09e4c4786c2f3005cb\">\n                            <img loading=\"lazy\" decoding=\"async\" width=\"557\" height=\"535\" src=\"https:\/\/www.dehner.de\/jobs\/app\/uploads\/sites\/7\/2025\/04\/Flipchart_Veranteortung-uebernehmen_Azubi-1.png\" class=\"mobile-image img-fluid mb-3 d-md-none\" alt=\"Auszubildende \u00fcbernehmen Verantwortung und Engagement\" srcset=\"https:\/\/www.dehner.de\/jobs\/app\/uploads\/sites\/7\/2025\/04\/Flipchart_Veranteortung-uebernehmen_Azubi-1.png 557w, https:\/\/www.dehner.de\/jobs\/app\/uploads\/sites\/7\/2025\/04\/Flipchart_Veranteortung-uebernehmen_Azubi-1-300x288.png 300w, https:\/\/www.dehner.de\/jobs\/app\/uploads\/sites\/7\/2025\/04\/Flipchart_Veranteortung-uebernehmen_Azubi-1-150x144.png 150w\" sizes=\"auto, (max-width: 557px) 100vw, 557px\" \/>                        <h3 class=\"font-h4 toggler toggler-down-md\">Herausforderungen annehmen \u2013 und daran wachsen<\/h3>        <\/a>\n        <div class=\"collapse text show\" id=\"block_0ee54a14cf1b8e09e4c4786c2f3005cb\" data-parent=\"main\">\n            <p>Verantwortung zu \u00fcbernehmen, bedeutet auch, sich weiterzuentwickeln. Nicht immer l\u00e4uft alles auf Anhieb rund \u2013 aber genau das ist Teil des Lernprozesses. Fehler geh\u00f6ren dazu. Bei Dehner habe ich gelernt, offen damit umzugehen und aus jeder Situation etwas mitzunehmen. Gerade durch Fehler lernt man oft am meisten \u2013 sie sind kein R\u00fcckschritt, sondern eine Chance, wirklich zu wachsen.<\/p>\n<p>R\u00fcckblickend sind es genau diese Momente, die mich pers\u00f6nlich gest\u00e4rkt haben. Denn mit jeder neuen Herausforderung steigt nicht nur das Selbstvertrauen sondern auch die Bereitschaft, sich neuen Aufgaben zu stellen \u2013 in dem Wissen, dass man dabei wertvolle Erfahrungen sammelt und zunehmend sicherer im Umgang mit Neuem wird.<\/p>\n                    <\/div>                <\/div>\n            \n        <\/div>\n    <\/div>\n<\/section>\n\n\n<section class=\"block-img-txt img-50-text-50 pb-4\">\n    <div class=\"container\">\n        <div class=\"row\">\n                            <div class=\"col-md-6 pb-4 d-none d-md-block image\">\n                    <img loading=\"lazy\" decoding=\"async\" width=\"571\" height=\"540\" src=\"https:\/\/www.dehner.de\/jobs\/app\/uploads\/sites\/7\/2025\/04\/Engagement_Team.jpg\" class=\"img-cover\" alt=\"Ausbildung in der JAV gestalten\" srcset=\"https:\/\/www.dehner.de\/jobs\/app\/uploads\/sites\/7\/2025\/04\/Engagement_Team.jpg 571w, https:\/\/www.dehner.de\/jobs\/app\/uploads\/sites\/7\/2025\/04\/Engagement_Team-300x284.jpg 300w, https:\/\/www.dehner.de\/jobs\/app\/uploads\/sites\/7\/2025\/04\/Engagement_Team-150x142.jpg 150w\" sizes=\"auto, (max-width: 571px) 100vw, 571px\" \/>                <\/div>\n                <div class=\"col-md-6 df fc jcc body\">\n                            <a href=\"#\" class=\"toggler toggler-down-md toggler-hide\" data-toggle=\"collapse\" data-target=\"#block_e81f8f44f89055f1a95d016bf3c7d528\" aria-expanded=\"true\" aria-controls=\"block_e81f8f44f89055f1a95d016bf3c7d528\">\n                            <img loading=\"lazy\" decoding=\"async\" width=\"571\" height=\"540\" src=\"https:\/\/www.dehner.de\/jobs\/app\/uploads\/sites\/7\/2025\/04\/Engagement_Team.jpg\" class=\"mobile-image img-fluid mb-3 d-md-none\" alt=\"Ausbildung in der JAV gestalten\" srcset=\"https:\/\/www.dehner.de\/jobs\/app\/uploads\/sites\/7\/2025\/04\/Engagement_Team.jpg 571w, https:\/\/www.dehner.de\/jobs\/app\/uploads\/sites\/7\/2025\/04\/Engagement_Team-300x284.jpg 300w, https:\/\/www.dehner.de\/jobs\/app\/uploads\/sites\/7\/2025\/04\/Engagement_Team-150x142.jpg 150w\" sizes=\"auto, (max-width: 571px) 100vw, 571px\" \/>                        <h3 class=\"font-h4 toggler toggler-down-md\">Engagement zeigen \u2013 f\u00fcr das Miteinander<\/h3>        <\/a>\n        <div class=\"collapse text show\" id=\"block_e81f8f44f89055f1a95d016bf3c7d528\" data-parent=\"main\">\n            <p>Besonders stolz bin ich auf meine Rolle in der Jugend- und Auszubildendenvertretung (JAV). Als Vorsitzende darf ich gemeinsam mit meinen Kolleg*innen die Interessen der Auszubildenden vertreten<span style=\"text-decoration: line-through\"> <\/span>und aktiv zum Miteinander im Unternehmen beitragen.<\/p>\n<p>Hier Verantwortung zu \u00fcbernehmen, hei\u00dft f\u00fcr mich auch: zuh\u00f6ren, vermitteln, mitgestalten. Und genau das ist es, was die Ausbildung bei Dehner so besonders macht \u2013 man wird nicht nur ausgebildet, sondern aktiv einbezogen.<\/p>\n<p>Eine Ausbildung bei Dehner bedeutet, Teil des Ganzen zu sein \u2013 man \u00fcbernimmt Verantwortung, entwickelt sich weiter und gestaltet seinen Arbeitsalltag aktiv mit. Ich durfte erleben, wie viel Vertrauen mir entgegengebracht wurde \u2013 und wie sehr ich daran gewachsen bin. F\u00fcr mich ist klar: Verantwortung beginnt nicht erst nach der Ausbildung. Sie beginnt genau jetzt.<\/p>\n                    <\/div>                <\/div>\n            \n        <\/div>\n    <\/div>\n<\/section>\n","protected":false},"excerpt":{"rendered":"","protected":false},"featured_media":32603,"parent":0,"template":"","blog_category":[454],"class_list":["post-32599","blog","type-blog","status-publish","has-post-thumbnail","hentry","blog_category-ausbildung"],"acf":[],"yoast_head":"<!-- This site is optimized with the Yoast SEO plugin v24.5 - https:\/\/yoast.com\/wordpress\/plugins\/seo\/ -->\n<title>Verantwortung \u00fcbernehmen in der Ausbildung - Karriere bei Dehner<\/title>\n<meta name=\"description\" content=\"Azubi-Alltag bei Dehner: Verantwortung ab Tag 1 \u27a4 Jetzt mehr erfahren!\" \/>\n<meta name=\"robots\" content=\"index, follow, max-snippet:-1, max-image-preview:large, max-video-preview:-1\" \/>\n<link rel=\"canonical\" href=\"https:\/\/www.dehner.de\/jobs\/blogbeitrag\/verantwortung-uebernehmen-in-der-ausbildung\/\" \/>\n<meta property=\"og:locale\" content=\"de_DE\" \/>\n<meta property=\"og:type\" content=\"article\" \/>\n<meta property=\"og:title\" content=\"Verantwortung \u00fcbernehmen in der Ausbildung - Karriere bei Dehner\" \/>\n<meta property=\"og:description\" content=\"Azubi-Alltag bei Dehner: Verantwortung ab Tag 1 \u27a4 Jetzt mehr erfahren!\" \/>\n<meta property=\"og:url\" content=\"https:\/\/www.dehner.de\/jobs\/blogbeitrag\/verantwortung-uebernehmen-in-der-ausbildung\/\" \/>\n<meta property=\"og:site_name\" content=\"Karriere bei Dehner\" \/>\n<meta property=\"article:modified_time\" content=\"2025-04-24T06:09:38+00:00\" \/>\n<meta property=\"og:image\" content=\"https:\/\/www.dehner.de\/jobs\/app\/uploads\/sites\/7\/2025\/04\/be-responsible_header_Azubis.png\" \/>\n\t<meta property=\"og:image:width\" content=\"1920\" \/>\n\t<meta property=\"og:image:height\" content=\"500\" \/>\n\t<meta property=\"og:image:type\" content=\"image\/png\" \/>\n<meta name=\"twitter:card\" content=\"summary_large_image\" \/>\n<meta name=\"twitter:label1\" content=\"Est. reading time\" \/>\n\t<meta name=\"twitter:data1\" content=\"3 Minuten\" \/>\n<script type=\"application\/ld+json\" class=\"yoast-schema-graph\">{\"@context\":\"https:\/\/schema.org\",\"@graph\":[{\"@type\":\"WebPage\",\"@id\":\"https:\/\/www.dehner.de\/jobs\/blogbeitrag\/verantwortung-uebernehmen-in-der-ausbildung\/\",\"url\":\"https:\/\/www.dehner.de\/jobs\/blogbeitrag\/verantwortung-uebernehmen-in-der-ausbildung\/\",\"name\":\"Verantwortung \u00fcbernehmen in der Ausbildung - Karriere bei Dehner\",\"isPartOf\":{\"@id\":\"https:\/\/www.dehner.de\/jobs\/#website\"},\"primaryImageOfPage\":{\"@id\":\"https:\/\/www.dehner.de\/jobs\/blogbeitrag\/verantwortung-uebernehmen-in-der-ausbildung\/#primaryimage\"},\"image\":{\"@id\":\"https:\/\/www.dehner.de\/jobs\/blogbeitrag\/verantwortung-uebernehmen-in-der-ausbildung\/#primaryimage\"},\"thumbnailUrl\":\"https:\/\/www.dehner.de\/jobs\/app\/uploads\/sites\/7\/2025\/04\/be-responsible_header_Azubis.png\",\"datePublished\":\"2025-04-24T06:00:00+00:00\",\"dateModified\":\"2025-04-24T06:09:38+00:00\",\"description\":\"Azubi-Alltag bei Dehner: Verantwortung ab Tag 1 \u27a4 Jetzt mehr erfahren!\",\"breadcrumb\":{\"@id\":\"https:\/\/www.dehner.de\/jobs\/blogbeitrag\/verantwortung-uebernehmen-in-der-ausbildung\/#breadcrumb\"},\"inLanguage\":\"de-DE\",\"potentialAction\":[{\"@type\":\"ReadAction\",\"target\":[\"https:\/\/www.dehner.de\/jobs\/blogbeitrag\/verantwortung-uebernehmen-in-der-ausbildung\/\"]}]},{\"@type\":\"ImageObject\",\"inLanguage\":\"de-DE\",\"@id\":\"https:\/\/www.dehner.de\/jobs\/blogbeitrag\/verantwortung-uebernehmen-in-der-ausbildung\/#primaryimage\",\"url\":\"https:\/\/www.dehner.de\/jobs\/app\/uploads\/sites\/7\/2025\/04\/be-responsible_header_Azubis.png\",\"contentUrl\":\"https:\/\/www.dehner.de\/jobs\/app\/uploads\/sites\/7\/2025\/04\/be-responsible_header_Azubis.png\",\"width\":1920,\"height\":500,\"caption\":\"Dehner Azubis \u00fcbernehmen Verantwortungen\"},{\"@type\":\"BreadcrumbList\",\"@id\":\"https:\/\/www.dehner.de\/jobs\/blogbeitrag\/verantwortung-uebernehmen-in-der-ausbildung\/#breadcrumb\",\"itemListElement\":[{\"@type\":\"ListItem\",\"position\":1,\"name\":\"Home\",\"item\":\"https:\/\/www.dehner.de\/jobs\/\"},{\"@type\":\"ListItem\",\"position\":2,\"name\":\"Verantwortung \u00fcbernehmen in der Ausbildung\"}]},{\"@type\":\"WebSite\",\"@id\":\"https:\/\/www.dehner.de\/jobs\/#website\",\"url\":\"https:\/\/www.dehner.de\/jobs\/\",\"name\":\"Karriere bei Dehner\",\"description\":\"Die Storys unserer Personalbotschafter\",\"publisher\":{\"@id\":\"https:\/\/www.dehner.de\/jobs\/#organization\"},\"potentialAction\":[{\"@type\":\"SearchAction\",\"target\":{\"@type\":\"EntryPoint\",\"urlTemplate\":\"https:\/\/www.dehner.de\/jobs\/?s={search_term_string}\"},\"query-input\":{\"@type\":\"PropertyValueSpecification\",\"valueRequired\":true,\"valueName\":\"search_term_string\"}}],\"inLanguage\":\"de-DE\"},{\"@type\":\"Organization\",\"@id\":\"https:\/\/www.dehner.de\/jobs\/#organization\",\"name\":\"Karriere bei Dehner\",\"url\":\"https:\/\/www.dehner.de\/jobs\/\",\"logo\":{\"@type\":\"ImageObject\",\"inLanguage\":\"de-DE\",\"@id\":\"https:\/\/www.dehner.de\/jobs\/#\/schema\/logo\/image\/\",\"url\":\"https:\/\/www.dehner.de\/jobs\/app\/uploads\/sites\/7\/2025\/12\/dehner-garten-center-koenigsbrunn-revitalisierung-neubau-umbau.png\",\"contentUrl\":\"https:\/\/www.dehner.de\/jobs\/app\/uploads\/sites\/7\/2025\/12\/dehner-garten-center-koenigsbrunn-revitalisierung-neubau-umbau.png\",\"width\":800,\"height\":1315,\"caption\":\"Karriere bei Dehner\"},\"image\":{\"@id\":\"https:\/\/www.dehner.de\/jobs\/#\/schema\/logo\/image\/\"}}]}<\/script>\n<!-- \/ Yoast SEO plugin. -->","yoast_head_json":{"title":"Verantwortung \u00fcbernehmen in der Ausbildung - Karriere bei Dehner","description":"Azubi-Alltag bei Dehner: Verantwortung ab Tag 1 \u27a4 Jetzt mehr erfahren!","robots":{"index":"index","follow":"follow","max-snippet":"max-snippet:-1","max-image-preview":"max-image-preview:large","max-video-preview":"max-video-preview:-1"},"canonical":"https:\/\/www.dehner.de\/jobs\/blogbeitrag\/verantwortung-uebernehmen-in-der-ausbildung\/","og_locale":"de_DE","og_type":"article","og_title":"Verantwortung \u00fcbernehmen in der Ausbildung - Karriere bei Dehner","og_description":"Azubi-Alltag bei Dehner: Verantwortung ab Tag 1 \u27a4 Jetzt mehr erfahren!","og_url":"https:\/\/www.dehner.de\/jobs\/blogbeitrag\/verantwortung-uebernehmen-in-der-ausbildung\/","og_site_name":"Karriere bei Dehner","article_modified_time":"2025-04-24T06:09:38+00:00","og_image":[{"width":1920,"height":500,"url":"https:\/\/www.dehner.de\/jobs\/app\/uploads\/sites\/7\/2025\/04\/be-responsible_header_Azubis.png","type":"image\/png"}],"twitter_card":"summary_large_image","twitter_misc":{"Est. reading time":"3 Minuten"},"schema":{"@context":"https:\/\/schema.org","@graph":[{"@type":"WebPage","@id":"https:\/\/www.dehner.de\/jobs\/blogbeitrag\/verantwortung-uebernehmen-in-der-ausbildung\/","url":"https:\/\/www.dehner.de\/jobs\/blogbeitrag\/verantwortung-uebernehmen-in-der-ausbildung\/","name":"Verantwortung \u00fcbernehmen in der Ausbildung - Karriere bei Dehner","isPartOf":{"@id":"https:\/\/www.dehner.de\/jobs\/#website"},"primaryImageOfPage":{"@id":"https:\/\/www.dehner.de\/jobs\/blogbeitrag\/verantwortung-uebernehmen-in-der-ausbildung\/#primaryimage"},"image":{"@id":"https:\/\/www.dehner.de\/jobs\/blogbeitrag\/verantwortung-uebernehmen-in-der-ausbildung\/#primaryimage"},"thumbnailUrl":"https:\/\/www.dehner.de\/jobs\/app\/uploads\/sites\/7\/2025\/04\/be-responsible_header_Azubis.png","datePublished":"2025-04-24T06:00:00+00:00","dateModified":"2025-04-24T06:09:38+00:00","description":"Azubi-Alltag bei Dehner: Verantwortung ab Tag 1 \u27a4 Jetzt mehr erfahren!","breadcrumb":{"@id":"https:\/\/www.dehner.de\/jobs\/blogbeitrag\/verantwortung-uebernehmen-in-der-ausbildung\/#breadcrumb"},"inLanguage":"de-DE","potentialAction":[{"@type":"ReadAction","target":["https:\/\/www.dehner.de\/jobs\/blogbeitrag\/verantwortung-uebernehmen-in-der-ausbildung\/"]}]},{"@type":"ImageObject","inLanguage":"de-DE","@id":"https:\/\/www.dehner.de\/jobs\/blogbeitrag\/verantwortung-uebernehmen-in-der-ausbildung\/#primaryimage","url":"https:\/\/www.dehner.de\/jobs\/app\/uploads\/sites\/7\/2025\/04\/be-responsible_header_Azubis.png","contentUrl":"https:\/\/www.dehner.de\/jobs\/app\/uploads\/sites\/7\/2025\/04\/be-responsible_header_Azubis.png","width":1920,"height":500,"caption":"Dehner Azubis \u00fcbernehmen Verantwortungen"},{"@type":"BreadcrumbList","@id":"https:\/\/www.dehner.de\/jobs\/blogbeitrag\/verantwortung-uebernehmen-in-der-ausbildung\/#breadcrumb","itemListElement":[{"@type":"ListItem","position":1,"name":"Home","item":"https:\/\/www.dehner.de\/jobs\/"},{"@type":"ListItem","position":2,"name":"Verantwortung \u00fcbernehmen in der Ausbildung"}]},{"@type":"WebSite","@id":"https:\/\/www.dehner.de\/jobs\/#website","url":"https:\/\/www.dehner.de\/jobs\/","name":"Karriere bei Dehner","description":"Die Storys unserer Personalbotschafter","publisher":{"@id":"https:\/\/www.dehner.de\/jobs\/#organization"},"potentialAction":[{"@type":"SearchAction","target":{"@type":"EntryPoint","urlTemplate":"https:\/\/www.dehner.de\/jobs\/?s={search_term_string}"},"query-input":{"@type":"PropertyValueSpecification","valueRequired":true,"valueName":"search_term_string"}}],"inLanguage":"de-DE"},{"@type":"Organization","@id":"https:\/\/www.dehner.de\/jobs\/#organization","name":"Karriere bei Dehner","url":"https:\/\/www.dehner.de\/jobs\/","logo":{"@type":"ImageObject","inLanguage":"de-DE","@id":"https:\/\/www.dehner.de\/jobs\/#\/schema\/logo\/image\/","url":"https:\/\/www.dehner.de\/jobs\/app\/uploads\/sites\/7\/2025\/12\/dehner-garten-center-koenigsbrunn-revitalisierung-neubau-umbau.png","contentUrl":"https:\/\/www.dehner.de\/jobs\/app\/uploads\/sites\/7\/2025\/12\/dehner-garten-center-koenigsbrunn-revitalisierung-neubau-umbau.png","width":800,"height":1315,"caption":"Karriere bei Dehner"},"image":{"@id":"https:\/\/www.dehner.de\/jobs\/#\/schema\/logo\/image\/"}}]}},"_links":{"self":[{"href":"https:\/\/www.dehner.de\/jobs\/wp-json\/wp\/v2\/blog\/32599","targetHints":{"allow":["GET"]}}],"collection":[{"href":"https:\/\/www.dehner.de\/jobs\/wp-json\/wp\/v2\/blog"}],"about":[{"href":"https:\/\/www.dehner.de\/jobs\/wp-json\/wp\/v2\/types\/blog"}],"version-history":[{"count":6,"href":"https:\/\/www.dehner.de\/jobs\/wp-json\/wp\/v2\/blog\/32599\/revisions"}],"predecessor-version":[{"id":32626,"href":"https:\/\/www.dehner.de\/jobs\/wp-json\/wp\/v2\/blog\/32599\/revisions\/32626"}],"wp:featuredmedia":[{"embeddable":true,"href":"https:\/\/www.dehner.de\/jobs\/wp-json\/wp\/v2\/media\/32603"}],"wp:attachment":[{"href":"https:\/\/www.dehner.de\/jobs\/wp-json\/wp\/v2\/media?parent=32599"}],"wp:term":[{"taxonomy":"blog_category","embeddable":true,"href":"https:\/\/www.dehner.de\/jobs\/wp-json\/wp\/v2\/blog_category?post=32599"}],"curies":[{"name":"wp","href":"https:\/\/api.w.org\/{rel}","templated":true}]}}