{"id":31626,"date":"2024-11-26T14:06:18","date_gmt":"2024-11-26T13:06:18","guid":{"rendered":"https:\/\/www.dehner.de\/jobs\/?post_type=blog&#038;p=31626"},"modified":"2025-02-24T14:54:52","modified_gmt":"2025-02-24T13:54:52","slug":"der-weg-des-dehner-weihnachtsbaums-in-dein-zuhause","status":"publish","type":"blog","link":"https:\/\/www.dehner.de\/jobs\/blogbeitrag\/der-weg-des-dehner-weihnachtsbaums-in-dein-zuhause\/","title":{"rendered":"Der Weg des Dehner Weihnachtsbaums in Dein Zuhause"},"content":{"rendered":"<section class=\"block-img-txt img-50-text-50 pb-4\">\n    <div class=\"container\">\n        <div class=\"row\">\n                            <div class=\"col-md-6 pb-4 d-none d-md-block image\">\n                                    <\/div>\n                <div class=\"col-md-6 df fc jcc body\">\n                                                        <div class=\"text\">\n                    <\/div>\n                                <\/div>\n            \n        <\/div>\n    <\/div>\n<\/section>\n\n\n<section class=\"block-img-txt img-50-text-50 pb-4\">\n    <div class=\"container\">\n        <div class=\"row\">\n                            <div class=\"col-md-6 pb-4 d-none d-md-block image\">\n                    <img loading=\"lazy\" decoding=\"async\" width=\"570\" height=\"600\" src=\"https:\/\/www.dehner.de\/jobs\/app\/uploads\/sites\/7\/2024\/11\/dehner-garten-center-weihnachtsbaum-tannenbaum.png\" class=\"img-cover\" alt=\"Der Weihnachtsbaum bei Dehner\" srcset=\"https:\/\/www.dehner.de\/jobs\/app\/uploads\/sites\/7\/2024\/11\/dehner-garten-center-weihnachtsbaum-tannenbaum.png 570w, https:\/\/www.dehner.de\/jobs\/app\/uploads\/sites\/7\/2024\/11\/dehner-garten-center-weihnachtsbaum-tannenbaum-285x300.png 285w, https:\/\/www.dehner.de\/jobs\/app\/uploads\/sites\/7\/2024\/11\/dehner-garten-center-weihnachtsbaum-tannenbaum-143x150.png 143w\" sizes=\"auto, (max-width: 570px) 100vw, 570px\" \/>                <\/div>\n                <div class=\"col-md-6 df fc jcc body\">\n                            <a href=\"#\" class=\"toggler toggler-down-md toggler-hide\" data-toggle=\"collapse\" data-target=\"#block_7c5095c361aad49789270947ba811c96\" aria-expanded=\"true\" aria-controls=\"block_7c5095c361aad49789270947ba811c96\">\n                            <img loading=\"lazy\" decoding=\"async\" width=\"570\" height=\"600\" src=\"https:\/\/www.dehner.de\/jobs\/app\/uploads\/sites\/7\/2024\/11\/dehner-garten-center-weihnachtsbaum-tannenbaum.png\" class=\"mobile-image img-fluid mb-3 d-md-none\" alt=\"Der Weihnachtsbaum bei Dehner\" srcset=\"https:\/\/www.dehner.de\/jobs\/app\/uploads\/sites\/7\/2024\/11\/dehner-garten-center-weihnachtsbaum-tannenbaum.png 570w, https:\/\/www.dehner.de\/jobs\/app\/uploads\/sites\/7\/2024\/11\/dehner-garten-center-weihnachtsbaum-tannenbaum-285x300.png 285w, https:\/\/www.dehner.de\/jobs\/app\/uploads\/sites\/7\/2024\/11\/dehner-garten-center-weihnachtsbaum-tannenbaum-143x150.png 143w\" sizes=\"auto, (max-width: 570px) 100vw, 570px\" \/>                        <h3 class=\"font-h4 toggler toggler-down-md\">Fr\u00fchzeitig planen f\u00fcr ein perfektes Weihnachtsfest<\/h3>        <\/a>\n        <div class=\"collapse text show\" id=\"block_7c5095c361aad49789270947ba811c96\" data-parent=\"main\">\n            <p>Bei Dehner beginnt die Weihnachtszeit bereits kurz nach den Feiertagen \u2013 zumindest in unserer Planung. W\u00e4hrend die letzten Nadeln des<span style=\"text-decoration: line-through\"> <\/span>Weihnachtsbaums noch beseitigt werden, machen wir uns schon Gedanken \u00fcber die W\u00fcnsche und Anspr\u00fcche unserer Kund*innen f\u00fcr das n\u00e4chste Jahr. Welche Gr\u00f6\u00dfen und Qualit\u00e4ten sind besonders gefragt? Um das herauszufinden, analysieren wir unsere Abverkaufszahlen und ziehen die Erfahrungen unserer Mitarbeiter*innen in den Garten-Centern hinzu.<\/p>\n<p>Schon im Januar f\u00fchren wir die ersten Gespr\u00e4che mit unseren langj\u00e4hrigen Weihnachtsbaumproduzenten. Dabei ist unser wichtigstes Ziel, h\u00f6chste Zufriedenheit unserer Kund*innen zu gew\u00e4hrleisten \u2013 eine Herausforderung bei einem Naturprodukt, das viele Jahre w\u00e4chst, bevor es das Wohnzimmer schm\u00fcckt. Wusstest Du, dass ein zwei Meter hoher Weihnachtsbaum etwa zehn Jahre ben\u00f6tigt, um diese Gr\u00f6\u00dfe zu erreichen?<\/p>\n<p>Bis zum Fr\u00fchsommer steht dann unsere Gesamtplanung: Sie umfasst die richtigen Mengen, Sortimente und Qualit\u00e4ten \u2013 sowohl f\u00fcr unsere 136 Garten-Center als auch f\u00fcr unseren Online-Shop. Im Anschluss koordinieren wir mit den Produzenten die Lieferung in mehreren, zeitlich gestaffelten Wellen. Dadurch wollen wir sicherstellen, dass Du bei uns stets einen frisch geschlagenen Baum findest, der den Weg von der Plantage direkt in unsere M\u00e4rkte gefunden hat.<\/p>\n                    <\/div>                <\/div>\n            \n        <\/div>\n    <\/div>\n<\/section>\n\n\n<section class=\"block-img-txt text-50-img-50 pb-4\">\n    <div class=\"container\">\n        <div class=\"row\">\n                            <div class=\"col-md-6 pb-4 d-none d-md-block image\">\n                    <img loading=\"lazy\" decoding=\"async\" width=\"570\" height=\"600\" src=\"https:\/\/www.dehner.de\/jobs\/app\/uploads\/sites\/7\/2024\/11\/dehner-garten-center-tannenbaum.png\" class=\"img-cover\" alt=\"Auswahl des Weihnachtsbaumes\" srcset=\"https:\/\/www.dehner.de\/jobs\/app\/uploads\/sites\/7\/2024\/11\/dehner-garten-center-tannenbaum.png 570w, https:\/\/www.dehner.de\/jobs\/app\/uploads\/sites\/7\/2024\/11\/dehner-garten-center-tannenbaum-285x300.png 285w, https:\/\/www.dehner.de\/jobs\/app\/uploads\/sites\/7\/2024\/11\/dehner-garten-center-tannenbaum-143x150.png 143w\" sizes=\"auto, (max-width: 570px) 100vw, 570px\" \/>                <\/div>\n                <div class=\"col-md-6 df fc jcc body\">\n                            <a href=\"#\" class=\"toggler toggler-down-md toggler-hide\" data-toggle=\"collapse\" data-target=\"#block_8dca90daa1488a9c892cd4cab4678a48\" aria-expanded=\"true\" aria-controls=\"block_8dca90daa1488a9c892cd4cab4678a48\">\n                            <img loading=\"lazy\" decoding=\"async\" width=\"570\" height=\"600\" src=\"https:\/\/www.dehner.de\/jobs\/app\/uploads\/sites\/7\/2024\/11\/dehner-garten-center-tannenbaum.png\" class=\"mobile-image img-fluid mb-3 d-md-none\" alt=\"Auswahl des Weihnachtsbaumes\" srcset=\"https:\/\/www.dehner.de\/jobs\/app\/uploads\/sites\/7\/2024\/11\/dehner-garten-center-tannenbaum.png 570w, https:\/\/www.dehner.de\/jobs\/app\/uploads\/sites\/7\/2024\/11\/dehner-garten-center-tannenbaum-285x300.png 285w, https:\/\/www.dehner.de\/jobs\/app\/uploads\/sites\/7\/2024\/11\/dehner-garten-center-tannenbaum-143x150.png 143w\" sizes=\"auto, (max-width: 570px) 100vw, 570px\" \/>                        <h3 class=\"font-h4 toggler toggler-down-md\">Qualit\u00e4tskontrolle vor Ort: Von der Markierung bis zur Ernte<\/h3>        <\/a>\n        <div class=\"collapse text show\" id=\"block_8dca90daa1488a9c892cd4cab4678a48\" data-parent=\"main\">\n            <p>Ab Mitte August beginnt die wichtigste Phase f\u00fcr die Qualit\u00e4tspr\u00fcfung. Zu diesem Zeitpunkt hat sich der Austrieb der Weihnachtsb\u00e4ume vollst\u00e4ndig entwickelt und wir besuchen unsere Produzenten vor Ort. Wir markieren die B\u00e4ume, die unseren Standards entsprechen und versehen sie mit unserem Dehner Label. Diese Markierungen geben den Produzenten eine klare Orientierung, sodass alle B\u00e4ume bis zur Ernte die gew\u00fcnschte Qualit\u00e4t besitzen.<\/p>\n<p>Die B\u00e4ume werden direkt in den Weihnachtsbaum-Quartieren geerntet, verpackt und verladen. Der Baum wird frisch geschlagen und sorgf\u00e4ltig auf den Weg gebracht, damit er in Deinem Dehner Garten-Center vor Ort rechtzeitig zur Weihnachtszeit bereitsteht.<\/p>\n<p>Nachhaltigkeit und Frische stehen f\u00fcr uns dabei immer im Mittelpunkt \u2013 in Zusammenarbeit mit unseren Produzenten stellen wir sicher, dass jeder Baum nicht nur ein St\u00fcck Natur, sondern auch ein Symbol f\u00fcr ein gelungenes Weihnachtsfest ist.<\/p>\n<p>In diesem Sinne: Eine frohe Adventszeit und viel Freude mit Deinem Dehner Weihnachtsbaum.<\/p>\n<p>&nbsp;<\/p>\n<p>Euer Robert<\/p>\n                    <\/div>                <\/div>\n            \n        <\/div>\n    <\/div>\n<\/section>\n","protected":false},"excerpt":{"rendered":"","protected":false},"featured_media":31624,"parent":0,"template":"","blog_category":[453],"class_list":["post-31626","blog","type-blog","status-publish","has-post-thumbnail","hentry","blog_category-jobeinblicke"],"acf":[],"yoast_head":"<!-- This site is optimized with the Yoast SEO plugin v24.5 - https:\/\/yoast.com\/wordpress\/plugins\/seo\/ -->\n<title>Der Weg des Dehner-Weihnachtsbaums zu dir<\/title>\n<meta name=\"description\" content=\"Wie kommt der Dehner Weihnachtsbaum von der Plantage zu Dir nach Hause? \u27a4 Abteilungsleitung Robert erz\u00e4hlt es Dir.\" \/>\n<meta name=\"robots\" content=\"index, follow, max-snippet:-1, max-image-preview:large, max-video-preview:-1\" \/>\n<link rel=\"canonical\" href=\"https:\/\/www.dehner.de\/jobs\/blogbeitrag\/der-weg-des-dehner-weihnachtsbaums-in-dein-zuhause\/\" \/>\n<meta property=\"og:locale\" content=\"de_DE\" \/>\n<meta property=\"og:type\" content=\"article\" \/>\n<meta property=\"og:title\" content=\"Der Weg des Dehner-Weihnachtsbaums zu dir\" \/>\n<meta property=\"og:description\" content=\"Wie kommt der Dehner Weihnachtsbaum von der Plantage zu Dir nach Hause? \u27a4 Abteilungsleitung Robert erz\u00e4hlt es Dir.\" \/>\n<meta property=\"og:url\" content=\"https:\/\/www.dehner.de\/jobs\/blogbeitrag\/der-weg-des-dehner-weihnachtsbaums-in-dein-zuhause\/\" \/>\n<meta property=\"og:site_name\" content=\"Karriere bei Dehner\" \/>\n<meta property=\"article:modified_time\" content=\"2025-02-24T13:54:52+00:00\" \/>\n<meta property=\"og:image\" content=\"https:\/\/www.dehner.de\/jobs\/app\/uploads\/sites\/7\/2024\/11\/dehner-weihnachtsbaum-dekoration-weihnachtsmarkt-christbaum.png\" \/>\n\t<meta property=\"og:image:width\" content=\"1600\" \/>\n\t<meta property=\"og:image:height\" content=\"417\" \/>\n\t<meta property=\"og:image:type\" content=\"image\/png\" \/>\n<meta name=\"twitter:card\" content=\"summary_large_image\" \/>\n<meta name=\"twitter:label1\" content=\"Est. reading time\" \/>\n\t<meta name=\"twitter:data1\" content=\"3 Minuten\" \/>\n<script type=\"application\/ld+json\" class=\"yoast-schema-graph\">{\"@context\":\"https:\/\/schema.org\",\"@graph\":[{\"@type\":\"WebPage\",\"@id\":\"https:\/\/www.dehner.de\/jobs\/blogbeitrag\/der-weg-des-dehner-weihnachtsbaums-in-dein-zuhause\/\",\"url\":\"https:\/\/www.dehner.de\/jobs\/blogbeitrag\/der-weg-des-dehner-weihnachtsbaums-in-dein-zuhause\/\",\"name\":\"Der Weg des Dehner-Weihnachtsbaums zu dir\",\"isPartOf\":{\"@id\":\"https:\/\/www.dehner.de\/jobs\/#website\"},\"primaryImageOfPage\":{\"@id\":\"https:\/\/www.dehner.de\/jobs\/blogbeitrag\/der-weg-des-dehner-weihnachtsbaums-in-dein-zuhause\/#primaryimage\"},\"image\":{\"@id\":\"https:\/\/www.dehner.de\/jobs\/blogbeitrag\/der-weg-des-dehner-weihnachtsbaums-in-dein-zuhause\/#primaryimage\"},\"thumbnailUrl\":\"https:\/\/www.dehner.de\/jobs\/app\/uploads\/sites\/7\/2024\/11\/dehner-weihnachtsbaum-dekoration-weihnachtsmarkt-christbaum.png\",\"datePublished\":\"2024-11-26T13:06:18+00:00\",\"dateModified\":\"2025-02-24T13:54:52+00:00\",\"description\":\"Wie kommt der Dehner Weihnachtsbaum von der Plantage zu Dir nach Hause? \u27a4 Abteilungsleitung Robert erz\u00e4hlt es Dir.\",\"breadcrumb\":{\"@id\":\"https:\/\/www.dehner.de\/jobs\/blogbeitrag\/der-weg-des-dehner-weihnachtsbaums-in-dein-zuhause\/#breadcrumb\"},\"inLanguage\":\"de-DE\",\"potentialAction\":[{\"@type\":\"ReadAction\",\"target\":[\"https:\/\/www.dehner.de\/jobs\/blogbeitrag\/der-weg-des-dehner-weihnachtsbaums-in-dein-zuhause\/\"]}]},{\"@type\":\"ImageObject\",\"inLanguage\":\"de-DE\",\"@id\":\"https:\/\/www.dehner.de\/jobs\/blogbeitrag\/der-weg-des-dehner-weihnachtsbaums-in-dein-zuhause\/#primaryimage\",\"url\":\"https:\/\/www.dehner.de\/jobs\/app\/uploads\/sites\/7\/2024\/11\/dehner-weihnachtsbaum-dekoration-weihnachtsmarkt-christbaum.png\",\"contentUrl\":\"https:\/\/www.dehner.de\/jobs\/app\/uploads\/sites\/7\/2024\/11\/dehner-weihnachtsbaum-dekoration-weihnachtsmarkt-christbaum.png\",\"width\":1600,\"height\":417,\"caption\":\"Wertsch\u00f6pfungskette des Dehner Weihnachtsbaums\"},{\"@type\":\"BreadcrumbList\",\"@id\":\"https:\/\/www.dehner.de\/jobs\/blogbeitrag\/der-weg-des-dehner-weihnachtsbaums-in-dein-zuhause\/#breadcrumb\",\"itemListElement\":[{\"@type\":\"ListItem\",\"position\":1,\"name\":\"Home\",\"item\":\"https:\/\/www.dehner.de\/jobs\/\"},{\"@type\":\"ListItem\",\"position\":2,\"name\":\"Der Weg des Dehner Weihnachtsbaums in Dein Zuhause\"}]},{\"@type\":\"WebSite\",\"@id\":\"https:\/\/www.dehner.de\/jobs\/#website\",\"url\":\"https:\/\/www.dehner.de\/jobs\/\",\"name\":\"Karriere bei Dehner\",\"description\":\"Die Storys unserer Personalbotschafter\",\"publisher\":{\"@id\":\"https:\/\/www.dehner.de\/jobs\/#organization\"},\"potentialAction\":[{\"@type\":\"SearchAction\",\"target\":{\"@type\":\"EntryPoint\",\"urlTemplate\":\"https:\/\/www.dehner.de\/jobs\/?s={search_term_string}\"},\"query-input\":{\"@type\":\"PropertyValueSpecification\",\"valueRequired\":true,\"valueName\":\"search_term_string\"}}],\"inLanguage\":\"de-DE\"},{\"@type\":\"Organization\",\"@id\":\"https:\/\/www.dehner.de\/jobs\/#organization\",\"name\":\"Karriere bei Dehner\",\"url\":\"https:\/\/www.dehner.de\/jobs\/\",\"logo\":{\"@type\":\"ImageObject\",\"inLanguage\":\"de-DE\",\"@id\":\"https:\/\/www.dehner.de\/jobs\/#\/schema\/logo\/image\/\",\"url\":\"https:\/\/www.dehner.de\/jobs\/app\/uploads\/sites\/7\/2025\/12\/dehner-garten-center-koenigsbrunn-revitalisierung-neubau-umbau.png\",\"contentUrl\":\"https:\/\/www.dehner.de\/jobs\/app\/uploads\/sites\/7\/2025\/12\/dehner-garten-center-koenigsbrunn-revitalisierung-neubau-umbau.png\",\"width\":800,\"height\":1315,\"caption\":\"Karriere bei Dehner\"},\"image\":{\"@id\":\"https:\/\/www.dehner.de\/jobs\/#\/schema\/logo\/image\/\"}}]}<\/script>\n<!-- \/ Yoast SEO plugin. -->","yoast_head_json":{"title":"Der Weg des Dehner-Weihnachtsbaums zu dir","description":"Wie kommt der Dehner Weihnachtsbaum von der Plantage zu Dir nach Hause? \u27a4 Abteilungsleitung Robert erz\u00e4hlt es Dir.","robots":{"index":"index","follow":"follow","max-snippet":"max-snippet:-1","max-image-preview":"max-image-preview:large","max-video-preview":"max-video-preview:-1"},"canonical":"https:\/\/www.dehner.de\/jobs\/blogbeitrag\/der-weg-des-dehner-weihnachtsbaums-in-dein-zuhause\/","og_locale":"de_DE","og_type":"article","og_title":"Der Weg des Dehner-Weihnachtsbaums zu dir","og_description":"Wie kommt der Dehner Weihnachtsbaum von der Plantage zu Dir nach Hause? \u27a4 Abteilungsleitung Robert erz\u00e4hlt es Dir.","og_url":"https:\/\/www.dehner.de\/jobs\/blogbeitrag\/der-weg-des-dehner-weihnachtsbaums-in-dein-zuhause\/","og_site_name":"Karriere bei Dehner","article_modified_time":"2025-02-24T13:54:52+00:00","og_image":[{"width":1600,"height":417,"url":"https:\/\/www.dehner.de\/jobs\/app\/uploads\/sites\/7\/2024\/11\/dehner-weihnachtsbaum-dekoration-weihnachtsmarkt-christbaum.png","type":"image\/png"}],"twitter_card":"summary_large_image","twitter_misc":{"Est. reading time":"3 Minuten"},"schema":{"@context":"https:\/\/schema.org","@graph":[{"@type":"WebPage","@id":"https:\/\/www.dehner.de\/jobs\/blogbeitrag\/der-weg-des-dehner-weihnachtsbaums-in-dein-zuhause\/","url":"https:\/\/www.dehner.de\/jobs\/blogbeitrag\/der-weg-des-dehner-weihnachtsbaums-in-dein-zuhause\/","name":"Der Weg des Dehner-Weihnachtsbaums zu dir","isPartOf":{"@id":"https:\/\/www.dehner.de\/jobs\/#website"},"primaryImageOfPage":{"@id":"https:\/\/www.dehner.de\/jobs\/blogbeitrag\/der-weg-des-dehner-weihnachtsbaums-in-dein-zuhause\/#primaryimage"},"image":{"@id":"https:\/\/www.dehner.de\/jobs\/blogbeitrag\/der-weg-des-dehner-weihnachtsbaums-in-dein-zuhause\/#primaryimage"},"thumbnailUrl":"https:\/\/www.dehner.de\/jobs\/app\/uploads\/sites\/7\/2024\/11\/dehner-weihnachtsbaum-dekoration-weihnachtsmarkt-christbaum.png","datePublished":"2024-11-26T13:06:18+00:00","dateModified":"2025-02-24T13:54:52+00:00","description":"Wie kommt der Dehner Weihnachtsbaum von der Plantage zu Dir nach Hause? \u27a4 Abteilungsleitung Robert erz\u00e4hlt es Dir.","breadcrumb":{"@id":"https:\/\/www.dehner.de\/jobs\/blogbeitrag\/der-weg-des-dehner-weihnachtsbaums-in-dein-zuhause\/#breadcrumb"},"inLanguage":"de-DE","potentialAction":[{"@type":"ReadAction","target":["https:\/\/www.dehner.de\/jobs\/blogbeitrag\/der-weg-des-dehner-weihnachtsbaums-in-dein-zuhause\/"]}]},{"@type":"ImageObject","inLanguage":"de-DE","@id":"https:\/\/www.dehner.de\/jobs\/blogbeitrag\/der-weg-des-dehner-weihnachtsbaums-in-dein-zuhause\/#primaryimage","url":"https:\/\/www.dehner.de\/jobs\/app\/uploads\/sites\/7\/2024\/11\/dehner-weihnachtsbaum-dekoration-weihnachtsmarkt-christbaum.png","contentUrl":"https:\/\/www.dehner.de\/jobs\/app\/uploads\/sites\/7\/2024\/11\/dehner-weihnachtsbaum-dekoration-weihnachtsmarkt-christbaum.png","width":1600,"height":417,"caption":"Wertsch\u00f6pfungskette des Dehner Weihnachtsbaums"},{"@type":"BreadcrumbList","@id":"https:\/\/www.dehner.de\/jobs\/blogbeitrag\/der-weg-des-dehner-weihnachtsbaums-in-dein-zuhause\/#breadcrumb","itemListElement":[{"@type":"ListItem","position":1,"name":"Home","item":"https:\/\/www.dehner.de\/jobs\/"},{"@type":"ListItem","position":2,"name":"Der Weg des Dehner Weihnachtsbaums in Dein Zuhause"}]},{"@type":"WebSite","@id":"https:\/\/www.dehner.de\/jobs\/#website","url":"https:\/\/www.dehner.de\/jobs\/","name":"Karriere bei Dehner","description":"Die Storys unserer Personalbotschafter","publisher":{"@id":"https:\/\/www.dehner.de\/jobs\/#organization"},"potentialAction":[{"@type":"SearchAction","target":{"@type":"EntryPoint","urlTemplate":"https:\/\/www.dehner.de\/jobs\/?s={search_term_string}"},"query-input":{"@type":"PropertyValueSpecification","valueRequired":true,"valueName":"search_term_string"}}],"inLanguage":"de-DE"},{"@type":"Organization","@id":"https:\/\/www.dehner.de\/jobs\/#organization","name":"Karriere bei Dehner","url":"https:\/\/www.dehner.de\/jobs\/","logo":{"@type":"ImageObject","inLanguage":"de-DE","@id":"https:\/\/www.dehner.de\/jobs\/#\/schema\/logo\/image\/","url":"https:\/\/www.dehner.de\/jobs\/app\/uploads\/sites\/7\/2025\/12\/dehner-garten-center-koenigsbrunn-revitalisierung-neubau-umbau.png","contentUrl":"https:\/\/www.dehner.de\/jobs\/app\/uploads\/sites\/7\/2025\/12\/dehner-garten-center-koenigsbrunn-revitalisierung-neubau-umbau.png","width":800,"height":1315,"caption":"Karriere bei Dehner"},"image":{"@id":"https:\/\/www.dehner.de\/jobs\/#\/schema\/logo\/image\/"}}]}},"_links":{"self":[{"href":"https:\/\/www.dehner.de\/jobs\/wp-json\/wp\/v2\/blog\/31626","targetHints":{"allow":["GET"]}}],"collection":[{"href":"https:\/\/www.dehner.de\/jobs\/wp-json\/wp\/v2\/blog"}],"about":[{"href":"https:\/\/www.dehner.de\/jobs\/wp-json\/wp\/v2\/types\/blog"}],"version-history":[{"count":3,"href":"https:\/\/www.dehner.de\/jobs\/wp-json\/wp\/v2\/blog\/31626\/revisions"}],"predecessor-version":[{"id":31631,"href":"https:\/\/www.dehner.de\/jobs\/wp-json\/wp\/v2\/blog\/31626\/revisions\/31631"}],"wp:featuredmedia":[{"embeddable":true,"href":"https:\/\/www.dehner.de\/jobs\/wp-json\/wp\/v2\/media\/31624"}],"wp:attachment":[{"href":"https:\/\/www.dehner.de\/jobs\/wp-json\/wp\/v2\/media?parent=31626"}],"wp:term":[{"taxonomy":"blog_category","embeddable":true,"href":"https:\/\/www.dehner.de\/jobs\/wp-json\/wp\/v2\/blog_category?post=31626"}],"curies":[{"name":"wp","href":"https:\/\/api.w.org\/{rel}","templated":true}]}}