{"id":31539,"date":"2024-11-14T08:00:00","date_gmt":"2024-11-14T07:00:00","guid":{"rendered":"https:\/\/www.dehner.de\/jobs\/?post_type=blog&#038;p=31539"},"modified":"2025-02-25T08:33:05","modified_gmt":"2025-02-25T07:33:05","slug":"ein-starkes-team-ist-bunt-welche-farbe-hast-du","status":"publish","type":"blog","link":"https:\/\/www.dehner.de\/jobs\/blogbeitrag\/ein-starkes-team-ist-bunt-welche-farbe-hast-du\/","title":{"rendered":"Ein starkes Team ist bunt &#8211; welche Farbe hast du?"},"content":{"rendered":"<section class=\"block-img-txt img-50-text-50 pb-4\">\n    <div class=\"container\">\n        <div class=\"row\">\n                            <div class=\"col-md-6 pb-4 d-none d-md-block image\">\n                                    <\/div>\n                <div class=\"col-md-6 df fc jcc body\">\n                                                        <div class=\"text\">\n                    <\/div>\n                                <\/div>\n            \n        <\/div>\n    <\/div>\n<\/section>\n\n\n<section class=\"block-img-txt img-50-text-50 pb-4\">\n    <div class=\"container\">\n        <div class=\"row\">\n                            <div class=\"col-md-6 pb-4 d-none d-md-block image\">\n                    <img loading=\"lazy\" decoding=\"async\" width=\"560\" height=\"600\" src=\"https:\/\/www.dehner.de\/jobs\/app\/uploads\/sites\/7\/2024\/11\/board-bunt-dehner.png\" class=\"img-cover\" alt=\"Dehner Junior-Kolleg erstellt ein Vision Board\" srcset=\"https:\/\/www.dehner.de\/jobs\/app\/uploads\/sites\/7\/2024\/11\/board-bunt-dehner.png 560w, https:\/\/www.dehner.de\/jobs\/app\/uploads\/sites\/7\/2024\/11\/board-bunt-dehner-280x300.png 280w, https:\/\/www.dehner.de\/jobs\/app\/uploads\/sites\/7\/2024\/11\/board-bunt-dehner-140x150.png 140w\" sizes=\"auto, (max-width: 560px) 100vw, 560px\" \/>                <\/div>\n                <div class=\"col-md-6 df fc jcc body\">\n                            <a href=\"#\" class=\"toggler toggler-down-md toggler-hide\" data-toggle=\"collapse\" data-target=\"#block_f776080be257b48dd8addc07dd477cdb\" aria-expanded=\"true\" aria-controls=\"block_f776080be257b48dd8addc07dd477cdb\">\n                            <img loading=\"lazy\" decoding=\"async\" width=\"560\" height=\"600\" src=\"https:\/\/www.dehner.de\/jobs\/app\/uploads\/sites\/7\/2024\/11\/board-bunt-dehner.png\" class=\"mobile-image img-fluid mb-3 d-md-none\" alt=\"Dehner Junior-Kolleg erstellt ein Vision Board\" srcset=\"https:\/\/www.dehner.de\/jobs\/app\/uploads\/sites\/7\/2024\/11\/board-bunt-dehner.png 560w, https:\/\/www.dehner.de\/jobs\/app\/uploads\/sites\/7\/2024\/11\/board-bunt-dehner-280x300.png 280w, https:\/\/www.dehner.de\/jobs\/app\/uploads\/sites\/7\/2024\/11\/board-bunt-dehner-140x150.png 140w\" sizes=\"auto, (max-width: 560px) 100vw, 560px\" \/>                        <h3 class=\"font-h4 toggler toggler-down-md\">Ein bunter Auftakt von der Unternehmenszentrale ins Baumhaus <\/h3>        <\/a>\n        <div class=\"collapse text show\" id=\"block_f776080be257b48dd8addc07dd477cdb\" data-parent=\"main\">\n            <p>Im ersten Modul des Junior-Kollegs \u201eEin starkes Team ist bunt \u2013 welche Farbe hast du?\u201c drehte sich alles um Teamgeist, Selbstreflexion sowie die Entdeckung der eigenen St\u00e4rken und Ziele. Die Auszubildenden sollten nicht nur sich selbst, sondern auch ihre Wirkung auf andere besser kennenlernen.<\/p>\n<p>Zum Einstieg trafen sich unserer Azubis in der Dehner Unternehmenszentrale in Rain. Nach der Ankunft und dem Einstimmen auf das erste Modul entwarf die Gruppe eigene Grundwerte f\u00fcr die Zusammenarbeit im Junior-Kolleg. Au\u00dferdem lernten sie die Pr\u00e4sentationsmethode des Elevator Pitches kennen, die sie direkt in einer praktischen Aufgabe anwenden konnten. Nach der Mittagspause folgte eine kurze Meditation, bevor die Gruppe ein Vision Board erstellte, auf dem sie ihre Ziele und Visionen f\u00fcr das Junior-Kolleg festhielt. Im Anschluss an die Seminarinhalte ging es nach Jetzendorf. Hier erwartete die Gruppe eine besondere \u00dcbernachtung in Baumh\u00e4usern. Schlie\u00dflich wollen alle Azubis des Junior-Kollegs hoch hinaus. Bevor der Tag in entspannter Atmosph\u00e4re beim gemeinsamen Grillen ausklang, hatte jede*r die Gelegenheit, seine*ihre bisher gesammelten Eindr\u00fccke und pers\u00f6nlichen Erkenntnisse zu teilen.<\/p>\n                    <\/div>                <\/div>\n            \n        <\/div>\n    <\/div>\n<\/section>\n\n\n<section class=\"block-img-txt text-50-img-50 pb-4\">\n    <div class=\"container\">\n        <div class=\"row\">\n                            <div class=\"col-md-6 pb-4 d-none d-md-block image\">\n                    <img loading=\"lazy\" decoding=\"async\" width=\"1024\" height=\"768\" src=\"https:\/\/www.dehner.de\/jobs\/app\/uploads\/sites\/7\/2024\/11\/IMG_0346-1024x768.jpg\" class=\"img-cover\" alt=\"Herausforderungen im Klettergarten\" srcset=\"https:\/\/www.dehner.de\/jobs\/app\/uploads\/sites\/7\/2024\/11\/IMG_0346-1024x768.jpg 1024w, https:\/\/www.dehner.de\/jobs\/app\/uploads\/sites\/7\/2024\/11\/IMG_0346-300x225.jpg 300w, https:\/\/www.dehner.de\/jobs\/app\/uploads\/sites\/7\/2024\/11\/IMG_0346-150x113.jpg 150w, https:\/\/www.dehner.de\/jobs\/app\/uploads\/sites\/7\/2024\/11\/IMG_0346-768x576.jpg 768w, https:\/\/www.dehner.de\/jobs\/app\/uploads\/sites\/7\/2024\/11\/IMG_0346-1536x1152.jpg 1536w, https:\/\/www.dehner.de\/jobs\/app\/uploads\/sites\/7\/2024\/11\/IMG_0346-2048x1536.jpg 2048w, https:\/\/www.dehner.de\/jobs\/app\/uploads\/sites\/7\/2024\/11\/IMG_0346-1000x750.jpg 1000w\" sizes=\"auto, (max-width: 1024px) 100vw, 1024px\" \/>                <\/div>\n                <div class=\"col-md-6 df fc jcc body\">\n                            <a href=\"#\" class=\"toggler toggler-down-md toggler-hide\" data-toggle=\"collapse\" data-target=\"#block_46ef1cf608572d2ea55bc9a40acca430\" aria-expanded=\"true\" aria-controls=\"block_46ef1cf608572d2ea55bc9a40acca430\">\n                            <img loading=\"lazy\" decoding=\"async\" width=\"1024\" height=\"768\" src=\"https:\/\/www.dehner.de\/jobs\/app\/uploads\/sites\/7\/2024\/11\/IMG_0346-1024x768.jpg\" class=\"mobile-image img-fluid mb-3 d-md-none\" alt=\"Herausforderungen im Klettergarten\" srcset=\"https:\/\/www.dehner.de\/jobs\/app\/uploads\/sites\/7\/2024\/11\/IMG_0346-1024x768.jpg 1024w, https:\/\/www.dehner.de\/jobs\/app\/uploads\/sites\/7\/2024\/11\/IMG_0346-300x225.jpg 300w, https:\/\/www.dehner.de\/jobs\/app\/uploads\/sites\/7\/2024\/11\/IMG_0346-150x113.jpg 150w, https:\/\/www.dehner.de\/jobs\/app\/uploads\/sites\/7\/2024\/11\/IMG_0346-768x576.jpg 768w, https:\/\/www.dehner.de\/jobs\/app\/uploads\/sites\/7\/2024\/11\/IMG_0346-1536x1152.jpg 1536w, https:\/\/www.dehner.de\/jobs\/app\/uploads\/sites\/7\/2024\/11\/IMG_0346-2048x1536.jpg 2048w, https:\/\/www.dehner.de\/jobs\/app\/uploads\/sites\/7\/2024\/11\/IMG_0346-1000x750.jpg 1000w\" sizes=\"auto, (max-width: 1024px) 100vw, 1024px\" \/>                        <h3 class=\"font-h4 toggler toggler-down-md\">Gemeinsam wachsen <\/h3>        <\/a>\n        <div class=\"collapse text show\" id=\"block_46ef1cf608572d2ea55bc9a40acca430\" data-parent=\"main\">\n            <p>Der zweite Tag begann mit einer Lehreinheit zu den Themen Teamdynamik und Teamentwicklung. Unsere jungen Talente lernten den Unterschied zwischen einer Gruppe und einem echten Team kennen. Zudem gewannen sie Einblicke in die verschiedenen Phasen der Teamentwicklung und in die verschiedenen Teamrollen. So erfuhren die Auszubildenden, wie wichtig es ist, sich nicht nur individuell weiterzuentwickeln, sondern auch als Team zusammenzuwachsen und sich gegenseitig zu unterst\u00fctzen. Das sollte sp\u00e4testens ein paar Stunden sp\u00e4ter nach einem st\u00e4rkenden Mittagessen noch wichtig werden \u2013 denn nachmittags ging es in den Klettergarten.<br \/>\nHier konnten sich unsere Azubis gleich beweisen und \u00fcber sich hinauswachsen. Beim Klettern meisterten sie gemeinsam steile Herausforderungen und st\u00e4rkten das Vertrauen untereinander. Unsere Auszubildenden aus dem Junior-Kolleg erlebten hautnah, was es bedeutet, sich voll und ganz auf die Unterst\u00fctzung ihres Teams verlassen zu k\u00f6nnen.<\/p>\n                    <\/div>                <\/div>\n            \n        <\/div>\n    <\/div>\n<\/section>\n\n\n<section class=\"block-img-txt img-50-text-50 pb-4\">\n    <div class=\"container\">\n        <div class=\"row\">\n                            <div class=\"col-md-6 pb-4 d-none d-md-block image\">\n                    <img loading=\"lazy\" decoding=\"async\" width=\"570\" height=\"370\" src=\"https:\/\/www.dehner.de\/jobs\/app\/uploads\/sites\/7\/2024\/11\/teamzusammenhalt-review-dehner-1.png\" class=\"img-cover\" alt=\"Schulungen beim Dehner Junior-Kolleg\" srcset=\"https:\/\/www.dehner.de\/jobs\/app\/uploads\/sites\/7\/2024\/11\/teamzusammenhalt-review-dehner-1.png 570w, https:\/\/www.dehner.de\/jobs\/app\/uploads\/sites\/7\/2024\/11\/teamzusammenhalt-review-dehner-1-300x195.png 300w, https:\/\/www.dehner.de\/jobs\/app\/uploads\/sites\/7\/2024\/11\/teamzusammenhalt-review-dehner-1-150x97.png 150w\" sizes=\"auto, (max-width: 570px) 100vw, 570px\" \/>                <\/div>\n                <div class=\"col-md-6 df fc jcc body\">\n                            <a href=\"#\" class=\"toggler toggler-down-md toggler-hide\" data-toggle=\"collapse\" data-target=\"#block_38c9df57344d86e89818c0005eaf2434\" aria-expanded=\"true\" aria-controls=\"block_38c9df57344d86e89818c0005eaf2434\">\n                            <img loading=\"lazy\" decoding=\"async\" width=\"570\" height=\"370\" src=\"https:\/\/www.dehner.de\/jobs\/app\/uploads\/sites\/7\/2024\/11\/teamzusammenhalt-review-dehner-1.png\" class=\"mobile-image img-fluid mb-3 d-md-none\" alt=\"Schulungen beim Dehner Junior-Kolleg\" srcset=\"https:\/\/www.dehner.de\/jobs\/app\/uploads\/sites\/7\/2024\/11\/teamzusammenhalt-review-dehner-1.png 570w, https:\/\/www.dehner.de\/jobs\/app\/uploads\/sites\/7\/2024\/11\/teamzusammenhalt-review-dehner-1-300x195.png 300w, https:\/\/www.dehner.de\/jobs\/app\/uploads\/sites\/7\/2024\/11\/teamzusammenhalt-review-dehner-1-150x97.png 150w\" sizes=\"auto, (max-width: 570px) 100vw, 570px\" \/>                        <h3 class=\"font-h4 toggler toggler-down-md\">R\u00fcckblick und Abschluss<\/h3>        <\/a>\n        <div class=\"collapse text show\" id=\"block_38c9df57344d86e89818c0005eaf2434\" data-parent=\"main\">\n            <p>Zum Abschluss des Moduls lie\u00df das zusammengeschwei\u00dfte Team die gewonnenen Erkenntnisse Revue passieren und reflektierte die neuen Erfahrungen. Zwar haben unsere Auszubildenden unterschiedliche pers\u00f6nliche Eindr\u00fccke gesammelt, aber in einem waren sich alle einig: Der gelungene Mix aus praktischen \u00dcbungen, Reflexion und gemeinsamen Aktivit\u00e4ten hat die Kommunikation- und Sozialkompetenzen aller Azubis st\u00e4rken k\u00f6nnen.<br \/>\nModul 1 war damit nicht nur ein aufregender und ereignisreicher Einstieg ins Junior-Kolleg, sondern auch ein gro\u00dfer Schritt zur Entwicklung eines starken und bunten Team.<\/p>\n                    <\/div>                <\/div>\n            \n        <\/div>\n    <\/div>\n<\/section>\n","protected":false},"excerpt":{"rendered":"","protected":false},"featured_media":31543,"parent":0,"template":"","blog_category":[454],"class_list":["post-31539","blog","type-blog","status-publish","has-post-thumbnail","hentry","blog_category-ausbildung"],"acf":[],"yoast_head":"<!-- This site is optimized with the Yoast SEO plugin v24.5 - https:\/\/yoast.com\/wordpress\/plugins\/seo\/ -->\n<title>Ein starkes Team ist bunt \u2013 Welche Farbe hast du?<\/title>\n<meta name=\"description\" content=\"Ein starkes Team ist bunt \u2013 Welche Farbe hast du? \u2713 Vielfalt erleben \u2713 Teamgeist st\u00e4rken \u2713 Gemeinsam wachsen \u27a4 Jetzt entdecken!\" \/>\n<meta name=\"robots\" content=\"index, follow, max-snippet:-1, max-image-preview:large, max-video-preview:-1\" \/>\n<link rel=\"canonical\" href=\"https:\/\/www.dehner.de\/jobs\/blogbeitrag\/ein-starkes-team-ist-bunt-welche-farbe-hast-du\/\" \/>\n<meta property=\"og:locale\" content=\"de_DE\" \/>\n<meta property=\"og:type\" content=\"article\" \/>\n<meta property=\"og:title\" content=\"Ein starkes Team ist bunt \u2013 Welche Farbe hast du?\" \/>\n<meta property=\"og:description\" content=\"Ein starkes Team ist bunt \u2013 Welche Farbe hast du? \u2713 Vielfalt erleben \u2713 Teamgeist st\u00e4rken \u2713 Gemeinsam wachsen \u27a4 Jetzt entdecken!\" \/>\n<meta property=\"og:url\" content=\"https:\/\/www.dehner.de\/jobs\/blogbeitrag\/ein-starkes-team-ist-bunt-welche-farbe-hast-du\/\" \/>\n<meta property=\"og:site_name\" content=\"Karriere bei Dehner\" \/>\n<meta property=\"article:modified_time\" content=\"2025-02-25T07:33:05+00:00\" \/>\n<meta property=\"og:image\" content=\"https:\/\/www.dehner.de\/jobs\/app\/uploads\/sites\/7\/2024\/11\/header-rueblick-fernglas.png\" \/>\n\t<meta property=\"og:image:width\" content=\"1920\" \/>\n\t<meta property=\"og:image:height\" content=\"500\" \/>\n\t<meta property=\"og:image:type\" content=\"image\/png\" \/>\n<meta name=\"twitter:card\" content=\"summary_large_image\" \/>\n<meta name=\"twitter:label1\" content=\"Est. reading time\" \/>\n\t<meta name=\"twitter:data1\" content=\"4 Minuten\" \/>\n<script type=\"application\/ld+json\" class=\"yoast-schema-graph\">{\"@context\":\"https:\/\/schema.org\",\"@graph\":[{\"@type\":\"WebPage\",\"@id\":\"https:\/\/www.dehner.de\/jobs\/blogbeitrag\/ein-starkes-team-ist-bunt-welche-farbe-hast-du\/\",\"url\":\"https:\/\/www.dehner.de\/jobs\/blogbeitrag\/ein-starkes-team-ist-bunt-welche-farbe-hast-du\/\",\"name\":\"Ein starkes Team ist bunt \u2013 Welche Farbe hast du?\",\"isPartOf\":{\"@id\":\"https:\/\/www.dehner.de\/jobs\/#website\"},\"primaryImageOfPage\":{\"@id\":\"https:\/\/www.dehner.de\/jobs\/blogbeitrag\/ein-starkes-team-ist-bunt-welche-farbe-hast-du\/#primaryimage\"},\"image\":{\"@id\":\"https:\/\/www.dehner.de\/jobs\/blogbeitrag\/ein-starkes-team-ist-bunt-welche-farbe-hast-du\/#primaryimage\"},\"thumbnailUrl\":\"https:\/\/www.dehner.de\/jobs\/app\/uploads\/sites\/7\/2024\/11\/header-rueblick-fernglas.png\",\"datePublished\":\"2024-11-14T07:00:00+00:00\",\"dateModified\":\"2025-02-25T07:33:05+00:00\",\"description\":\"Ein starkes Team ist bunt \u2013 Welche Farbe hast du? \u2713 Vielfalt erleben \u2713 Teamgeist st\u00e4rken \u2713 Gemeinsam wachsen \u27a4 Jetzt entdecken!\",\"breadcrumb\":{\"@id\":\"https:\/\/www.dehner.de\/jobs\/blogbeitrag\/ein-starkes-team-ist-bunt-welche-farbe-hast-du\/#breadcrumb\"},\"inLanguage\":\"de-DE\",\"potentialAction\":[{\"@type\":\"ReadAction\",\"target\":[\"https:\/\/www.dehner.de\/jobs\/blogbeitrag\/ein-starkes-team-ist-bunt-welche-farbe-hast-du\/\"]}]},{\"@type\":\"ImageObject\",\"inLanguage\":\"de-DE\",\"@id\":\"https:\/\/www.dehner.de\/jobs\/blogbeitrag\/ein-starkes-team-ist-bunt-welche-farbe-hast-du\/#primaryimage\",\"url\":\"https:\/\/www.dehner.de\/jobs\/app\/uploads\/sites\/7\/2024\/11\/header-rueblick-fernglas.png\",\"contentUrl\":\"https:\/\/www.dehner.de\/jobs\/app\/uploads\/sites\/7\/2024\/11\/header-rueblick-fernglas.png\",\"width\":1920,\"height\":500,\"caption\":\"Modul 1 des Dehner Junior-Kollegs\"},{\"@type\":\"BreadcrumbList\",\"@id\":\"https:\/\/www.dehner.de\/jobs\/blogbeitrag\/ein-starkes-team-ist-bunt-welche-farbe-hast-du\/#breadcrumb\",\"itemListElement\":[{\"@type\":\"ListItem\",\"position\":1,\"name\":\"Home\",\"item\":\"https:\/\/www.dehner.de\/jobs\/\"},{\"@type\":\"ListItem\",\"position\":2,\"name\":\"Ein starkes Team ist bunt &#8211; welche Farbe hast du?\"}]},{\"@type\":\"WebSite\",\"@id\":\"https:\/\/www.dehner.de\/jobs\/#website\",\"url\":\"https:\/\/www.dehner.de\/jobs\/\",\"name\":\"Karriere bei Dehner\",\"description\":\"Die Storys unserer Personalbotschafter\",\"publisher\":{\"@id\":\"https:\/\/www.dehner.de\/jobs\/#organization\"},\"potentialAction\":[{\"@type\":\"SearchAction\",\"target\":{\"@type\":\"EntryPoint\",\"urlTemplate\":\"https:\/\/www.dehner.de\/jobs\/?s={search_term_string}\"},\"query-input\":{\"@type\":\"PropertyValueSpecification\",\"valueRequired\":true,\"valueName\":\"search_term_string\"}}],\"inLanguage\":\"de-DE\"},{\"@type\":\"Organization\",\"@id\":\"https:\/\/www.dehner.de\/jobs\/#organization\",\"name\":\"Karriere bei Dehner\",\"url\":\"https:\/\/www.dehner.de\/jobs\/\",\"logo\":{\"@type\":\"ImageObject\",\"inLanguage\":\"de-DE\",\"@id\":\"https:\/\/www.dehner.de\/jobs\/#\/schema\/logo\/image\/\",\"url\":\"https:\/\/www.dehner.de\/jobs\/app\/uploads\/sites\/7\/2025\/12\/dehner-garten-center-koenigsbrunn-revitalisierung-neubau-umbau.png\",\"contentUrl\":\"https:\/\/www.dehner.de\/jobs\/app\/uploads\/sites\/7\/2025\/12\/dehner-garten-center-koenigsbrunn-revitalisierung-neubau-umbau.png\",\"width\":800,\"height\":1315,\"caption\":\"Karriere bei Dehner\"},\"image\":{\"@id\":\"https:\/\/www.dehner.de\/jobs\/#\/schema\/logo\/image\/\"}}]}<\/script>\n<!-- \/ Yoast SEO plugin. -->","yoast_head_json":{"title":"Ein starkes Team ist bunt \u2013 Welche Farbe hast du?","description":"Ein starkes Team ist bunt \u2013 Welche Farbe hast du? \u2713 Vielfalt erleben \u2713 Teamgeist st\u00e4rken \u2713 Gemeinsam wachsen \u27a4 Jetzt entdecken!","robots":{"index":"index","follow":"follow","max-snippet":"max-snippet:-1","max-image-preview":"max-image-preview:large","max-video-preview":"max-video-preview:-1"},"canonical":"https:\/\/www.dehner.de\/jobs\/blogbeitrag\/ein-starkes-team-ist-bunt-welche-farbe-hast-du\/","og_locale":"de_DE","og_type":"article","og_title":"Ein starkes Team ist bunt \u2013 Welche Farbe hast du?","og_description":"Ein starkes Team ist bunt \u2013 Welche Farbe hast du? \u2713 Vielfalt erleben \u2713 Teamgeist st\u00e4rken \u2713 Gemeinsam wachsen \u27a4 Jetzt entdecken!","og_url":"https:\/\/www.dehner.de\/jobs\/blogbeitrag\/ein-starkes-team-ist-bunt-welche-farbe-hast-du\/","og_site_name":"Karriere bei Dehner","article_modified_time":"2025-02-25T07:33:05+00:00","og_image":[{"width":1920,"height":500,"url":"https:\/\/www.dehner.de\/jobs\/app\/uploads\/sites\/7\/2024\/11\/header-rueblick-fernglas.png","type":"image\/png"}],"twitter_card":"summary_large_image","twitter_misc":{"Est. reading time":"4 Minuten"},"schema":{"@context":"https:\/\/schema.org","@graph":[{"@type":"WebPage","@id":"https:\/\/www.dehner.de\/jobs\/blogbeitrag\/ein-starkes-team-ist-bunt-welche-farbe-hast-du\/","url":"https:\/\/www.dehner.de\/jobs\/blogbeitrag\/ein-starkes-team-ist-bunt-welche-farbe-hast-du\/","name":"Ein starkes Team ist bunt \u2013 Welche Farbe hast du?","isPartOf":{"@id":"https:\/\/www.dehner.de\/jobs\/#website"},"primaryImageOfPage":{"@id":"https:\/\/www.dehner.de\/jobs\/blogbeitrag\/ein-starkes-team-ist-bunt-welche-farbe-hast-du\/#primaryimage"},"image":{"@id":"https:\/\/www.dehner.de\/jobs\/blogbeitrag\/ein-starkes-team-ist-bunt-welche-farbe-hast-du\/#primaryimage"},"thumbnailUrl":"https:\/\/www.dehner.de\/jobs\/app\/uploads\/sites\/7\/2024\/11\/header-rueblick-fernglas.png","datePublished":"2024-11-14T07:00:00+00:00","dateModified":"2025-02-25T07:33:05+00:00","description":"Ein starkes Team ist bunt \u2013 Welche Farbe hast du? \u2713 Vielfalt erleben \u2713 Teamgeist st\u00e4rken \u2713 Gemeinsam wachsen \u27a4 Jetzt entdecken!","breadcrumb":{"@id":"https:\/\/www.dehner.de\/jobs\/blogbeitrag\/ein-starkes-team-ist-bunt-welche-farbe-hast-du\/#breadcrumb"},"inLanguage":"de-DE","potentialAction":[{"@type":"ReadAction","target":["https:\/\/www.dehner.de\/jobs\/blogbeitrag\/ein-starkes-team-ist-bunt-welche-farbe-hast-du\/"]}]},{"@type":"ImageObject","inLanguage":"de-DE","@id":"https:\/\/www.dehner.de\/jobs\/blogbeitrag\/ein-starkes-team-ist-bunt-welche-farbe-hast-du\/#primaryimage","url":"https:\/\/www.dehner.de\/jobs\/app\/uploads\/sites\/7\/2024\/11\/header-rueblick-fernglas.png","contentUrl":"https:\/\/www.dehner.de\/jobs\/app\/uploads\/sites\/7\/2024\/11\/header-rueblick-fernglas.png","width":1920,"height":500,"caption":"Modul 1 des Dehner Junior-Kollegs"},{"@type":"BreadcrumbList","@id":"https:\/\/www.dehner.de\/jobs\/blogbeitrag\/ein-starkes-team-ist-bunt-welche-farbe-hast-du\/#breadcrumb","itemListElement":[{"@type":"ListItem","position":1,"name":"Home","item":"https:\/\/www.dehner.de\/jobs\/"},{"@type":"ListItem","position":2,"name":"Ein starkes Team ist bunt &#8211; welche Farbe hast du?"}]},{"@type":"WebSite","@id":"https:\/\/www.dehner.de\/jobs\/#website","url":"https:\/\/www.dehner.de\/jobs\/","name":"Karriere bei Dehner","description":"Die Storys unserer Personalbotschafter","publisher":{"@id":"https:\/\/www.dehner.de\/jobs\/#organization"},"potentialAction":[{"@type":"SearchAction","target":{"@type":"EntryPoint","urlTemplate":"https:\/\/www.dehner.de\/jobs\/?s={search_term_string}"},"query-input":{"@type":"PropertyValueSpecification","valueRequired":true,"valueName":"search_term_string"}}],"inLanguage":"de-DE"},{"@type":"Organization","@id":"https:\/\/www.dehner.de\/jobs\/#organization","name":"Karriere bei Dehner","url":"https:\/\/www.dehner.de\/jobs\/","logo":{"@type":"ImageObject","inLanguage":"de-DE","@id":"https:\/\/www.dehner.de\/jobs\/#\/schema\/logo\/image\/","url":"https:\/\/www.dehner.de\/jobs\/app\/uploads\/sites\/7\/2025\/12\/dehner-garten-center-koenigsbrunn-revitalisierung-neubau-umbau.png","contentUrl":"https:\/\/www.dehner.de\/jobs\/app\/uploads\/sites\/7\/2025\/12\/dehner-garten-center-koenigsbrunn-revitalisierung-neubau-umbau.png","width":800,"height":1315,"caption":"Karriere bei Dehner"},"image":{"@id":"https:\/\/www.dehner.de\/jobs\/#\/schema\/logo\/image\/"}}]}},"_links":{"self":[{"href":"https:\/\/www.dehner.de\/jobs\/wp-json\/wp\/v2\/blog\/31539","targetHints":{"allow":["GET"]}}],"collection":[{"href":"https:\/\/www.dehner.de\/jobs\/wp-json\/wp\/v2\/blog"}],"about":[{"href":"https:\/\/www.dehner.de\/jobs\/wp-json\/wp\/v2\/types\/blog"}],"version-history":[{"count":5,"href":"https:\/\/www.dehner.de\/jobs\/wp-json\/wp\/v2\/blog\/31539\/revisions"}],"predecessor-version":[{"id":31566,"href":"https:\/\/www.dehner.de\/jobs\/wp-json\/wp\/v2\/blog\/31539\/revisions\/31566"}],"wp:featuredmedia":[{"embeddable":true,"href":"https:\/\/www.dehner.de\/jobs\/wp-json\/wp\/v2\/media\/31543"}],"wp:attachment":[{"href":"https:\/\/www.dehner.de\/jobs\/wp-json\/wp\/v2\/media?parent=31539"}],"wp:term":[{"taxonomy":"blog_category","embeddable":true,"href":"https:\/\/www.dehner.de\/jobs\/wp-json\/wp\/v2\/blog_category?post=31539"}],"curies":[{"name":"wp","href":"https:\/\/api.w.org\/{rel}","templated":true}]}}