{"id":28887,"date":"2024-10-16T09:59:29","date_gmt":"2024-10-16T07:59:29","guid":{"rendered":"https:\/\/www.dehner.de\/jobs\/?post_type=blog&#038;p=28887"},"modified":"2025-02-24T15:35:00","modified_gmt":"2025-02-24T14:35:00","slug":"one-step-after-another-vom-azubi-zum-junior-social-media-manager","status":"publish","type":"blog","link":"https:\/\/www.dehner.de\/jobs\/blogbeitrag\/one-step-after-another-vom-azubi-zum-junior-social-media-manager\/","title":{"rendered":"One step after another &#8211; Vom Azubi zum Junior Social Media Manager"},"content":{"rendered":"<section class=\"block-img-txt img-50-text-50 pb-4\">\n    <div class=\"container\">\n        <div class=\"row\">\n                            <div class=\"col-md-6 pb-4 d-none d-md-block image\">\n                                    <\/div>\n                <div class=\"col-md-6 df fc jcc body\">\n                                                        <div class=\"text\">\n                    <\/div>\n                                <\/div>\n            \n        <\/div>\n    <\/div>\n<\/section>\n\n\n<section class=\"block-img-txt img-50-text-50 pb-4\">\n    <div class=\"container\">\n        <div class=\"row\">\n                            <div class=\"col-md-6 pb-4 d-none d-md-block image\">\n                    <img loading=\"lazy\" decoding=\"async\" width=\"570\" height=\"600\" src=\"https:\/\/www.dehner.de\/jobs\/app\/uploads\/sites\/7\/2024\/10\/dehner-junior-social-media-manager.png\" class=\"img-cover\" alt=\"Junior Social Media Managerin\" srcset=\"https:\/\/www.dehner.de\/jobs\/app\/uploads\/sites\/7\/2024\/10\/dehner-junior-social-media-manager.png 570w, https:\/\/www.dehner.de\/jobs\/app\/uploads\/sites\/7\/2024\/10\/dehner-junior-social-media-manager-285x300.png 285w, https:\/\/www.dehner.de\/jobs\/app\/uploads\/sites\/7\/2024\/10\/dehner-junior-social-media-manager-143x150.png 143w\" sizes=\"auto, (max-width: 570px) 100vw, 570px\" \/>                <\/div>\n                <div class=\"col-md-6 df fc jcc body\">\n                            <a href=\"#\" class=\"toggler toggler-down-md toggler-hide\" data-toggle=\"collapse\" data-target=\"#block_6047acaad4099d7c121fdd8cadfc0c92\" aria-expanded=\"true\" aria-controls=\"block_6047acaad4099d7c121fdd8cadfc0c92\">\n                            <img loading=\"lazy\" decoding=\"async\" width=\"570\" height=\"600\" src=\"https:\/\/www.dehner.de\/jobs\/app\/uploads\/sites\/7\/2024\/10\/dehner-junior-social-media-manager.png\" class=\"mobile-image img-fluid mb-3 d-md-none\" alt=\"Junior Social Media Managerin\" srcset=\"https:\/\/www.dehner.de\/jobs\/app\/uploads\/sites\/7\/2024\/10\/dehner-junior-social-media-manager.png 570w, https:\/\/www.dehner.de\/jobs\/app\/uploads\/sites\/7\/2024\/10\/dehner-junior-social-media-manager-285x300.png 285w, https:\/\/www.dehner.de\/jobs\/app\/uploads\/sites\/7\/2024\/10\/dehner-junior-social-media-manager-143x150.png 143w\" sizes=\"auto, (max-width: 570px) 100vw, 570px\" \/>                        <h3 class=\"font-h4 toggler toggler-down-md\">Mein Azubi-Life bei Dehner<\/h3>        <\/a>\n        <div class=\"collapse text show\" id=\"block_6047acaad4099d7c121fdd8cadfc0c92\" data-parent=\"main\">\n            <p>Meine Ausbildung erfolgreich zu absolvieren, ist ein wichtiger Meilenstein f\u00fcr mich. War er vor vielen Jahren noch weit entfernt, kann ich jetzt stolz sagen: Ich habe meine Ausbildung erfolgreich gemeistert und bin nun gelernte Kauffrau f\u00fcr B\u00fcromanagement. Meine Freunde und Familie waren ein starker R\u00fcckhalt in dieser Zeit. Auch Dehner ist zu einer zweiten Familie f\u00fcr mich geworden. Hier habe ich neue Freunde gefunden, meine Sorgen geteilt und bin an mir und meinen Aufgaben gewachsen. Wenn ich die letzten Jahre Revue passieren lasse, bin ich froh, Teil der Dehner Familie zu sein. Was Du wissen solltest: In der <a href=\"https:\/\/www.dehner.de\/jobs\/ausbildung-und-duales-studium\/ausbildung\/kaufmann-im-buromanagement\/\" data-mce-href=\"https:\/\/www.dehner.de\/jobs\/ausbildung-und-duales-studium\/ausbildung\/kaufmann-im-buromanagement\/\">Ausbildung zur Kauffrau f\u00fcr B\u00fcromanagement<\/a> wirst Du als Azubi in verschiedenen Abteilungen in einem halbj\u00e4hrigen Turnus eingesetzt. So lernte ich viele unterschiedliche Menschen, aber vor allem auch spannende Ausbildungsinhalte kennen. Ob Einkauf, Personal, Finanzen &amp; Rechnungswesen oder Marketing. Je nach Bereich durfte ich abwechslungsreiche T\u00e4tigkeiten und Projekte durchf\u00fchren. Da ist f\u00fcr jeden Geschmack etwas dabei! Schon in meiner ersten Station im Marketing wusste ich: Mein Herz schl\u00e4gt f\u00fcr den Mix aus kreativer und organisatorischer Arbeit.<\/p>\n                    <\/div>                <\/div>\n            \n        <\/div>\n    <\/div>\n<\/section>\n\n\n<section class=\"block-img-txt text-50-img-50 pb-4\">\n    <div class=\"container\">\n        <div class=\"row\">\n                            <div class=\"col-md-6 pb-4 d-none d-md-block image\">\n                    <img loading=\"lazy\" decoding=\"async\" width=\"570\" height=\"600\" src=\"https:\/\/www.dehner.de\/jobs\/app\/uploads\/sites\/7\/2024\/10\/Juniorkolleg.png\" class=\"img-cover\" alt=\"Das Junior Kolleg 2023\" srcset=\"https:\/\/www.dehner.de\/jobs\/app\/uploads\/sites\/7\/2024\/10\/Juniorkolleg.png 570w, https:\/\/www.dehner.de\/jobs\/app\/uploads\/sites\/7\/2024\/10\/Juniorkolleg-285x300.png 285w, https:\/\/www.dehner.de\/jobs\/app\/uploads\/sites\/7\/2024\/10\/Juniorkolleg-143x150.png 143w\" sizes=\"auto, (max-width: 570px) 100vw, 570px\" \/>                <\/div>\n                <div class=\"col-md-6 df fc jcc body\">\n                            <a href=\"#\" class=\"toggler toggler-down-md toggler-hide\" data-toggle=\"collapse\" data-target=\"#block_8456c04ee06996d79ded3868df5e8c98\" aria-expanded=\"true\" aria-controls=\"block_8456c04ee06996d79ded3868df5e8c98\">\n                            <img loading=\"lazy\" decoding=\"async\" width=\"570\" height=\"600\" src=\"https:\/\/www.dehner.de\/jobs\/app\/uploads\/sites\/7\/2024\/10\/Juniorkolleg.png\" class=\"mobile-image img-fluid mb-3 d-md-none\" alt=\"Das Junior Kolleg 2023\" srcset=\"https:\/\/www.dehner.de\/jobs\/app\/uploads\/sites\/7\/2024\/10\/Juniorkolleg.png 570w, https:\/\/www.dehner.de\/jobs\/app\/uploads\/sites\/7\/2024\/10\/Juniorkolleg-285x300.png 285w, https:\/\/www.dehner.de\/jobs\/app\/uploads\/sites\/7\/2024\/10\/Juniorkolleg-143x150.png 143w\" sizes=\"auto, (max-width: 570px) 100vw, 570px\" \/>                        <h3 class=\"font-h4 toggler toggler-down-md\">Der Junior-Kolleg Jahrgang 2022<\/h3>        <\/a>\n        <div class=\"collapse text show\" id=\"block_8456c04ee06996d79ded3868df5e8c98\" data-parent=\"main\">\n            <p>Das <a href=\"https:\/\/www.dehner.de\/jobs\/karriere-storys\/ausbildung\/mit-vollgas-in-die-berufswelt-unser-dehner-junior-kolleg-jahrgang-2022\/\" data-mce-href=\"https:\/\/www.dehner.de\/jobs\/karriere-storys\/ausbildung\/mit-vollgas-in-die-berufswelt-unser-dehner-junior-kolleg-jahrgang-2022\/\">Junior-Kolleg<\/a> war ein besonderer und wichtiger Teil meiner Ausbildung. Du fragst Dich warum? Im Rahmen dieses Nachwuchs- und Potenzialprogramms durfte ich nicht nur wundervollen Menschen begegnen, sondern mich selbst weiterbilden und meine F\u00e4higkeiten voll aussch\u00f6pfen. In insgesamt vier Modulen hat ein Team aus 12 Auszubildenden aus ganz Deutschland unter anderem ein Projekt gestaltet: \u201eAzubis f\u00fchren einen Markt\u201c beschreibt schon ganz gut, um was es sich hierbei handelte. Einen Tag lang wurde von uns Azubis das Garten-Center in Waiblingen geleitet. Auch im Projektteam habe ich schnell die kreative Rolle eingenommen. Mir war klar: Dieser Tag sollte etwas Besonderes werden und das wollten wir auch an die Kund*innen weitergeben. Ob online oder offline, Facebook, Instagram, Plakate oder Banner \u2013 wir hatten eine gro\u00dfe Bandbreite an Werbema\u00dfnahmen erstellt. Zugegebenerma\u00dfen hat dieses Projekt ma\u00dfgeblich zu meiner Bewerbung im Bereich Marketing beigetragen. Diese Projektrolle hat mir gezeigt, dass ich ein Marketing-Girl bin und dort meinen Berufsalltag bestreiten m\u00f6chte.<\/p>\n                    <\/div>                <\/div>\n            \n        <\/div>\n    <\/div>\n<\/section>\n\n\n<section class=\"block-img-txt img-50-text-50 pb-4\">\n    <div class=\"container\">\n        <div class=\"row\">\n                            <div class=\"col-md-6 pb-4 d-none d-md-block image\">\n                    <img loading=\"lazy\" decoding=\"async\" width=\"570\" height=\"600\" src=\"https:\/\/www.dehner.de\/jobs\/app\/uploads\/sites\/7\/2024\/10\/dehner-ausbildung-uebernahme-berufsstart.png\" class=\"img-cover\" alt=\"\u00dcbernahme nach der Ausbildung\" srcset=\"https:\/\/www.dehner.de\/jobs\/app\/uploads\/sites\/7\/2024\/10\/dehner-ausbildung-uebernahme-berufsstart.png 570w, https:\/\/www.dehner.de\/jobs\/app\/uploads\/sites\/7\/2024\/10\/dehner-ausbildung-uebernahme-berufsstart-285x300.png 285w, https:\/\/www.dehner.de\/jobs\/app\/uploads\/sites\/7\/2024\/10\/dehner-ausbildung-uebernahme-berufsstart-143x150.png 143w\" sizes=\"auto, (max-width: 570px) 100vw, 570px\" \/>                <\/div>\n                <div class=\"col-md-6 df fc jcc body\">\n                            <a href=\"#\" class=\"toggler toggler-down-md toggler-hide\" data-toggle=\"collapse\" data-target=\"#block_5177bfef5909b6e2da7c2391ffef2523\" aria-expanded=\"true\" aria-controls=\"block_5177bfef5909b6e2da7c2391ffef2523\">\n                            <img loading=\"lazy\" decoding=\"async\" width=\"570\" height=\"600\" src=\"https:\/\/www.dehner.de\/jobs\/app\/uploads\/sites\/7\/2024\/10\/dehner-ausbildung-uebernahme-berufsstart.png\" class=\"mobile-image img-fluid mb-3 d-md-none\" alt=\"\u00dcbernahme nach der Ausbildung\" srcset=\"https:\/\/www.dehner.de\/jobs\/app\/uploads\/sites\/7\/2024\/10\/dehner-ausbildung-uebernahme-berufsstart.png 570w, https:\/\/www.dehner.de\/jobs\/app\/uploads\/sites\/7\/2024\/10\/dehner-ausbildung-uebernahme-berufsstart-285x300.png 285w, https:\/\/www.dehner.de\/jobs\/app\/uploads\/sites\/7\/2024\/10\/dehner-ausbildung-uebernahme-berufsstart-143x150.png 143w\" sizes=\"auto, (max-width: 570px) 100vw, 570px\" \/>                        <h3 class=\"font-h4 toggler toggler-down-md\">180\u00b0-Drehung: Meine neue Rolle<\/h3>        <\/a>\n        <div class=\"collapse text show\" id=\"block_5177bfef5909b6e2da7c2391ffef2523\" data-parent=\"main\">\n            <p>\u00dcblicherweise bewerben sich die Auszubildenden in unserer Unternehmenszentrale schon ca. sechs bis zw\u00f6lf Monate vor dem Ausbildungsabschluss in ihrer Wunschabteilung. Gl\u00fccklicherweise war meine Traumstelle exakt zu diesem Zeitpunkt im Bereich Marketing ausgeschrieben: Social Media Manager (m\/w\/d). Ich erinnere mich noch genau, wie ich voller Hoffnung meine Bewerbung geschrieben habe. Nach mehreren Abstimmungsrunden hatte ich dann die Zusage. <!--StartFragment --><span class=\"cf0\">Jetzt, ein knappes Jahr sp\u00e4ter habe ich meinen Abschluss schlie\u00dflich in der Tasche. Ab sofort bin ich nicht mehr \u201enur\u201c die helfende Hand, sondern nehme Dinge wirklich selbst in die Hand. Aller Anfang ist schwer. Doch durch ein gro\u00dfartiges Team und verantwortungsvolle Aufgaben schl\u00fcpfe ich immer mehr in meine neue Rolle. Ich freue mich sehr auf die kommenden Erfahrungen und dieses neue Abenteuer als Junior Social Media Managerin.<\/span><!--EndFragment --><\/p>\n                    <\/div>                <\/div>\n            \n        <\/div>\n    <\/div>\n<\/section>\n\n\n<section class=\"block-img-txt text-50-img-50 pb-4\">\n    <div class=\"container\">\n        <div class=\"row\">\n                            <div class=\"col-md-6 pb-4 d-none d-md-block image\">\n                    <img loading=\"lazy\" decoding=\"async\" width=\"570\" height=\"600\" src=\"https:\/\/www.dehner.de\/jobs\/app\/uploads\/sites\/7\/2024\/10\/dehner-social-media-content-marketing.png\" class=\"img-cover\" alt=\"Arbeit als Junior Social Media Manager\" srcset=\"https:\/\/www.dehner.de\/jobs\/app\/uploads\/sites\/7\/2024\/10\/dehner-social-media-content-marketing.png 570w, https:\/\/www.dehner.de\/jobs\/app\/uploads\/sites\/7\/2024\/10\/dehner-social-media-content-marketing-285x300.png 285w, https:\/\/www.dehner.de\/jobs\/app\/uploads\/sites\/7\/2024\/10\/dehner-social-media-content-marketing-143x150.png 143w\" sizes=\"auto, (max-width: 570px) 100vw, 570px\" \/>                <\/div>\n                <div class=\"col-md-6 df fc jcc body\">\n                            <a href=\"#\" class=\"toggler toggler-down-md toggler-hide\" data-toggle=\"collapse\" data-target=\"#block_49ceed14580ad68f9b097170f6d86e77\" aria-expanded=\"true\" aria-controls=\"block_49ceed14580ad68f9b097170f6d86e77\">\n                            <img loading=\"lazy\" decoding=\"async\" width=\"570\" height=\"600\" src=\"https:\/\/www.dehner.de\/jobs\/app\/uploads\/sites\/7\/2024\/10\/dehner-social-media-content-marketing.png\" class=\"mobile-image img-fluid mb-3 d-md-none\" alt=\"Arbeit als Junior Social Media Manager\" srcset=\"https:\/\/www.dehner.de\/jobs\/app\/uploads\/sites\/7\/2024\/10\/dehner-social-media-content-marketing.png 570w, https:\/\/www.dehner.de\/jobs\/app\/uploads\/sites\/7\/2024\/10\/dehner-social-media-content-marketing-285x300.png 285w, https:\/\/www.dehner.de\/jobs\/app\/uploads\/sites\/7\/2024\/10\/dehner-social-media-content-marketing-143x150.png 143w\" sizes=\"auto, (max-width: 570px) 100vw, 570px\" \/>                        <h3 class=\"font-h4 toggler toggler-down-md\">\u201eAch, dieses Social Media machst Du da?\u201c \u2013 Meine Aufgaben als Junior Social Media Manager<\/h3>        <\/a>\n        <div class=\"collapse text show\" id=\"block_49ceed14580ad68f9b097170f6d86e77\" data-parent=\"main\">\n            <p>Ja, Social Media ist ein wichtiger Bestandteil meines Arbeitsalltags. Facebook, Instagram und Pinterest sind bei mir nicht nur Privatangelegenheit. Du kannst Dir sicher sein, da steckt mehr Arbeit dahinter, als Du auf den ersten Blick vielleicht denkst. Die Redaktionsplanung ist der Hauptbestandteil meines Jobs. Hier brainstormen, recherchieren und planen wir unseren Content. Wir fungieren auf unseren Social-Media-Kan\u00e4len gerne als Ratgeber f\u00fcr s\u00e4mtliche Fragen rund um Pflanzen, Tiere und Co. Au\u00dferdem sind wir ein Inspirationskanal. Unter <a href=\"https:\/\/www.instagram.com\/mein.dehner\/\">@mein.dehner<\/a> findest Du auf Instagram tolle Tipps sowie inspirative Ideen. Bei der Erstellung und Gestaltung dieser Postings ist meine kreative Ader gefragt. Das Community Management bringt mich in meinem Arbeitsalltag den Kund*innen nahe. Wo im Garten-Center unsere Kolleg*innen pers\u00f6nlich oder telefonisch mit den Kund*innen agieren, chatte ich \u00fcber Direct Messages und beantworte Kommentare unter Posts. Was ich an Social Media liebe? Es ist alles flexibel! Neue Ideen, Entw\u00fcrfe oder auch lustige Situationen k\u00f6nnen schnell und einfach entstehen. Drehtage bringen Abwechslung in den B\u00fcroalltag. Die M\u00f6glichkeiten wirken unendlich. Ich kann also zuversichtlich sagen: Dieser Beruf vereint meine St\u00e4rken und l\u00e4sst mich \u00fcber mich hinauswachsen.<\/p>\n<p>Wo stehst Du gerade im Leben? Hast Du Deine Ausbildung noch vor Dir? Dann schau doch gerne in unserem <a href=\"https:\/\/www.dehner.de\/jobs\/jobmarkt\/?tax=429,239\">Job-Portal<\/a> vorbei. Und falls Du nach Inspo f\u00fcr Deinen Garten suchst, wirst Du auf unserer Insta-Seite <a href=\"https:\/\/www.instagram.com\/mein.dehner\/\">@mein.dehner<\/a> garantiert f\u00fcndig.<\/p>\n<p>&nbsp;<\/p>\n                    <\/div>                <\/div>\n            \n        <\/div>\n    <\/div>\n<\/section>\n","protected":false},"excerpt":{"rendered":"","protected":false},"featured_media":28890,"parent":0,"template":"","blog_category":[453],"class_list":["post-28887","blog","type-blog","status-publish","has-post-thumbnail","hentry","blog_category-jobeinblicke"],"acf":[],"yoast_head":"<!-- This site is optimized with the Yoast SEO plugin v24.5 - https:\/\/yoast.com\/wordpress\/plugins\/seo\/ -->\n<title>Vom Azubi zum Junior Social Media Manager bei Dehner<\/title>\n<meta name=\"description\" content=\"Vom Azubi zum Junior Social Media Manager. Eva berichtet von ihrem Weg bei Dehner \u27a4 Jetzt lesen!\" \/>\n<meta name=\"robots\" content=\"index, follow, max-snippet:-1, max-image-preview:large, max-video-preview:-1\" \/>\n<link rel=\"canonical\" href=\"https:\/\/www.dehner.de\/jobs\/blogbeitrag\/one-step-after-another-vom-azubi-zum-junior-social-media-manager\/\" \/>\n<meta property=\"og:locale\" content=\"de_DE\" \/>\n<meta property=\"og:type\" content=\"article\" \/>\n<meta property=\"og:title\" content=\"Vom Azubi zum Junior Social Media Manager bei Dehner\" \/>\n<meta property=\"og:description\" content=\"Vom Azubi zum Junior Social Media Manager. Eva berichtet von ihrem Weg bei Dehner \u27a4 Jetzt lesen!\" \/>\n<meta property=\"og:url\" content=\"https:\/\/www.dehner.de\/jobs\/blogbeitrag\/one-step-after-another-vom-azubi-zum-junior-social-media-manager\/\" \/>\n<meta property=\"og:site_name\" content=\"Karriere bei Dehner\" \/>\n<meta property=\"article:modified_time\" content=\"2025-02-24T14:35:00+00:00\" \/>\n<meta property=\"og:image\" content=\"https:\/\/www.dehner.de\/jobs\/app\/uploads\/sites\/7\/2024\/10\/social-media-manager-marketing-dehner.png\" \/>\n\t<meta property=\"og:image:width\" content=\"1920\" \/>\n\t<meta property=\"og:image:height\" content=\"500\" \/>\n\t<meta property=\"og:image:type\" content=\"image\/png\" \/>\n<meta name=\"twitter:card\" content=\"summary_large_image\" \/>\n<meta name=\"twitter:label1\" content=\"Est. reading time\" \/>\n\t<meta name=\"twitter:data1\" content=\"6 Minuten\" \/>\n<script type=\"application\/ld+json\" class=\"yoast-schema-graph\">{\"@context\":\"https:\/\/schema.org\",\"@graph\":[{\"@type\":\"WebPage\",\"@id\":\"https:\/\/www.dehner.de\/jobs\/blogbeitrag\/one-step-after-another-vom-azubi-zum-junior-social-media-manager\/\",\"url\":\"https:\/\/www.dehner.de\/jobs\/blogbeitrag\/one-step-after-another-vom-azubi-zum-junior-social-media-manager\/\",\"name\":\"Vom Azubi zum Junior Social Media Manager bei Dehner\",\"isPartOf\":{\"@id\":\"https:\/\/www.dehner.de\/jobs\/#website\"},\"primaryImageOfPage\":{\"@id\":\"https:\/\/www.dehner.de\/jobs\/blogbeitrag\/one-step-after-another-vom-azubi-zum-junior-social-media-manager\/#primaryimage\"},\"image\":{\"@id\":\"https:\/\/www.dehner.de\/jobs\/blogbeitrag\/one-step-after-another-vom-azubi-zum-junior-social-media-manager\/#primaryimage\"},\"thumbnailUrl\":\"https:\/\/www.dehner.de\/jobs\/app\/uploads\/sites\/7\/2024\/10\/social-media-manager-marketing-dehner.png\",\"datePublished\":\"2024-10-16T07:59:29+00:00\",\"dateModified\":\"2025-02-24T14:35:00+00:00\",\"description\":\"Vom Azubi zum Junior Social Media Manager. Eva berichtet von ihrem Weg bei Dehner \u27a4 Jetzt lesen!\",\"breadcrumb\":{\"@id\":\"https:\/\/www.dehner.de\/jobs\/blogbeitrag\/one-step-after-another-vom-azubi-zum-junior-social-media-manager\/#breadcrumb\"},\"inLanguage\":\"de-DE\",\"potentialAction\":[{\"@type\":\"ReadAction\",\"target\":[\"https:\/\/www.dehner.de\/jobs\/blogbeitrag\/one-step-after-another-vom-azubi-zum-junior-social-media-manager\/\"]}]},{\"@type\":\"ImageObject\",\"inLanguage\":\"de-DE\",\"@id\":\"https:\/\/www.dehner.de\/jobs\/blogbeitrag\/one-step-after-another-vom-azubi-zum-junior-social-media-manager\/#primaryimage\",\"url\":\"https:\/\/www.dehner.de\/jobs\/app\/uploads\/sites\/7\/2024\/10\/social-media-manager-marketing-dehner.png\",\"contentUrl\":\"https:\/\/www.dehner.de\/jobs\/app\/uploads\/sites\/7\/2024\/10\/social-media-manager-marketing-dehner.png\",\"width\":1920,\"height\":500,\"caption\":\"Einblick als Social Media Manager\"},{\"@type\":\"BreadcrumbList\",\"@id\":\"https:\/\/www.dehner.de\/jobs\/blogbeitrag\/one-step-after-another-vom-azubi-zum-junior-social-media-manager\/#breadcrumb\",\"itemListElement\":[{\"@type\":\"ListItem\",\"position\":1,\"name\":\"Home\",\"item\":\"https:\/\/www.dehner.de\/jobs\/\"},{\"@type\":\"ListItem\",\"position\":2,\"name\":\"One step after another &#8211; Vom Azubi zum Junior Social Media Manager\"}]},{\"@type\":\"WebSite\",\"@id\":\"https:\/\/www.dehner.de\/jobs\/#website\",\"url\":\"https:\/\/www.dehner.de\/jobs\/\",\"name\":\"Karriere bei Dehner\",\"description\":\"Die Storys unserer Personalbotschafter\",\"publisher\":{\"@id\":\"https:\/\/www.dehner.de\/jobs\/#organization\"},\"potentialAction\":[{\"@type\":\"SearchAction\",\"target\":{\"@type\":\"EntryPoint\",\"urlTemplate\":\"https:\/\/www.dehner.de\/jobs\/?s={search_term_string}\"},\"query-input\":{\"@type\":\"PropertyValueSpecification\",\"valueRequired\":true,\"valueName\":\"search_term_string\"}}],\"inLanguage\":\"de-DE\"},{\"@type\":\"Organization\",\"@id\":\"https:\/\/www.dehner.de\/jobs\/#organization\",\"name\":\"Karriere bei Dehner\",\"url\":\"https:\/\/www.dehner.de\/jobs\/\",\"logo\":{\"@type\":\"ImageObject\",\"inLanguage\":\"de-DE\",\"@id\":\"https:\/\/www.dehner.de\/jobs\/#\/schema\/logo\/image\/\",\"url\":\"https:\/\/www.dehner.de\/jobs\/app\/uploads\/sites\/7\/2025\/12\/dehner-garten-center-koenigsbrunn-revitalisierung-neubau-umbau.png\",\"contentUrl\":\"https:\/\/www.dehner.de\/jobs\/app\/uploads\/sites\/7\/2025\/12\/dehner-garten-center-koenigsbrunn-revitalisierung-neubau-umbau.png\",\"width\":800,\"height\":1315,\"caption\":\"Karriere bei Dehner\"},\"image\":{\"@id\":\"https:\/\/www.dehner.de\/jobs\/#\/schema\/logo\/image\/\"}}]}<\/script>\n<!-- \/ Yoast SEO plugin. -->","yoast_head_json":{"title":"Vom Azubi zum Junior Social Media Manager bei Dehner","description":"Vom Azubi zum Junior Social Media Manager. Eva berichtet von ihrem Weg bei Dehner \u27a4 Jetzt lesen!","robots":{"index":"index","follow":"follow","max-snippet":"max-snippet:-1","max-image-preview":"max-image-preview:large","max-video-preview":"max-video-preview:-1"},"canonical":"https:\/\/www.dehner.de\/jobs\/blogbeitrag\/one-step-after-another-vom-azubi-zum-junior-social-media-manager\/","og_locale":"de_DE","og_type":"article","og_title":"Vom Azubi zum Junior Social Media Manager bei Dehner","og_description":"Vom Azubi zum Junior Social Media Manager. Eva berichtet von ihrem Weg bei Dehner \u27a4 Jetzt lesen!","og_url":"https:\/\/www.dehner.de\/jobs\/blogbeitrag\/one-step-after-another-vom-azubi-zum-junior-social-media-manager\/","og_site_name":"Karriere bei Dehner","article_modified_time":"2025-02-24T14:35:00+00:00","og_image":[{"width":1920,"height":500,"url":"https:\/\/www.dehner.de\/jobs\/app\/uploads\/sites\/7\/2024\/10\/social-media-manager-marketing-dehner.png","type":"image\/png"}],"twitter_card":"summary_large_image","twitter_misc":{"Est. reading time":"6 Minuten"},"schema":{"@context":"https:\/\/schema.org","@graph":[{"@type":"WebPage","@id":"https:\/\/www.dehner.de\/jobs\/blogbeitrag\/one-step-after-another-vom-azubi-zum-junior-social-media-manager\/","url":"https:\/\/www.dehner.de\/jobs\/blogbeitrag\/one-step-after-another-vom-azubi-zum-junior-social-media-manager\/","name":"Vom Azubi zum Junior Social Media Manager bei Dehner","isPartOf":{"@id":"https:\/\/www.dehner.de\/jobs\/#website"},"primaryImageOfPage":{"@id":"https:\/\/www.dehner.de\/jobs\/blogbeitrag\/one-step-after-another-vom-azubi-zum-junior-social-media-manager\/#primaryimage"},"image":{"@id":"https:\/\/www.dehner.de\/jobs\/blogbeitrag\/one-step-after-another-vom-azubi-zum-junior-social-media-manager\/#primaryimage"},"thumbnailUrl":"https:\/\/www.dehner.de\/jobs\/app\/uploads\/sites\/7\/2024\/10\/social-media-manager-marketing-dehner.png","datePublished":"2024-10-16T07:59:29+00:00","dateModified":"2025-02-24T14:35:00+00:00","description":"Vom Azubi zum Junior Social Media Manager. Eva berichtet von ihrem Weg bei Dehner \u27a4 Jetzt lesen!","breadcrumb":{"@id":"https:\/\/www.dehner.de\/jobs\/blogbeitrag\/one-step-after-another-vom-azubi-zum-junior-social-media-manager\/#breadcrumb"},"inLanguage":"de-DE","potentialAction":[{"@type":"ReadAction","target":["https:\/\/www.dehner.de\/jobs\/blogbeitrag\/one-step-after-another-vom-azubi-zum-junior-social-media-manager\/"]}]},{"@type":"ImageObject","inLanguage":"de-DE","@id":"https:\/\/www.dehner.de\/jobs\/blogbeitrag\/one-step-after-another-vom-azubi-zum-junior-social-media-manager\/#primaryimage","url":"https:\/\/www.dehner.de\/jobs\/app\/uploads\/sites\/7\/2024\/10\/social-media-manager-marketing-dehner.png","contentUrl":"https:\/\/www.dehner.de\/jobs\/app\/uploads\/sites\/7\/2024\/10\/social-media-manager-marketing-dehner.png","width":1920,"height":500,"caption":"Einblick als Social Media Manager"},{"@type":"BreadcrumbList","@id":"https:\/\/www.dehner.de\/jobs\/blogbeitrag\/one-step-after-another-vom-azubi-zum-junior-social-media-manager\/#breadcrumb","itemListElement":[{"@type":"ListItem","position":1,"name":"Home","item":"https:\/\/www.dehner.de\/jobs\/"},{"@type":"ListItem","position":2,"name":"One step after another &#8211; Vom Azubi zum Junior Social Media Manager"}]},{"@type":"WebSite","@id":"https:\/\/www.dehner.de\/jobs\/#website","url":"https:\/\/www.dehner.de\/jobs\/","name":"Karriere bei Dehner","description":"Die Storys unserer Personalbotschafter","publisher":{"@id":"https:\/\/www.dehner.de\/jobs\/#organization"},"potentialAction":[{"@type":"SearchAction","target":{"@type":"EntryPoint","urlTemplate":"https:\/\/www.dehner.de\/jobs\/?s={search_term_string}"},"query-input":{"@type":"PropertyValueSpecification","valueRequired":true,"valueName":"search_term_string"}}],"inLanguage":"de-DE"},{"@type":"Organization","@id":"https:\/\/www.dehner.de\/jobs\/#organization","name":"Karriere bei Dehner","url":"https:\/\/www.dehner.de\/jobs\/","logo":{"@type":"ImageObject","inLanguage":"de-DE","@id":"https:\/\/www.dehner.de\/jobs\/#\/schema\/logo\/image\/","url":"https:\/\/www.dehner.de\/jobs\/app\/uploads\/sites\/7\/2025\/12\/dehner-garten-center-koenigsbrunn-revitalisierung-neubau-umbau.png","contentUrl":"https:\/\/www.dehner.de\/jobs\/app\/uploads\/sites\/7\/2025\/12\/dehner-garten-center-koenigsbrunn-revitalisierung-neubau-umbau.png","width":800,"height":1315,"caption":"Karriere bei Dehner"},"image":{"@id":"https:\/\/www.dehner.de\/jobs\/#\/schema\/logo\/image\/"}}]}},"_links":{"self":[{"href":"https:\/\/www.dehner.de\/jobs\/wp-json\/wp\/v2\/blog\/28887","targetHints":{"allow":["GET"]}}],"collection":[{"href":"https:\/\/www.dehner.de\/jobs\/wp-json\/wp\/v2\/blog"}],"about":[{"href":"https:\/\/www.dehner.de\/jobs\/wp-json\/wp\/v2\/types\/blog"}],"version-history":[{"count":6,"href":"https:\/\/www.dehner.de\/jobs\/wp-json\/wp\/v2\/blog\/28887\/revisions"}],"predecessor-version":[{"id":28907,"href":"https:\/\/www.dehner.de\/jobs\/wp-json\/wp\/v2\/blog\/28887\/revisions\/28907"}],"wp:featuredmedia":[{"embeddable":true,"href":"https:\/\/www.dehner.de\/jobs\/wp-json\/wp\/v2\/media\/28890"}],"wp:attachment":[{"href":"https:\/\/www.dehner.de\/jobs\/wp-json\/wp\/v2\/media?parent=28887"}],"wp:term":[{"taxonomy":"blog_category","embeddable":true,"href":"https:\/\/www.dehner.de\/jobs\/wp-json\/wp\/v2\/blog_category?post=28887"}],"curies":[{"name":"wp","href":"https:\/\/api.w.org\/{rel}","templated":true}]}}