{"id":28687,"date":"2024-09-25T09:32:56","date_gmt":"2024-09-25T07:32:56","guid":{"rendered":"https:\/\/www.dehner.de\/jobs\/?post_type=blog&#038;p=28687"},"modified":"2025-02-24T15:02:30","modified_gmt":"2025-02-24T14:02:30","slug":"creation-marketing-das-kreative-team-hinter-dehner","status":"publish","type":"blog","link":"https:\/\/www.dehner.de\/jobs\/blogbeitrag\/creation-marketing-das-kreative-team-hinter-dehner\/","title":{"rendered":"Creation Marketing: Das kreative Team hinter Dehner"},"content":{"rendered":"<section class=\"block-img-txt img-50-text-50 pb-4\">\n    <div class=\"container\">\n        <div class=\"row\">\n                            <div class=\"col-md-6 pb-4 d-none d-md-block image\">\n                                    <\/div>\n                <div class=\"col-md-6 df fc jcc body\">\n                                                        <div class=\"text\">\n                    <\/div>\n                                <\/div>\n            \n        <\/div>\n    <\/div>\n<\/section>\n\n\n<section class=\"block-img-txt img-50-text-50 pb-4\">\n    <div class=\"container\">\n        <div class=\"row\">\n                            <div class=\"col-md-6 pb-4 d-none d-md-block image\">\n                    <img loading=\"lazy\" decoding=\"async\" width=\"570\" height=\"600\" src=\"https:\/\/www.dehner.de\/jobs\/app\/uploads\/sites\/7\/2024\/09\/Karriereblog.png\" class=\"img-cover\" alt=\"Die Vision im Marketing\" srcset=\"https:\/\/www.dehner.de\/jobs\/app\/uploads\/sites\/7\/2024\/09\/Karriereblog.png 570w, https:\/\/www.dehner.de\/jobs\/app\/uploads\/sites\/7\/2024\/09\/Karriereblog-285x300.png 285w, https:\/\/www.dehner.de\/jobs\/app\/uploads\/sites\/7\/2024\/09\/Karriereblog-143x150.png 143w\" sizes=\"auto, (max-width: 570px) 100vw, 570px\" \/>                <\/div>\n                <div class=\"col-md-6 df fc jcc body\">\n                            <a href=\"#\" class=\"toggler toggler-down-md toggler-hide\" data-toggle=\"collapse\" data-target=\"#block_e8c453c414040955eaeaba936b1cbc00\" aria-expanded=\"true\" aria-controls=\"block_e8c453c414040955eaeaba936b1cbc00\">\n                            <img loading=\"lazy\" decoding=\"async\" width=\"570\" height=\"600\" src=\"https:\/\/www.dehner.de\/jobs\/app\/uploads\/sites\/7\/2024\/09\/Karriereblog.png\" class=\"mobile-image img-fluid mb-3 d-md-none\" alt=\"Die Vision im Marketing\" srcset=\"https:\/\/www.dehner.de\/jobs\/app\/uploads\/sites\/7\/2024\/09\/Karriereblog.png 570w, https:\/\/www.dehner.de\/jobs\/app\/uploads\/sites\/7\/2024\/09\/Karriereblog-285x300.png 285w, https:\/\/www.dehner.de\/jobs\/app\/uploads\/sites\/7\/2024\/09\/Karriereblog-143x150.png 143w\" sizes=\"auto, (max-width: 570px) 100vw, 570px\" \/>                        <h3 class=\"font-h4 toggler toggler-down-md\">Wir wissen, was wir tun. Denn wir lieben, was wir tun<\/h3>        <\/a>\n        <div class=\"collapse text show\" id=\"block_e8c453c414040955eaeaba936b1cbc00\" data-parent=\"main\">\n            <p>Mit aller Leidenschaft, Hingabe und Ehrgeiz bis hin zur Exzellenz arbeiten wir tagt\u00e4glich daran, unsere Kund*innen mit den Visualisierungen f\u00fcr unsere Marke zu begeistern. Unser gro\u00dfes Ziel ist es, ein einheitliches, markenstarkes Erscheinungsbild zu schaffen.<\/p>\n<p>Dazu entwickeln wir Templates f\u00fcr alle unsere Werbekan\u00e4le \u2013 online sowie offline \u2013 die wir mit unserem eigens erstellten Marken-Content bef\u00fcllen. Wir folgen unserem Corporate Design, entwickeln unser Eigenmarken-Packaging inhouse und pr\u00e4sentieren die Marken entsprechend am POS und nat\u00fcrlich im Onlineshop.<\/p>\n<p>Unsere Tonalit\u00e4t ist nat\u00fcrlich, emotional, lifestylig, authentisch und inspirativ. Das Magazin f\u00fcr unsere Kund*innen steht f\u00fcr saisonales Storytelling. Unsere Beilagen und Newsletter sollen auch mit tollen Angeboten Begehrlichkeit wecken. Nat\u00fcrlich folgen wir dabei immer einem Kampagnenplan.<\/p>\n                    <\/div>                <\/div>\n            \n        <\/div>\n    <\/div>\n<\/section>\n\n\n<section class=\"block-img-txt text-50-img-50 pb-4\">\n    <div class=\"container\">\n        <div class=\"row\">\n                            <div class=\"col-md-6 pb-4 d-none d-md-block image\">\n                    <img loading=\"lazy\" decoding=\"async\" width=\"720\" height=\"450\" src=\"https:\/\/www.dehner.de\/jobs\/app\/uploads\/sites\/7\/2024\/09\/Team-Creation_720x750.png\" class=\"img-cover\" alt=\"team-dehner-marketing-creation\" srcset=\"https:\/\/www.dehner.de\/jobs\/app\/uploads\/sites\/7\/2024\/09\/Team-Creation_720x750.png 720w, https:\/\/www.dehner.de\/jobs\/app\/uploads\/sites\/7\/2024\/09\/Team-Creation_720x750-300x188.png 300w, https:\/\/www.dehner.de\/jobs\/app\/uploads\/sites\/7\/2024\/09\/Team-Creation_720x750-150x94.png 150w\" sizes=\"auto, (max-width: 720px) 100vw, 720px\" \/>                <\/div>\n                <div class=\"col-md-6 df fc jcc body\">\n                            <a href=\"#\" class=\"toggler toggler-down-md toggler-hide\" data-toggle=\"collapse\" data-target=\"#block_166a29be358a8576241884b9ee558bda\" aria-expanded=\"true\" aria-controls=\"block_166a29be358a8576241884b9ee558bda\">\n                            <img loading=\"lazy\" decoding=\"async\" width=\"720\" height=\"450\" src=\"https:\/\/www.dehner.de\/jobs\/app\/uploads\/sites\/7\/2024\/09\/Team-Creation_720x750.png\" class=\"mobile-image img-fluid mb-3 d-md-none\" alt=\"team-dehner-marketing-creation\" srcset=\"https:\/\/www.dehner.de\/jobs\/app\/uploads\/sites\/7\/2024\/09\/Team-Creation_720x750.png 720w, https:\/\/www.dehner.de\/jobs\/app\/uploads\/sites\/7\/2024\/09\/Team-Creation_720x750-300x188.png 300w, https:\/\/www.dehner.de\/jobs\/app\/uploads\/sites\/7\/2024\/09\/Team-Creation_720x750-150x94.png 150w\" sizes=\"auto, (max-width: 720px) 100vw, 720px\" \/>                        <h3 class=\"font-h4 toggler toggler-down-md\">Ein kreativer Teamspirit<\/h3>        <\/a>\n        <div class=\"collapse text show\" id=\"block_166a29be358a8576241884b9ee558bda\" data-parent=\"main\">\n            <p>Beweglich und lebendig bleiben, flexibel auf Entwicklungen und Trends reagieren. Einfach und ganz unkompliziert anpacken und effizient in die Praxis umsetzen. All das ist nur m\u00f6glich mit einem einzigartigen Team an Brand Designer*innen, Art Director*innen, Media Designer*innen und Brand (Content) Manager*innen, dem ich an dieser Stelle ganz herzlich Danke sagen m\u00f6chte.<\/p>\n<p>Wir wollen die Marke aus uns heraus kontinuierlich weiterentwickeln und sind deshalb auf der Suche nach wahren Talenten. Aktuell haben wir in unserem Team noch Platz f\u00fcr einen Brand Designer (m\/w\/d). Du m\u00f6chtest auch Teil unserer Dehner Familie werden? Dann bewirb Dich jetzt mit nur wenigen Klicks direkt online.<\/p>\n                    <\/div>                <\/div>\n            \n        <\/div>\n    <\/div>\n<\/section>\n","protected":false},"excerpt":{"rendered":"","protected":false},"featured_media":28694,"parent":0,"template":"","blog_category":[456],"class_list":["post-28687","blog","type-blog","status-publish","has-post-thumbnail","hentry","blog_category-arbeitswelt"],"acf":[],"yoast_head":"<!-- This site is optimized with the Yoast SEO plugin v24.5 - https:\/\/yoast.com\/wordpress\/plugins\/seo\/ -->\n<title>Creation Marketing: Das kreative Team bei Dehner<\/title>\n<meta name=\"description\" content=\"Das kreative Herz von Dehner: Unser Team Creation Marketing stellt sich vor \u27a4 Mehr erfahren\" \/>\n<meta name=\"robots\" content=\"index, follow, max-snippet:-1, max-image-preview:large, max-video-preview:-1\" \/>\n<link rel=\"canonical\" href=\"https:\/\/www.dehner.de\/jobs\/blogbeitrag\/creation-marketing-das-kreative-team-hinter-dehner\/\" \/>\n<meta property=\"og:locale\" content=\"de_DE\" \/>\n<meta property=\"og:type\" content=\"article\" \/>\n<meta property=\"og:title\" content=\"Creation Marketing: Das kreative Team bei Dehner\" \/>\n<meta property=\"og:description\" content=\"Das kreative Herz von Dehner: Unser Team Creation Marketing stellt sich vor \u27a4 Mehr erfahren\" \/>\n<meta property=\"og:url\" content=\"https:\/\/www.dehner.de\/jobs\/blogbeitrag\/creation-marketing-das-kreative-team-hinter-dehner\/\" \/>\n<meta property=\"og:site_name\" content=\"Karriere bei Dehner\" \/>\n<meta property=\"article:modified_time\" content=\"2025-02-24T14:02:30+00:00\" \/>\n<meta property=\"og:image\" content=\"https:\/\/www.dehner.de\/jobs\/app\/uploads\/sites\/7\/2024\/09\/marketing-dehner-kreation-kreativ-design-2.png\" \/>\n\t<meta property=\"og:image:width\" content=\"1920\" \/>\n\t<meta property=\"og:image:height\" content=\"500\" \/>\n\t<meta property=\"og:image:type\" content=\"image\/png\" \/>\n<meta name=\"twitter:card\" content=\"summary_large_image\" \/>\n<meta name=\"twitter:label1\" content=\"Est. reading time\" \/>\n\t<meta name=\"twitter:data1\" content=\"3 Minuten\" \/>\n<script type=\"application\/ld+json\" class=\"yoast-schema-graph\">{\"@context\":\"https:\/\/schema.org\",\"@graph\":[{\"@type\":\"WebPage\",\"@id\":\"https:\/\/www.dehner.de\/jobs\/blogbeitrag\/creation-marketing-das-kreative-team-hinter-dehner\/\",\"url\":\"https:\/\/www.dehner.de\/jobs\/blogbeitrag\/creation-marketing-das-kreative-team-hinter-dehner\/\",\"name\":\"Creation Marketing: Das kreative Team bei Dehner\",\"isPartOf\":{\"@id\":\"https:\/\/www.dehner.de\/jobs\/#website\"},\"primaryImageOfPage\":{\"@id\":\"https:\/\/www.dehner.de\/jobs\/blogbeitrag\/creation-marketing-das-kreative-team-hinter-dehner\/#primaryimage\"},\"image\":{\"@id\":\"https:\/\/www.dehner.de\/jobs\/blogbeitrag\/creation-marketing-das-kreative-team-hinter-dehner\/#primaryimage\"},\"thumbnailUrl\":\"https:\/\/www.dehner.de\/jobs\/app\/uploads\/sites\/7\/2024\/09\/marketing-dehner-kreation-kreativ-design-2.png\",\"datePublished\":\"2024-09-25T07:32:56+00:00\",\"dateModified\":\"2025-02-24T14:02:30+00:00\",\"description\":\"Das kreative Herz von Dehner: Unser Team Creation Marketing stellt sich vor \u27a4 Mehr erfahren\",\"breadcrumb\":{\"@id\":\"https:\/\/www.dehner.de\/jobs\/blogbeitrag\/creation-marketing-das-kreative-team-hinter-dehner\/#breadcrumb\"},\"inLanguage\":\"de-DE\",\"potentialAction\":[{\"@type\":\"ReadAction\",\"target\":[\"https:\/\/www.dehner.de\/jobs\/blogbeitrag\/creation-marketing-das-kreative-team-hinter-dehner\/\"]}]},{\"@type\":\"ImageObject\",\"inLanguage\":\"de-DE\",\"@id\":\"https:\/\/www.dehner.de\/jobs\/blogbeitrag\/creation-marketing-das-kreative-team-hinter-dehner\/#primaryimage\",\"url\":\"https:\/\/www.dehner.de\/jobs\/app\/uploads\/sites\/7\/2024\/09\/marketing-dehner-kreation-kreativ-design-2.png\",\"contentUrl\":\"https:\/\/www.dehner.de\/jobs\/app\/uploads\/sites\/7\/2024\/09\/marketing-dehner-kreation-kreativ-design-2.png\",\"width\":1920,\"height\":500},{\"@type\":\"BreadcrumbList\",\"@id\":\"https:\/\/www.dehner.de\/jobs\/blogbeitrag\/creation-marketing-das-kreative-team-hinter-dehner\/#breadcrumb\",\"itemListElement\":[{\"@type\":\"ListItem\",\"position\":1,\"name\":\"Home\",\"item\":\"https:\/\/www.dehner.de\/jobs\/\"},{\"@type\":\"ListItem\",\"position\":2,\"name\":\"Creation Marketing: Das kreative Team hinter Dehner\"}]},{\"@type\":\"WebSite\",\"@id\":\"https:\/\/www.dehner.de\/jobs\/#website\",\"url\":\"https:\/\/www.dehner.de\/jobs\/\",\"name\":\"Karriere bei Dehner\",\"description\":\"Die Storys unserer Personalbotschafter\",\"publisher\":{\"@id\":\"https:\/\/www.dehner.de\/jobs\/#organization\"},\"potentialAction\":[{\"@type\":\"SearchAction\",\"target\":{\"@type\":\"EntryPoint\",\"urlTemplate\":\"https:\/\/www.dehner.de\/jobs\/?s={search_term_string}\"},\"query-input\":{\"@type\":\"PropertyValueSpecification\",\"valueRequired\":true,\"valueName\":\"search_term_string\"}}],\"inLanguage\":\"de-DE\"},{\"@type\":\"Organization\",\"@id\":\"https:\/\/www.dehner.de\/jobs\/#organization\",\"name\":\"Karriere bei Dehner\",\"url\":\"https:\/\/www.dehner.de\/jobs\/\",\"logo\":{\"@type\":\"ImageObject\",\"inLanguage\":\"de-DE\",\"@id\":\"https:\/\/www.dehner.de\/jobs\/#\/schema\/logo\/image\/\",\"url\":\"https:\/\/www.dehner.de\/jobs\/app\/uploads\/sites\/7\/2025\/12\/dehner-garten-center-koenigsbrunn-revitalisierung-neubau-umbau.png\",\"contentUrl\":\"https:\/\/www.dehner.de\/jobs\/app\/uploads\/sites\/7\/2025\/12\/dehner-garten-center-koenigsbrunn-revitalisierung-neubau-umbau.png\",\"width\":800,\"height\":1315,\"caption\":\"Karriere bei Dehner\"},\"image\":{\"@id\":\"https:\/\/www.dehner.de\/jobs\/#\/schema\/logo\/image\/\"}}]}<\/script>\n<!-- \/ Yoast SEO plugin. -->","yoast_head_json":{"title":"Creation Marketing: Das kreative Team bei Dehner","description":"Das kreative Herz von Dehner: Unser Team Creation Marketing stellt sich vor \u27a4 Mehr erfahren","robots":{"index":"index","follow":"follow","max-snippet":"max-snippet:-1","max-image-preview":"max-image-preview:large","max-video-preview":"max-video-preview:-1"},"canonical":"https:\/\/www.dehner.de\/jobs\/blogbeitrag\/creation-marketing-das-kreative-team-hinter-dehner\/","og_locale":"de_DE","og_type":"article","og_title":"Creation Marketing: Das kreative Team bei Dehner","og_description":"Das kreative Herz von Dehner: Unser Team Creation Marketing stellt sich vor \u27a4 Mehr erfahren","og_url":"https:\/\/www.dehner.de\/jobs\/blogbeitrag\/creation-marketing-das-kreative-team-hinter-dehner\/","og_site_name":"Karriere bei Dehner","article_modified_time":"2025-02-24T14:02:30+00:00","og_image":[{"width":1920,"height":500,"url":"https:\/\/www.dehner.de\/jobs\/app\/uploads\/sites\/7\/2024\/09\/marketing-dehner-kreation-kreativ-design-2.png","type":"image\/png"}],"twitter_card":"summary_large_image","twitter_misc":{"Est. reading time":"3 Minuten"},"schema":{"@context":"https:\/\/schema.org","@graph":[{"@type":"WebPage","@id":"https:\/\/www.dehner.de\/jobs\/blogbeitrag\/creation-marketing-das-kreative-team-hinter-dehner\/","url":"https:\/\/www.dehner.de\/jobs\/blogbeitrag\/creation-marketing-das-kreative-team-hinter-dehner\/","name":"Creation Marketing: Das kreative Team bei Dehner","isPartOf":{"@id":"https:\/\/www.dehner.de\/jobs\/#website"},"primaryImageOfPage":{"@id":"https:\/\/www.dehner.de\/jobs\/blogbeitrag\/creation-marketing-das-kreative-team-hinter-dehner\/#primaryimage"},"image":{"@id":"https:\/\/www.dehner.de\/jobs\/blogbeitrag\/creation-marketing-das-kreative-team-hinter-dehner\/#primaryimage"},"thumbnailUrl":"https:\/\/www.dehner.de\/jobs\/app\/uploads\/sites\/7\/2024\/09\/marketing-dehner-kreation-kreativ-design-2.png","datePublished":"2024-09-25T07:32:56+00:00","dateModified":"2025-02-24T14:02:30+00:00","description":"Das kreative Herz von Dehner: Unser Team Creation Marketing stellt sich vor \u27a4 Mehr erfahren","breadcrumb":{"@id":"https:\/\/www.dehner.de\/jobs\/blogbeitrag\/creation-marketing-das-kreative-team-hinter-dehner\/#breadcrumb"},"inLanguage":"de-DE","potentialAction":[{"@type":"ReadAction","target":["https:\/\/www.dehner.de\/jobs\/blogbeitrag\/creation-marketing-das-kreative-team-hinter-dehner\/"]}]},{"@type":"ImageObject","inLanguage":"de-DE","@id":"https:\/\/www.dehner.de\/jobs\/blogbeitrag\/creation-marketing-das-kreative-team-hinter-dehner\/#primaryimage","url":"https:\/\/www.dehner.de\/jobs\/app\/uploads\/sites\/7\/2024\/09\/marketing-dehner-kreation-kreativ-design-2.png","contentUrl":"https:\/\/www.dehner.de\/jobs\/app\/uploads\/sites\/7\/2024\/09\/marketing-dehner-kreation-kreativ-design-2.png","width":1920,"height":500},{"@type":"BreadcrumbList","@id":"https:\/\/www.dehner.de\/jobs\/blogbeitrag\/creation-marketing-das-kreative-team-hinter-dehner\/#breadcrumb","itemListElement":[{"@type":"ListItem","position":1,"name":"Home","item":"https:\/\/www.dehner.de\/jobs\/"},{"@type":"ListItem","position":2,"name":"Creation Marketing: Das kreative Team hinter Dehner"}]},{"@type":"WebSite","@id":"https:\/\/www.dehner.de\/jobs\/#website","url":"https:\/\/www.dehner.de\/jobs\/","name":"Karriere bei Dehner","description":"Die Storys unserer Personalbotschafter","publisher":{"@id":"https:\/\/www.dehner.de\/jobs\/#organization"},"potentialAction":[{"@type":"SearchAction","target":{"@type":"EntryPoint","urlTemplate":"https:\/\/www.dehner.de\/jobs\/?s={search_term_string}"},"query-input":{"@type":"PropertyValueSpecification","valueRequired":true,"valueName":"search_term_string"}}],"inLanguage":"de-DE"},{"@type":"Organization","@id":"https:\/\/www.dehner.de\/jobs\/#organization","name":"Karriere bei Dehner","url":"https:\/\/www.dehner.de\/jobs\/","logo":{"@type":"ImageObject","inLanguage":"de-DE","@id":"https:\/\/www.dehner.de\/jobs\/#\/schema\/logo\/image\/","url":"https:\/\/www.dehner.de\/jobs\/app\/uploads\/sites\/7\/2025\/12\/dehner-garten-center-koenigsbrunn-revitalisierung-neubau-umbau.png","contentUrl":"https:\/\/www.dehner.de\/jobs\/app\/uploads\/sites\/7\/2025\/12\/dehner-garten-center-koenigsbrunn-revitalisierung-neubau-umbau.png","width":800,"height":1315,"caption":"Karriere bei Dehner"},"image":{"@id":"https:\/\/www.dehner.de\/jobs\/#\/schema\/logo\/image\/"}}]}},"_links":{"self":[{"href":"https:\/\/www.dehner.de\/jobs\/wp-json\/wp\/v2\/blog\/28687","targetHints":{"allow":["GET"]}}],"collection":[{"href":"https:\/\/www.dehner.de\/jobs\/wp-json\/wp\/v2\/blog"}],"about":[{"href":"https:\/\/www.dehner.de\/jobs\/wp-json\/wp\/v2\/types\/blog"}],"version-history":[{"count":9,"href":"https:\/\/www.dehner.de\/jobs\/wp-json\/wp\/v2\/blog\/28687\/revisions"}],"predecessor-version":[{"id":32144,"href":"https:\/\/www.dehner.de\/jobs\/wp-json\/wp\/v2\/blog\/28687\/revisions\/32144"}],"wp:featuredmedia":[{"embeddable":true,"href":"https:\/\/www.dehner.de\/jobs\/wp-json\/wp\/v2\/media\/28694"}],"wp:attachment":[{"href":"https:\/\/www.dehner.de\/jobs\/wp-json\/wp\/v2\/media?parent=28687"}],"wp:term":[{"taxonomy":"blog_category","embeddable":true,"href":"https:\/\/www.dehner.de\/jobs\/wp-json\/wp\/v2\/blog_category?post=28687"}],"curies":[{"name":"wp","href":"https:\/\/api.w.org\/{rel}","templated":true}]}}