{"id":28625,"date":"2024-09-17T08:00:00","date_gmt":"2024-09-17T06:00:00","guid":{"rendered":"https:\/\/www.dehner.de\/jobs\/?post_type=blog&#038;p=28625"},"modified":"2024-09-12T11:29:00","modified_gmt":"2024-09-12T09:29:00","slug":"die-gartentrends-2025-im-blick","status":"publish","type":"blog","link":"https:\/\/www.dehner.de\/jobs\/blogbeitrag\/die-gartentrends-2025-im-blick\/","title":{"rendered":"Die Gartentrends 2025 im Blick"},"content":{"rendered":"<section class=\"block-img-txt img-50-text-50 pb-4\">\n    <div class=\"container\">\n        <div class=\"row\">\n                            <div class=\"col-md-6 pb-4 d-none d-md-block image\">\n                                    <\/div>\n                <div class=\"col-md-6 df fc jcc body\">\n                                                        <div class=\"text\">\n                    <\/div>\n                                <\/div>\n            \n        <\/div>\n    <\/div>\n<\/section>\n\n\n<section class=\"block-img-txt img-50-text-50 pb-4\">\n    <div class=\"container\">\n        <div class=\"row\">\n                            <div class=\"col-md-6 pb-4 d-none d-md-block image\">\n                    <img loading=\"lazy\" decoding=\"async\" width=\"570\" height=\"780\" src=\"https:\/\/www.dehner.de\/jobs\/app\/uploads\/sites\/7\/2024\/09\/spoga-gafa-dehner-messe.png\" class=\"img-cover\" alt=\"Category Manager bei Dehner\" srcset=\"https:\/\/www.dehner.de\/jobs\/app\/uploads\/sites\/7\/2024\/09\/spoga-gafa-dehner-messe.png 570w, https:\/\/www.dehner.de\/jobs\/app\/uploads\/sites\/7\/2024\/09\/spoga-gafa-dehner-messe-219x300.png 219w, https:\/\/www.dehner.de\/jobs\/app\/uploads\/sites\/7\/2024\/09\/spoga-gafa-dehner-messe-110x150.png 110w\" sizes=\"auto, (max-width: 570px) 100vw, 570px\" \/>                <\/div>\n                <div class=\"col-md-6 df fc jcc body\">\n                            <a href=\"#\" class=\"toggler toggler-down-md toggler-hide\" data-toggle=\"collapse\" data-target=\"#block_fb49b1db8699203274b18ac74a9dcaa6\" aria-expanded=\"true\" aria-controls=\"block_fb49b1db8699203274b18ac74a9dcaa6\">\n                            <img loading=\"lazy\" decoding=\"async\" width=\"570\" height=\"780\" src=\"https:\/\/www.dehner.de\/jobs\/app\/uploads\/sites\/7\/2024\/09\/spoga-gafa-dehner-messe.png\" class=\"mobile-image img-fluid mb-3 d-md-none\" alt=\"Category Manager bei Dehner\" srcset=\"https:\/\/www.dehner.de\/jobs\/app\/uploads\/sites\/7\/2024\/09\/spoga-gafa-dehner-messe.png 570w, https:\/\/www.dehner.de\/jobs\/app\/uploads\/sites\/7\/2024\/09\/spoga-gafa-dehner-messe-219x300.png 219w, https:\/\/www.dehner.de\/jobs\/app\/uploads\/sites\/7\/2024\/09\/spoga-gafa-dehner-messe-110x150.png 110w\" sizes=\"auto, (max-width: 570px) 100vw, 570px\" \/>                        <h3 class=\"font-h4 toggler toggler-down-md\">Die G\u00e4rten der Zukunft<\/h3>        <\/a>\n        <div class=\"collapse text show\" id=\"block_fb49b1db8699203274b18ac74a9dcaa6\" data-parent=\"main\">\n            <p>Unter dem Motto \u201eResponsible Gardens \u2013 Verantwortungsvolle G\u00e4rten\u201c bot die Messe eine perfekte Plattform, um Innovationen zu entdecken, wertvolle Kontakte zu kn\u00fcpfen und neue Gesch\u00e4ftsm\u00f6glichkeiten zu erkunden. Messen sind f\u00fcr unser Category Management von unsch\u00e4tzbarem Wert, da sie direkte Einblicke in die neuesten Marktentwicklungen und Konsumtrends bieten. Auf der spoga+gafa konnten wir hautnah erleben, welche neuen Produkte und Innovationen auf besonders gro\u00dfe Beliebtheit sto\u00dfen. Durch den direkten Austausch mit Herstellern und Lieferanten haben wir wertvolle Informationen sammeln k\u00f6nnen, die es uns erm\u00f6glichen, unser Sortiment optimal zu gestalten, um damit unseren Kund*innen stets die neuesten und besten Produkte anzubieten. Diese unmittelbare Marktn\u00e4he ist ein wesentlicher Faktor f\u00fcr unseren Unternehmenserfolg und unsere F\u00e4higkeit als Category Manager, unmittelbar auf die Bed\u00fcrfnisse und W\u00fcnsche unserer Kund*innen einzugehen.<\/p>\n<p>Getreu dem Motto stand in diesem Jahr verantwortungsvolles G\u00e4rtnern im Sinne der Nachhaltigkeit, Nutzerfreundlichkeit und Sicherheit im Mittelpunkt. Neben Pflanzt\u00f6pfen und Blumengef\u00e4\u00dfen aus recyceltem und wiederverwertbarem Kunststoff liegen nachhaltige Naturmaterialien bei Outdoor-M\u00f6beln voll im Trend. Aufgrund des Klimawandels muss auch der innovativen, ressourcenschonenden Gartenbew\u00e4sserung Aufmerksamkeit geschenkt werden.<\/p>\n                    <\/div>                <\/div>\n            \n        <\/div>\n    <\/div>\n<\/section>\n\n\n<section class=\"block-img-txt text-50-img-50 pb-4\">\n    <div class=\"container\">\n        <div class=\"row\">\n                            <div class=\"col-md-6 pb-4 d-none d-md-block image\">\n                    <img loading=\"lazy\" decoding=\"async\" width=\"560\" height=\"600\" src=\"https:\/\/www.dehner.de\/jobs\/app\/uploads\/sites\/7\/2024\/09\/dehner-messe-category-management-spoga-gafa.png\" class=\"img-cover\" alt=\"Dehner auf der spoga+gafa in K\u00f6ln\" srcset=\"https:\/\/www.dehner.de\/jobs\/app\/uploads\/sites\/7\/2024\/09\/dehner-messe-category-management-spoga-gafa.png 560w, https:\/\/www.dehner.de\/jobs\/app\/uploads\/sites\/7\/2024\/09\/dehner-messe-category-management-spoga-gafa-280x300.png 280w, https:\/\/www.dehner.de\/jobs\/app\/uploads\/sites\/7\/2024\/09\/dehner-messe-category-management-spoga-gafa-140x150.png 140w\" sizes=\"auto, (max-width: 560px) 100vw, 560px\" \/>                <\/div>\n                <div class=\"col-md-6 df fc jcc body\">\n                            <a href=\"#\" class=\"toggler toggler-down-md toggler-hide\" data-toggle=\"collapse\" data-target=\"#block_03aef379bc9a4212248460fd89289c9a\" aria-expanded=\"true\" aria-controls=\"block_03aef379bc9a4212248460fd89289c9a\">\n                            <img loading=\"lazy\" decoding=\"async\" width=\"560\" height=\"600\" src=\"https:\/\/www.dehner.de\/jobs\/app\/uploads\/sites\/7\/2024\/09\/dehner-messe-category-management-spoga-gafa.png\" class=\"mobile-image img-fluid mb-3 d-md-none\" alt=\"Dehner auf der spoga+gafa in K\u00f6ln\" srcset=\"https:\/\/www.dehner.de\/jobs\/app\/uploads\/sites\/7\/2024\/09\/dehner-messe-category-management-spoga-gafa.png 560w, https:\/\/www.dehner.de\/jobs\/app\/uploads\/sites\/7\/2024\/09\/dehner-messe-category-management-spoga-gafa-280x300.png 280w, https:\/\/www.dehner.de\/jobs\/app\/uploads\/sites\/7\/2024\/09\/dehner-messe-category-management-spoga-gafa-140x150.png 140w\" sizes=\"auto, (max-width: 560px) 100vw, 560px\" \/>                        <h3 class=\"font-h4 toggler toggler-down-md\">Das gr\u00fcne Wohnzimmer<\/h3>        <\/a>\n        <div class=\"collapse text show\" id=\"block_03aef379bc9a4212248460fd89289c9a\" data-parent=\"main\">\n            <p>Auch die Biodiversit\u00e4t ist ein gro\u00dfes Thema. Ein Garten darf heutzutage f\u00fcr viele unsere Kund*innen auch schlicht das \u201egr\u00fcne Wohnzimmer\u201c genannt werden. Naturverbundenheit lautet hier das Stichwort. Gartenliebhaber*innen, die sich an einer lebendigen und vielf\u00e4ltigen Umgebung erfreuen, finden in der gr\u00fcnen Branche zahlreiche spannende Angebote. Besonders im Trend liegt Saatgut aus heimischen Regionen. Wild- und Best\u00e4uberpflanzen erfreuen sich wachsender Beliebtheit bei Hobbyg\u00e4rtner*innen, da sie nicht nur sch\u00f6n anzusehen sind, sondern auch zur Erhaltung der Biodiversit\u00e4t beitragen. Zudem setzen immer mehr Menschen auf Selbstversorgung und bauen heimische Wildkr\u00e4uter, Obst- und Gem\u00fcsesorten in ihren G\u00e4rten an. F\u00fcr eine erfolgreiche Ernte stehen inzwischen viele biologische D\u00fcngemittel und umweltschonende Gartenprodukte zur Verf\u00fcgung.<\/p>\n                    <\/div>                <\/div>\n            \n        <\/div>\n    <\/div>\n<\/section>\n\n\n<section class=\"block-img-txt img-50-text-50 pb-4\">\n    <div class=\"container\">\n        <div class=\"row\">\n                            <div class=\"col-md-6 pb-4 d-none d-md-block image\">\n                    <img loading=\"lazy\" decoding=\"async\" width=\"560\" height=\"600\" src=\"https:\/\/www.dehner.de\/jobs\/app\/uploads\/sites\/7\/2024\/09\/bewaesserung-garten-nachhaltigkeit-dehner-trends-1.png\" class=\"img-cover\" alt=\"Nachhaltige Bew\u00e4sserung von Pflanzen\" srcset=\"https:\/\/www.dehner.de\/jobs\/app\/uploads\/sites\/7\/2024\/09\/bewaesserung-garten-nachhaltigkeit-dehner-trends-1.png 560w, https:\/\/www.dehner.de\/jobs\/app\/uploads\/sites\/7\/2024\/09\/bewaesserung-garten-nachhaltigkeit-dehner-trends-1-280x300.png 280w, https:\/\/www.dehner.de\/jobs\/app\/uploads\/sites\/7\/2024\/09\/bewaesserung-garten-nachhaltigkeit-dehner-trends-1-140x150.png 140w\" sizes=\"auto, (max-width: 560px) 100vw, 560px\" \/>                <\/div>\n                <div class=\"col-md-6 df fc jcc body\">\n                            <a href=\"#\" class=\"toggler toggler-down-md toggler-hide\" data-toggle=\"collapse\" data-target=\"#block_c4c8bcfce50bdd56cc0c57d3035311bd\" aria-expanded=\"true\" aria-controls=\"block_c4c8bcfce50bdd56cc0c57d3035311bd\">\n                            <img loading=\"lazy\" decoding=\"async\" width=\"560\" height=\"600\" src=\"https:\/\/www.dehner.de\/jobs\/app\/uploads\/sites\/7\/2024\/09\/bewaesserung-garten-nachhaltigkeit-dehner-trends-1.png\" class=\"mobile-image img-fluid mb-3 d-md-none\" alt=\"Nachhaltige Bew\u00e4sserung von Pflanzen\" srcset=\"https:\/\/www.dehner.de\/jobs\/app\/uploads\/sites\/7\/2024\/09\/bewaesserung-garten-nachhaltigkeit-dehner-trends-1.png 560w, https:\/\/www.dehner.de\/jobs\/app\/uploads\/sites\/7\/2024\/09\/bewaesserung-garten-nachhaltigkeit-dehner-trends-1-280x300.png 280w, https:\/\/www.dehner.de\/jobs\/app\/uploads\/sites\/7\/2024\/09\/bewaesserung-garten-nachhaltigkeit-dehner-trends-1-140x150.png 140w\" sizes=\"auto, (max-width: 560px) 100vw, 560px\" \/>                        <h3 class=\"font-h4 toggler toggler-down-md\">Jeder Tropfen z\u00e4hlt<\/h3>        <\/a>\n        <div class=\"collapse text show\" id=\"block_c4c8bcfce50bdd56cc0c57d3035311bd\" data-parent=\"main\">\n            <p>Angesichts des Klimawandels gewinnt der effiziente Umgang mit Wasser im Garten immer mehr an Bedeutung. Um auf extreme Wetterereignisse, wie zum Beispiel langanhaltende D\u00fcrreperioden vorbereitet zu sein, setzen viele G\u00e4rtner*innen auf robuste, hitzetolerante Pflanzen, die leicht zu pflegen sind. Bei ausbleibendem Regen sind wassersparende Bepflanzungen sowie moderne, digital gesteuerte Bew\u00e4sserungssysteme besonders wichtig. Zudem werden biologische Methoden zur Wasseraufbereitung immer beliebter.<\/p>\n<p>Durch die gro\u00dfe Bandbreite an Neuheiten hat uns die spoga+gafa die Vielfalt des Gartenlifestyles gezeigt. Die Messe war f\u00fcr uns eine tolle M\u00f6glichkeit, Kontakte zu pflegen und Neuigkeiten zwischen Industrie und Handel auszutauschen. Das hilft uns als f\u00fchrende Garten-Center-Gruppe, uns jedes Jahr aufs Neue am Puls der Zeit zu orientieren und unseren Kund*innen auch im n\u00e4chsten Jahr ein bestm\u00f6gliches Einkaufserlebnis zu schaffen.<\/p>\n                    <\/div>                <\/div>\n            \n        <\/div>\n    <\/div>\n<\/section>\n","protected":false},"excerpt":{"rendered":"","protected":false},"featured_media":28636,"parent":0,"template":"","blog_category":[453],"class_list":["post-28625","blog","type-blog","status-publish","has-post-thumbnail","hentry","blog_category-jobeinblicke"],"acf":[],"yoast_head":"<!-- This site is optimized with the Yoast SEO plugin v24.5 - https:\/\/yoast.com\/wordpress\/plugins\/seo\/ -->\n<title>Die Gartentrends 2025 im Blick - Karriere bei Dehner<\/title>\n<meta name=\"description\" content=\"Was sind die Must-haves f\u00fcr Garten und Haus im Jahr 2025? Dehner hat sich auf der spoga+gafa umgesehen. \u27a4 Jetzt lesen\" \/>\n<meta name=\"robots\" content=\"index, follow, max-snippet:-1, max-image-preview:large, max-video-preview:-1\" \/>\n<link rel=\"canonical\" href=\"https:\/\/www.dehner.de\/jobs\/blogbeitrag\/die-gartentrends-2025-im-blick\/\" \/>\n<meta property=\"og:locale\" content=\"de_DE\" \/>\n<meta property=\"og:type\" content=\"article\" \/>\n<meta property=\"og:title\" content=\"Die Gartentrends 2025 im Blick - Karriere bei Dehner\" \/>\n<meta property=\"og:description\" content=\"Was sind die Must-haves f\u00fcr Garten und Haus im Jahr 2025? Dehner hat sich auf der spoga+gafa umgesehen. \u27a4 Jetzt lesen\" \/>\n<meta property=\"og:url\" content=\"https:\/\/www.dehner.de\/jobs\/blogbeitrag\/die-gartentrends-2025-im-blick\/\" \/>\n<meta property=\"og:site_name\" content=\"Karriere bei Dehner\" \/>\n<meta property=\"og:image\" content=\"https:\/\/www.dehner.at\/jobs\/app\/uploads\/sites\/7\/2024\/09\/trends-dehner-messe-neuheiten.png\" \/>\n\t<meta property=\"og:image:width\" content=\"1920\" \/>\n\t<meta property=\"og:image:height\" content=\"500\" \/>\n\t<meta property=\"og:image:type\" content=\"image\/png\" \/>\n<meta name=\"twitter:card\" content=\"summary_large_image\" \/>\n<script type=\"application\/ld+json\" class=\"yoast-schema-graph\">{\"@context\":\"https:\/\/schema.org\",\"@graph\":[{\"@type\":\"WebPage\",\"@id\":\"https:\/\/www.dehner.at\/jobs\/blogbeitrag\/die-gartentrends-2025-im-blick\/\",\"url\":\"https:\/\/www.dehner.at\/jobs\/blogbeitrag\/die-gartentrends-2025-im-blick\/\",\"name\":\"Die Gartentrends 2025 im Blick - Karriere bei Dehner\",\"isPartOf\":{\"@id\":\"https:\/\/www.dehner.de\/jobs\/#website\"},\"primaryImageOfPage\":{\"@id\":\"https:\/\/www.dehner.at\/jobs\/blogbeitrag\/die-gartentrends-2025-im-blick\/#primaryimage\"},\"image\":{\"@id\":\"https:\/\/www.dehner.at\/jobs\/blogbeitrag\/die-gartentrends-2025-im-blick\/#primaryimage\"},\"thumbnailUrl\":\"https:\/\/www.dehner.de\/jobs\/app\/uploads\/sites\/7\/2024\/09\/trends-dehner-messe-neuheiten.png\",\"datePublished\":\"2024-09-17T06:00:00+00:00\",\"description\":\"Was sind die Must-haves f\u00fcr Garten und Haus im Jahr 2025? Dehner hat sich auf der spoga+gafa umgesehen. \u27a4 Jetzt lesen\",\"breadcrumb\":{\"@id\":\"https:\/\/www.dehner.at\/jobs\/blogbeitrag\/die-gartentrends-2025-im-blick\/#breadcrumb\"},\"inLanguage\":\"de-DE\",\"potentialAction\":[{\"@type\":\"ReadAction\",\"target\":[\"https:\/\/www.dehner.at\/jobs\/blogbeitrag\/die-gartentrends-2025-im-blick\/\"]}]},{\"@type\":\"ImageObject\",\"inLanguage\":\"de-DE\",\"@id\":\"https:\/\/www.dehner.at\/jobs\/blogbeitrag\/die-gartentrends-2025-im-blick\/#primaryimage\",\"url\":\"https:\/\/www.dehner.de\/jobs\/app\/uploads\/sites\/7\/2024\/09\/trends-dehner-messe-neuheiten.png\",\"contentUrl\":\"https:\/\/www.dehner.de\/jobs\/app\/uploads\/sites\/7\/2024\/09\/trends-dehner-messe-neuheiten.png\",\"width\":1920,\"height\":500,\"caption\":\"Die Dehner Category Manager informieren sich \u00fcber die neusten Gartentrends f\u00fcr 2025\"},{\"@type\":\"BreadcrumbList\",\"@id\":\"https:\/\/www.dehner.at\/jobs\/blogbeitrag\/die-gartentrends-2025-im-blick\/#breadcrumb\",\"itemListElement\":[{\"@type\":\"ListItem\",\"position\":1,\"name\":\"Home\",\"item\":\"https:\/\/www.dehner.de\/jobs\/\"},{\"@type\":\"ListItem\",\"position\":2,\"name\":\"Die Gartentrends 2025 im Blick\"}]},{\"@type\":\"WebSite\",\"@id\":\"https:\/\/www.dehner.de\/jobs\/#website\",\"url\":\"https:\/\/www.dehner.de\/jobs\/\",\"name\":\"Karriere bei Dehner\",\"description\":\"Die Storys unserer Personalbotschafter\",\"publisher\":{\"@id\":\"https:\/\/www.dehner.de\/jobs\/#organization\"},\"potentialAction\":[{\"@type\":\"SearchAction\",\"target\":{\"@type\":\"EntryPoint\",\"urlTemplate\":\"https:\/\/www.dehner.de\/jobs\/?s={search_term_string}\"},\"query-input\":{\"@type\":\"PropertyValueSpecification\",\"valueRequired\":true,\"valueName\":\"search_term_string\"}}],\"inLanguage\":\"de-DE\"},{\"@type\":\"Organization\",\"@id\":\"https:\/\/www.dehner.de\/jobs\/#organization\",\"name\":\"Karriere bei Dehner\",\"url\":\"https:\/\/www.dehner.de\/jobs\/\",\"logo\":{\"@type\":\"ImageObject\",\"inLanguage\":\"de-DE\",\"@id\":\"https:\/\/www.dehner.de\/jobs\/#\/schema\/logo\/image\/\",\"url\":\"https:\/\/www.dehner.de\/jobs\/app\/uploads\/sites\/7\/2025\/12\/dehner-garten-center-koenigsbrunn-revitalisierung-neubau-umbau.png\",\"contentUrl\":\"https:\/\/www.dehner.de\/jobs\/app\/uploads\/sites\/7\/2025\/12\/dehner-garten-center-koenigsbrunn-revitalisierung-neubau-umbau.png\",\"width\":800,\"height\":1315,\"caption\":\"Karriere bei Dehner\"},\"image\":{\"@id\":\"https:\/\/www.dehner.de\/jobs\/#\/schema\/logo\/image\/\"}}]}<\/script>\n<!-- \/ Yoast SEO plugin. -->","yoast_head_json":{"title":"Die Gartentrends 2025 im Blick - Karriere bei Dehner","description":"Was sind die Must-haves f\u00fcr Garten und Haus im Jahr 2025? Dehner hat sich auf der spoga+gafa umgesehen. \u27a4 Jetzt lesen","robots":{"index":"index","follow":"follow","max-snippet":"max-snippet:-1","max-image-preview":"max-image-preview:large","max-video-preview":"max-video-preview:-1"},"canonical":"https:\/\/www.dehner.de\/jobs\/blogbeitrag\/die-gartentrends-2025-im-blick\/","og_locale":"de_DE","og_type":"article","og_title":"Die Gartentrends 2025 im Blick - Karriere bei Dehner","og_description":"Was sind die Must-haves f\u00fcr Garten und Haus im Jahr 2025? Dehner hat sich auf der spoga+gafa umgesehen. \u27a4 Jetzt lesen","og_url":"https:\/\/www.dehner.de\/jobs\/blogbeitrag\/die-gartentrends-2025-im-blick\/","og_site_name":"Karriere bei Dehner","og_image":[{"width":1920,"height":500,"url":"https:\/\/www.dehner.at\/jobs\/app\/uploads\/sites\/7\/2024\/09\/trends-dehner-messe-neuheiten.png","type":"image\/png"}],"twitter_card":"summary_large_image","schema":{"@context":"https:\/\/schema.org","@graph":[{"@type":"WebPage","@id":"https:\/\/www.dehner.at\/jobs\/blogbeitrag\/die-gartentrends-2025-im-blick\/","url":"https:\/\/www.dehner.at\/jobs\/blogbeitrag\/die-gartentrends-2025-im-blick\/","name":"Die Gartentrends 2025 im Blick - Karriere bei Dehner","isPartOf":{"@id":"https:\/\/www.dehner.de\/jobs\/#website"},"primaryImageOfPage":{"@id":"https:\/\/www.dehner.at\/jobs\/blogbeitrag\/die-gartentrends-2025-im-blick\/#primaryimage"},"image":{"@id":"https:\/\/www.dehner.at\/jobs\/blogbeitrag\/die-gartentrends-2025-im-blick\/#primaryimage"},"thumbnailUrl":"https:\/\/www.dehner.de\/jobs\/app\/uploads\/sites\/7\/2024\/09\/trends-dehner-messe-neuheiten.png","datePublished":"2024-09-17T06:00:00+00:00","description":"Was sind die Must-haves f\u00fcr Garten und Haus im Jahr 2025? Dehner hat sich auf der spoga+gafa umgesehen. \u27a4 Jetzt lesen","breadcrumb":{"@id":"https:\/\/www.dehner.at\/jobs\/blogbeitrag\/die-gartentrends-2025-im-blick\/#breadcrumb"},"inLanguage":"de-DE","potentialAction":[{"@type":"ReadAction","target":["https:\/\/www.dehner.at\/jobs\/blogbeitrag\/die-gartentrends-2025-im-blick\/"]}]},{"@type":"ImageObject","inLanguage":"de-DE","@id":"https:\/\/www.dehner.at\/jobs\/blogbeitrag\/die-gartentrends-2025-im-blick\/#primaryimage","url":"https:\/\/www.dehner.de\/jobs\/app\/uploads\/sites\/7\/2024\/09\/trends-dehner-messe-neuheiten.png","contentUrl":"https:\/\/www.dehner.de\/jobs\/app\/uploads\/sites\/7\/2024\/09\/trends-dehner-messe-neuheiten.png","width":1920,"height":500,"caption":"Die Dehner Category Manager informieren sich \u00fcber die neusten Gartentrends f\u00fcr 2025"},{"@type":"BreadcrumbList","@id":"https:\/\/www.dehner.at\/jobs\/blogbeitrag\/die-gartentrends-2025-im-blick\/#breadcrumb","itemListElement":[{"@type":"ListItem","position":1,"name":"Home","item":"https:\/\/www.dehner.de\/jobs\/"},{"@type":"ListItem","position":2,"name":"Die Gartentrends 2025 im Blick"}]},{"@type":"WebSite","@id":"https:\/\/www.dehner.de\/jobs\/#website","url":"https:\/\/www.dehner.de\/jobs\/","name":"Karriere bei Dehner","description":"Die Storys unserer Personalbotschafter","publisher":{"@id":"https:\/\/www.dehner.de\/jobs\/#organization"},"potentialAction":[{"@type":"SearchAction","target":{"@type":"EntryPoint","urlTemplate":"https:\/\/www.dehner.de\/jobs\/?s={search_term_string}"},"query-input":{"@type":"PropertyValueSpecification","valueRequired":true,"valueName":"search_term_string"}}],"inLanguage":"de-DE"},{"@type":"Organization","@id":"https:\/\/www.dehner.de\/jobs\/#organization","name":"Karriere bei Dehner","url":"https:\/\/www.dehner.de\/jobs\/","logo":{"@type":"ImageObject","inLanguage":"de-DE","@id":"https:\/\/www.dehner.de\/jobs\/#\/schema\/logo\/image\/","url":"https:\/\/www.dehner.de\/jobs\/app\/uploads\/sites\/7\/2025\/12\/dehner-garten-center-koenigsbrunn-revitalisierung-neubau-umbau.png","contentUrl":"https:\/\/www.dehner.de\/jobs\/app\/uploads\/sites\/7\/2025\/12\/dehner-garten-center-koenigsbrunn-revitalisierung-neubau-umbau.png","width":800,"height":1315,"caption":"Karriere bei Dehner"},"image":{"@id":"https:\/\/www.dehner.de\/jobs\/#\/schema\/logo\/image\/"}}]}},"_links":{"self":[{"href":"https:\/\/www.dehner.de\/jobs\/wp-json\/wp\/v2\/blog\/28625","targetHints":{"allow":["GET"]}}],"collection":[{"href":"https:\/\/www.dehner.de\/jobs\/wp-json\/wp\/v2\/blog"}],"about":[{"href":"https:\/\/www.dehner.de\/jobs\/wp-json\/wp\/v2\/types\/blog"}],"version-history":[{"count":2,"href":"https:\/\/www.dehner.de\/jobs\/wp-json\/wp\/v2\/blog\/28625\/revisions"}],"predecessor-version":[{"id":28638,"href":"https:\/\/www.dehner.de\/jobs\/wp-json\/wp\/v2\/blog\/28625\/revisions\/28638"}],"wp:featuredmedia":[{"embeddable":true,"href":"https:\/\/www.dehner.de\/jobs\/wp-json\/wp\/v2\/media\/28636"}],"wp:attachment":[{"href":"https:\/\/www.dehner.de\/jobs\/wp-json\/wp\/v2\/media?parent=28625"}],"wp:term":[{"taxonomy":"blog_category","embeddable":true,"href":"https:\/\/www.dehner.de\/jobs\/wp-json\/wp\/v2\/blog_category?post=28625"}],"curies":[{"name":"wp","href":"https:\/\/api.w.org\/{rel}","templated":true}]}}