{"id":27968,"date":"2024-08-08T08:00:00","date_gmt":"2024-08-08T06:00:00","guid":{"rendered":"https:\/\/www.dehner.de\/jobs\/?post_type=blog&#038;p=27968"},"modified":"2025-02-24T15:36:33","modified_gmt":"2025-02-24T14:36:33","slug":"ein-jahr-hr-business-partner-ein-interview-mit-abteilungsleitung-tanja-meyer","status":"publish","type":"blog","link":"https:\/\/www.dehner.de\/jobs\/blogbeitrag\/ein-jahr-hr-business-partner-ein-interview-mit-abteilungsleitung-tanja-meyer\/","title":{"rendered":"Ein Jahr HR Business Partner: Ein Interview mit Abteilungsleitung Tanja Meyer"},"content":{"rendered":"    <section class=\"block-headline-text container standard pb-5\">\n        <div class=\"row\">\n            <h3 class=\"col-12 title\">Die Learning Journey startet: Entwicklung der Abteilung<\/h3>            <div class=\"col-12 text\"><p><strong>Liebe Tanja, wie ist die Abteilung HR Business Partner eigentlich entstanden?<\/strong><\/p>\n<p><strong>Tanja:<\/strong> Der erste Impuls kam von meiner F\u00fchrungskraft Ulrike Schott. Sie ist die Bereichsleitung Human Resources bei Dehner und sch\u00e4tzt die Struktur eines ganzheitlichen Betreuungs- und Beratungsansatzes. Zuvor bestand der HR-Bereich rein aus spezialisierten Funktionsbereichen. Mein Team war in dieser Struktur auf Recruiting &amp; Employer Branding spezialisiert. Am 01.08.2023 haben wir dann unsere sogenannte \u201eLearning Journey\u201c gestartet. Alle 9 Mitarbeitenden der Abteilung waren zu dem Zeitpunkt schon an Bord.<\/p>\n<p><strong>Wie haben Deine Mitarbeitenden auf die neue Struktur der HR-Abteilung reagiert?<\/strong><\/p>\n<p><strong>Tanja:<\/strong> Alle haben die neue Struktur und damit einhergehenden Ver\u00e4nderungen mit Offenheit und Wissbegierde angenommen. Nat\u00fcrlich gibt es auch immer Respekt vor den neuen Aufgaben und Einsatzbereichen, aber die Teammitglieder haben es auch direkt als n\u00e4chsten Schritt ihrer beruflichen Karriere gesehen.<\/p>\n<p><strong>Was soll in erster Linie durch die Abteilung HR Business Partner erreicht werden?<\/strong><\/p>\n<p><strong>Tanja: <\/strong>Uns ist es enorm wichtig, aktiv zur Wertsch\u00f6pfungskette des Unternehmens beizutragen. Dies wollen wir unter anderem mit einer ganzheitlichen Beratung auf Augenh\u00f6he, einem tiefgehenden Verst\u00e4ndnis vom Business und der Schlie\u00dfung von Betreuungsl\u00fccken erreichen. Das reduziert Aufw\u00e4nde und steigert die L\u00f6sungsgeschwindigkeit f\u00fcr das Business. Damit uns das gelingen kann, st\u00e4rken wir die Zusammenarbeit innerhalb des HR-Bereiches und entwickeln bzw. optimieren gemeinsam Prozesse, Instrumente und Leitplanken. Wir sind nicht nur auf die Kolleg*innen aus den angrenzenden HR-Abteilungen angewiesen, sondern auch auf die F\u00fchrungskr\u00e4fte aus dem Business. Aber auch hier erfahren wir gro\u00dfe Unterst\u00fctzung und k\u00f6nnen voneinander lernen, damit wir durch das vertiefte Wissen eine echte Beratung anbieten k\u00f6nnen. So k\u00f6nnen wir Schritt f\u00fcr Schritt zum PARTNER werden.<\/p>\n<\/div>        <\/div>\n    <\/section>\n\n\n<section class=\"block-img-txt xl-center img-70-text-30 pb-4\">\n    <div class=\"container\">\n        <div class=\"row\">\n                            <div class=\"col-lg-8 pb-4 d-none d-md-block image\">\n                    <img loading=\"lazy\" decoding=\"async\" width=\"570\" height=\"470\" src=\"https:\/\/www.dehner.de\/jobs\/app\/uploads\/sites\/7\/2024\/08\/firmenlauf-dehner-hr-team.png\" class=\"img-cover\" alt=\"Das Team HR Business Partner bei Dehner\" srcset=\"https:\/\/www.dehner.de\/jobs\/app\/uploads\/sites\/7\/2024\/08\/firmenlauf-dehner-hr-team.png 570w, https:\/\/www.dehner.de\/jobs\/app\/uploads\/sites\/7\/2024\/08\/firmenlauf-dehner-hr-team-300x247.png 300w, https:\/\/www.dehner.de\/jobs\/app\/uploads\/sites\/7\/2024\/08\/firmenlauf-dehner-hr-team-150x124.png 150w\" sizes=\"auto, (max-width: 570px) 100vw, 570px\" \/>                <\/div>\n                <div class=\"col-lg-4 df fc jcc body\">\n                                        <img loading=\"lazy\" decoding=\"async\" width=\"570\" height=\"470\" src=\"https:\/\/www.dehner.de\/jobs\/app\/uploads\/sites\/7\/2024\/08\/firmenlauf-dehner-hr-team.png\" class=\"mobile-image img-fluid mb-3 d-md-none\" alt=\"Das Team HR Business Partner bei Dehner\" srcset=\"https:\/\/www.dehner.de\/jobs\/app\/uploads\/sites\/7\/2024\/08\/firmenlauf-dehner-hr-team.png 570w, https:\/\/www.dehner.de\/jobs\/app\/uploads\/sites\/7\/2024\/08\/firmenlauf-dehner-hr-team-300x247.png 300w, https:\/\/www.dehner.de\/jobs\/app\/uploads\/sites\/7\/2024\/08\/firmenlauf-dehner-hr-team-150x124.png 150w\" sizes=\"auto, (max-width: 570px) 100vw, 570px\" \/>                <div class=\"text\">\n                    <\/div>\n                                <\/div>\n            \n        <\/div>\n    <\/div>\n<\/section>\n\n\n    <section class=\"block-headline-text container standard pb-5\">\n        <div class=\"row\">\n            <h3 class=\"col-12 title\">Erfolge &amp; Herausforderungen<\/h3>            <div class=\"col-12 text\"><p><strong>Welche wesentlichen Erfolge hat die Abteilung im ersten Jahr erzielt?<\/strong><\/p>\n<p><strong>Tanja: <\/strong>Wir konnten im ersten Jahr unsere Beratungskompetenz bereits stark ausbauen und einige Betreuungsl\u00fccken schlie\u00dfen. Es freut uns sehr zu sp\u00fcren, dass wir mit unserer Arbeit nicht nur Einfluss auf die Gewinnung und Auswahl von Mitarbeiter*innen, sondern nun auch auf deren Bindung haben. Die meisten F\u00fchrungskr\u00e4fte nehmen uns schon als Sparringspartner wahr und wenn ich dann Aussagen h\u00f6re wie: \u201eNicht ohne meinen HR Business Partner\u201c, macht mich das extrem stolz. Wir haben von allen Seiten inklusive unserer Gesch\u00e4ftsf\u00fchrung unglaublich viel R\u00fcckenwind erhalten. Zus\u00e4tzlich erarbeiten unsere Kolleg*innen mit uns regelm\u00e4\u00dfig sogenannte \u201eWissensnuggets\u201c, zum Beispiel zu arbeitsrechtlichen Themen. All das sowie ma\u00dfgeschneiderte Seminare haben uns sehr schnell in unserer neuen Rolle ankommen lassen.<\/p>\n<p><strong>Was waren die gr\u00f6\u00dften Herausforderungen, denen die Abteilung begegnet ist und wie wurden diese bew\u00e4ltigt?<\/strong><\/p>\n<p><strong>Tanja: <\/strong>Trotz der zuvor beschriebenen Offenheit der Organisation und allgegenw\u00e4rtigen Unterst\u00fctzung, ben\u00f6tigen solche Ver\u00e4nderungen Zeit, Geduld und Fingerspitzengef\u00fchl. Wir arbeiten kontinuierlich an unseren Schnittstellen und m\u00fcssen Prozesse neu denken und zum Teil erst entwickeln. Wenn wir neue, einheitliche Guidances einf\u00fchren, passen diese zu Beginn nat\u00fcrlich nicht f\u00fcr jeden*n Einzelne*n. Das erfordert eine gute, transparente Kommunikation und auch \u00dcberzeugungsarbeit. Zus\u00e4tzlich haben wir die Herausforderung, dass wir all unseren verschiedenen Zielgruppen und Tochtergesellschaften der Dehner-Gruppe, zentral und dezentral, gleicherma\u00dfen gerecht werden wollen. Insbesondere die N\u00e4he zu unserem Kerngesch\u00e4ft, unseren M\u00e4rkten, stellt uns nicht nur aufgrund der r\u00e4umlichen Entfernungen immer wieder vor Herausforderungen. Dem begegnen wir gemeinsam mit unseren Regionalvertriebsleitungen unter anderem durch die Begleitung von Marktrundfahrten, Marktleitertagungen sowie Praxistage vor Ort. Auch der Erfahrungsaustausch mit Kolleg*innen aus der Branche ist oftmals hilfreich.<\/p>\n<p><strong>Welche Ziele hast Du f\u00fcr die Abteilung im ersten Jahr gesetzt und was steht als n\u00e4chstes auf der Agenda?<\/strong><\/p>\n<p><strong>Tanja: <\/strong>Zu Beginn der Reise lag der Fokus auf Mitgehen, Beobachten, Lernen und sich bestm\u00f6glich einbringen und unterst\u00fctzen. Das ist aufgrund der Natur der Sache ein \u201eReagieren\u201c. Die enge Verzahnung mit dem Business und den einzelnen HR-Disziplinen, die (Daten-)Transparenz, die wir durch die Einf\u00fchrung von SAP SuccessFactors erhalten haben, sowie unser mittlerweile prall gef\u00fcllter Methoden-Koffer bieten neue M\u00f6glichkeiten. Wir k\u00f6nnen evaluieren, welche Fokusthemen an Relevanz gewinnen und proaktiv diese mit unseren Fachbereichen besprechen. Insbesondere in der anstehenden Budgetphase k\u00f6nnen wir mit dem Business ganzheitlich den gesamten Employee Lifecycle betrachten und gemeinsam das Jahr 2025 planen. Mir ist es wichtig, fr\u00fchzeitig die einzelnen Business-Projekte und Herausforderungen zu kennen, um gezielte HR-Ma\u00dfnahmen anbieten zu k\u00f6nnen. Genauso wichtig ist es mir, im n\u00e4chsten Jahr die Zusammenarbeit mit unserem dezentralen Retail-Bereich zu intensivieren.<\/p>\n<\/div>        <\/div>\n    <\/section>\n\n\n<section class=\"block-img-txt text-50-img-50 pb-4\">\n    <div class=\"container\">\n        <div class=\"row\">\n                            <div class=\"col-md-6 pb-4 d-none d-md-block image\">\n                    <img loading=\"lazy\" decoding=\"async\" width=\"570\" height=\"600\" src=\"https:\/\/www.dehner.de\/jobs\/app\/uploads\/sites\/7\/2024\/07\/dehner-hr-business-partner-abteilungsleitung.png\" class=\"img-cover\" alt=\"Abteilungsleitung HR Business Partner bei Dehner\" srcset=\"https:\/\/www.dehner.de\/jobs\/app\/uploads\/sites\/7\/2024\/07\/dehner-hr-business-partner-abteilungsleitung.png 570w, https:\/\/www.dehner.de\/jobs\/app\/uploads\/sites\/7\/2024\/07\/dehner-hr-business-partner-abteilungsleitung-285x300.png 285w, https:\/\/www.dehner.de\/jobs\/app\/uploads\/sites\/7\/2024\/07\/dehner-hr-business-partner-abteilungsleitung-143x150.png 143w\" sizes=\"auto, (max-width: 570px) 100vw, 570px\" \/>                <\/div>\n                <div class=\"col-md-6 df fc jcc body\">\n                            <a href=\"#\" class=\"toggler toggler-down-md toggler-hide\" data-toggle=\"collapse\" data-target=\"#block_dce0846929d52c62983e2669b637d2c1\" aria-expanded=\"true\" aria-controls=\"block_dce0846929d52c62983e2669b637d2c1\">\n                            <img loading=\"lazy\" decoding=\"async\" width=\"570\" height=\"600\" src=\"https:\/\/www.dehner.de\/jobs\/app\/uploads\/sites\/7\/2024\/07\/dehner-hr-business-partner-abteilungsleitung.png\" class=\"mobile-image img-fluid mb-3 d-md-none\" alt=\"Abteilungsleitung HR Business Partner bei Dehner\" srcset=\"https:\/\/www.dehner.de\/jobs\/app\/uploads\/sites\/7\/2024\/07\/dehner-hr-business-partner-abteilungsleitung.png 570w, https:\/\/www.dehner.de\/jobs\/app\/uploads\/sites\/7\/2024\/07\/dehner-hr-business-partner-abteilungsleitung-285x300.png 285w, https:\/\/www.dehner.de\/jobs\/app\/uploads\/sites\/7\/2024\/07\/dehner-hr-business-partner-abteilungsleitung-143x150.png 143w\" sizes=\"auto, (max-width: 570px) 100vw, 570px\" \/>                        <h3 class=\"font-h4 toggler toggler-down-md\">Eine abschlie\u00dfende pers\u00f6nliche Frage:<\/h3>        <\/a>\n        <div class=\"collapse text show\" id=\"block_dce0846929d52c62983e2669b637d2c1\" data-parent=\"main\">\n            <p><strong>Was motiviert Dich pers\u00f6nlich in Deiner t\u00e4glichen Arbeit?<\/strong><\/p>\n<p>Unglaublich viel. Ganz besonders die Chance diesen Change zu gestalten sowie das damit verbundene Vertrauen und der Support meiner F\u00fchrungskraft und unserer Gesch\u00e4ftsf\u00fchrung. Die Unterst\u00fctzung und die Bereitschaft, sich neu zu erfinden<span>,<\/span> ist t\u00e4glich sp\u00fcrbar. Au\u00dferdem habe ich ein gro\u00dfartiges Team. Ich habe das gro\u00dfe Privileg, Menschen um mich herum zu haben, die Verantwortung \u00fcbernehmen, Ideen einbringen und f\u00fcr ihre Aufgaben brennen. Das ergibt eine tolle Dynamik. Wir haben als HR-Bereich gro\u00dfe Freude daran, f\u00fcr Dehner und jeden einzelnen Dehnerianer etwas bewirken zu k\u00f6nnen. Wir k\u00f6nnen uns auch mal gemeinsam \u00fcber Dinge \u00e4rgern und verlieren dabei nie unseren Humor. Zu sehen, wie jeder einzelne meiner insgesamt neun HR Business Partner auf seine eigene, authentische Art und Weise seinen Weg beschreitet, die individuellen Entwicklungen zu begleiten und zu f\u00f6rdern, erf\u00fcllt mich in ganz besonderem Ma\u00dfe. Insgesamt kann ich viel mitgestalten und eigene Fu\u00dfabdr\u00fccke hinterlassen \u2013 eine tolle Kombination aus Bewegen und Ankommen. Dehner ist definitiv mein berufliches Zuhause.<\/p>\n                    <\/div>                <\/div>\n            \n        <\/div>\n    <\/div>\n<\/section>\n","protected":false},"excerpt":{"rendered":"","protected":false},"featured_media":27802,"parent":0,"template":"","blog_category":[453],"class_list":["post-27968","blog","type-blog","status-publish","has-post-thumbnail","hentry","blog_category-jobeinblicke"],"acf":[],"yoast_head":"<!-- This site is optimized with the Yoast SEO plugin v24.5 - https:\/\/yoast.com\/wordpress\/plugins\/seo\/ -->\n<title>1 Jahr HR Business Partner \u2013 Interview mit Tanja Meyer<\/title>\n<meta name=\"description\" content=\"Von Employer Branding &amp; Recruiting hin zum ganzheitlichen Beratungsansatz: Dehner bleibt innovativ. \u27a4 Jetzt lesen!\" \/>\n<meta name=\"robots\" content=\"index, follow, max-snippet:-1, max-image-preview:large, max-video-preview:-1\" \/>\n<link rel=\"canonical\" href=\"https:\/\/www.dehner.de\/jobs\/blogbeitrag\/ein-jahr-hr-business-partner-ein-interview-mit-abteilungsleitung-tanja-meyer\/\" \/>\n<meta property=\"og:locale\" content=\"de_DE\" \/>\n<meta property=\"og:type\" content=\"article\" \/>\n<meta property=\"og:title\" content=\"1 Jahr HR Business Partner \u2013 Interview mit Tanja Meyer\" \/>\n<meta property=\"og:description\" content=\"Von Employer Branding &amp; Recruiting hin zum ganzheitlichen Beratungsansatz: Dehner bleibt innovativ. \u27a4 Jetzt lesen!\" \/>\n<meta property=\"og:url\" content=\"https:\/\/www.dehner.de\/jobs\/blogbeitrag\/ein-jahr-hr-business-partner-ein-interview-mit-abteilungsleitung-tanja-meyer\/\" \/>\n<meta property=\"og:site_name\" content=\"Karriere bei Dehner\" \/>\n<meta property=\"article:modified_time\" content=\"2025-02-24T14:36:33+00:00\" \/>\n<meta property=\"og:image\" content=\"https:\/\/www.dehner.de\/jobs\/app\/uploads\/sites\/7\/2024\/07\/dehner-hr-business-partner-team.png\" \/>\n\t<meta property=\"og:image:width\" content=\"1920\" \/>\n\t<meta property=\"og:image:height\" content=\"500\" \/>\n\t<meta property=\"og:image:type\" content=\"image\/png\" \/>\n<meta name=\"twitter:card\" content=\"summary_large_image\" \/>\n<meta name=\"twitter:label1\" content=\"Est. reading time\" \/>\n\t<meta name=\"twitter:data1\" content=\"6 Minuten\" \/>\n<script type=\"application\/ld+json\" class=\"yoast-schema-graph\">{\"@context\":\"https:\/\/schema.org\",\"@graph\":[{\"@type\":\"WebPage\",\"@id\":\"https:\/\/www.dehner.de\/jobs\/blogbeitrag\/ein-jahr-hr-business-partner-ein-interview-mit-abteilungsleitung-tanja-meyer\/\",\"url\":\"https:\/\/www.dehner.de\/jobs\/blogbeitrag\/ein-jahr-hr-business-partner-ein-interview-mit-abteilungsleitung-tanja-meyer\/\",\"name\":\"1 Jahr HR Business Partner \u2013 Interview mit Tanja Meyer\",\"isPartOf\":{\"@id\":\"https:\/\/www.dehner.de\/jobs\/#website\"},\"primaryImageOfPage\":{\"@id\":\"https:\/\/www.dehner.de\/jobs\/blogbeitrag\/ein-jahr-hr-business-partner-ein-interview-mit-abteilungsleitung-tanja-meyer\/#primaryimage\"},\"image\":{\"@id\":\"https:\/\/www.dehner.de\/jobs\/blogbeitrag\/ein-jahr-hr-business-partner-ein-interview-mit-abteilungsleitung-tanja-meyer\/#primaryimage\"},\"thumbnailUrl\":\"https:\/\/www.dehner.de\/jobs\/app\/uploads\/sites\/7\/2024\/07\/dehner-hr-business-partner-team.png\",\"datePublished\":\"2024-08-08T06:00:00+00:00\",\"dateModified\":\"2025-02-24T14:36:33+00:00\",\"description\":\"Von Employer Branding & Recruiting hin zum ganzheitlichen Beratungsansatz: Dehner bleibt innovativ. \u27a4 Jetzt lesen!\",\"breadcrumb\":{\"@id\":\"https:\/\/www.dehner.de\/jobs\/blogbeitrag\/ein-jahr-hr-business-partner-ein-interview-mit-abteilungsleitung-tanja-meyer\/#breadcrumb\"},\"inLanguage\":\"de-DE\",\"potentialAction\":[{\"@type\":\"ReadAction\",\"target\":[\"https:\/\/www.dehner.de\/jobs\/blogbeitrag\/ein-jahr-hr-business-partner-ein-interview-mit-abteilungsleitung-tanja-meyer\/\"]}]},{\"@type\":\"ImageObject\",\"inLanguage\":\"de-DE\",\"@id\":\"https:\/\/www.dehner.de\/jobs\/blogbeitrag\/ein-jahr-hr-business-partner-ein-interview-mit-abteilungsleitung-tanja-meyer\/#primaryimage\",\"url\":\"https:\/\/www.dehner.de\/jobs\/app\/uploads\/sites\/7\/2024\/07\/dehner-hr-business-partner-team.png\",\"contentUrl\":\"https:\/\/www.dehner.de\/jobs\/app\/uploads\/sites\/7\/2024\/07\/dehner-hr-business-partner-team.png\",\"width\":1920,\"height\":500,\"caption\":\"Das Team HR Business Partner bei Dehner\"},{\"@type\":\"BreadcrumbList\",\"@id\":\"https:\/\/www.dehner.de\/jobs\/blogbeitrag\/ein-jahr-hr-business-partner-ein-interview-mit-abteilungsleitung-tanja-meyer\/#breadcrumb\",\"itemListElement\":[{\"@type\":\"ListItem\",\"position\":1,\"name\":\"Home\",\"item\":\"https:\/\/www.dehner.de\/jobs\/\"},{\"@type\":\"ListItem\",\"position\":2,\"name\":\"Ein Jahr HR Business Partner: Ein Interview mit Abteilungsleitung Tanja Meyer\"}]},{\"@type\":\"WebSite\",\"@id\":\"https:\/\/www.dehner.de\/jobs\/#website\",\"url\":\"https:\/\/www.dehner.de\/jobs\/\",\"name\":\"Karriere bei Dehner\",\"description\":\"Die Storys unserer Personalbotschafter\",\"publisher\":{\"@id\":\"https:\/\/www.dehner.de\/jobs\/#organization\"},\"potentialAction\":[{\"@type\":\"SearchAction\",\"target\":{\"@type\":\"EntryPoint\",\"urlTemplate\":\"https:\/\/www.dehner.de\/jobs\/?s={search_term_string}\"},\"query-input\":{\"@type\":\"PropertyValueSpecification\",\"valueRequired\":true,\"valueName\":\"search_term_string\"}}],\"inLanguage\":\"de-DE\"},{\"@type\":\"Organization\",\"@id\":\"https:\/\/www.dehner.de\/jobs\/#organization\",\"name\":\"Karriere bei Dehner\",\"url\":\"https:\/\/www.dehner.de\/jobs\/\",\"logo\":{\"@type\":\"ImageObject\",\"inLanguage\":\"de-DE\",\"@id\":\"https:\/\/www.dehner.de\/jobs\/#\/schema\/logo\/image\/\",\"url\":\"https:\/\/www.dehner.de\/jobs\/app\/uploads\/sites\/7\/2025\/12\/dehner-garten-center-koenigsbrunn-revitalisierung-neubau-umbau.png\",\"contentUrl\":\"https:\/\/www.dehner.de\/jobs\/app\/uploads\/sites\/7\/2025\/12\/dehner-garten-center-koenigsbrunn-revitalisierung-neubau-umbau.png\",\"width\":800,\"height\":1315,\"caption\":\"Karriere bei Dehner\"},\"image\":{\"@id\":\"https:\/\/www.dehner.de\/jobs\/#\/schema\/logo\/image\/\"}}]}<\/script>\n<!-- \/ Yoast SEO plugin. -->","yoast_head_json":{"title":"1 Jahr HR Business Partner \u2013 Interview mit Tanja Meyer","description":"Von Employer Branding & Recruiting hin zum ganzheitlichen Beratungsansatz: Dehner bleibt innovativ. \u27a4 Jetzt lesen!","robots":{"index":"index","follow":"follow","max-snippet":"max-snippet:-1","max-image-preview":"max-image-preview:large","max-video-preview":"max-video-preview:-1"},"canonical":"https:\/\/www.dehner.de\/jobs\/blogbeitrag\/ein-jahr-hr-business-partner-ein-interview-mit-abteilungsleitung-tanja-meyer\/","og_locale":"de_DE","og_type":"article","og_title":"1 Jahr HR Business Partner \u2013 Interview mit Tanja Meyer","og_description":"Von Employer Branding & Recruiting hin zum ganzheitlichen Beratungsansatz: Dehner bleibt innovativ. \u27a4 Jetzt lesen!","og_url":"https:\/\/www.dehner.de\/jobs\/blogbeitrag\/ein-jahr-hr-business-partner-ein-interview-mit-abteilungsleitung-tanja-meyer\/","og_site_name":"Karriere bei Dehner","article_modified_time":"2025-02-24T14:36:33+00:00","og_image":[{"width":1920,"height":500,"url":"https:\/\/www.dehner.de\/jobs\/app\/uploads\/sites\/7\/2024\/07\/dehner-hr-business-partner-team.png","type":"image\/png"}],"twitter_card":"summary_large_image","twitter_misc":{"Est. reading time":"6 Minuten"},"schema":{"@context":"https:\/\/schema.org","@graph":[{"@type":"WebPage","@id":"https:\/\/www.dehner.de\/jobs\/blogbeitrag\/ein-jahr-hr-business-partner-ein-interview-mit-abteilungsleitung-tanja-meyer\/","url":"https:\/\/www.dehner.de\/jobs\/blogbeitrag\/ein-jahr-hr-business-partner-ein-interview-mit-abteilungsleitung-tanja-meyer\/","name":"1 Jahr HR Business Partner \u2013 Interview mit Tanja Meyer","isPartOf":{"@id":"https:\/\/www.dehner.de\/jobs\/#website"},"primaryImageOfPage":{"@id":"https:\/\/www.dehner.de\/jobs\/blogbeitrag\/ein-jahr-hr-business-partner-ein-interview-mit-abteilungsleitung-tanja-meyer\/#primaryimage"},"image":{"@id":"https:\/\/www.dehner.de\/jobs\/blogbeitrag\/ein-jahr-hr-business-partner-ein-interview-mit-abteilungsleitung-tanja-meyer\/#primaryimage"},"thumbnailUrl":"https:\/\/www.dehner.de\/jobs\/app\/uploads\/sites\/7\/2024\/07\/dehner-hr-business-partner-team.png","datePublished":"2024-08-08T06:00:00+00:00","dateModified":"2025-02-24T14:36:33+00:00","description":"Von Employer Branding & Recruiting hin zum ganzheitlichen Beratungsansatz: Dehner bleibt innovativ. \u27a4 Jetzt lesen!","breadcrumb":{"@id":"https:\/\/www.dehner.de\/jobs\/blogbeitrag\/ein-jahr-hr-business-partner-ein-interview-mit-abteilungsleitung-tanja-meyer\/#breadcrumb"},"inLanguage":"de-DE","potentialAction":[{"@type":"ReadAction","target":["https:\/\/www.dehner.de\/jobs\/blogbeitrag\/ein-jahr-hr-business-partner-ein-interview-mit-abteilungsleitung-tanja-meyer\/"]}]},{"@type":"ImageObject","inLanguage":"de-DE","@id":"https:\/\/www.dehner.de\/jobs\/blogbeitrag\/ein-jahr-hr-business-partner-ein-interview-mit-abteilungsleitung-tanja-meyer\/#primaryimage","url":"https:\/\/www.dehner.de\/jobs\/app\/uploads\/sites\/7\/2024\/07\/dehner-hr-business-partner-team.png","contentUrl":"https:\/\/www.dehner.de\/jobs\/app\/uploads\/sites\/7\/2024\/07\/dehner-hr-business-partner-team.png","width":1920,"height":500,"caption":"Das Team HR Business Partner bei Dehner"},{"@type":"BreadcrumbList","@id":"https:\/\/www.dehner.de\/jobs\/blogbeitrag\/ein-jahr-hr-business-partner-ein-interview-mit-abteilungsleitung-tanja-meyer\/#breadcrumb","itemListElement":[{"@type":"ListItem","position":1,"name":"Home","item":"https:\/\/www.dehner.de\/jobs\/"},{"@type":"ListItem","position":2,"name":"Ein Jahr HR Business Partner: Ein Interview mit Abteilungsleitung Tanja Meyer"}]},{"@type":"WebSite","@id":"https:\/\/www.dehner.de\/jobs\/#website","url":"https:\/\/www.dehner.de\/jobs\/","name":"Karriere bei Dehner","description":"Die Storys unserer Personalbotschafter","publisher":{"@id":"https:\/\/www.dehner.de\/jobs\/#organization"},"potentialAction":[{"@type":"SearchAction","target":{"@type":"EntryPoint","urlTemplate":"https:\/\/www.dehner.de\/jobs\/?s={search_term_string}"},"query-input":{"@type":"PropertyValueSpecification","valueRequired":true,"valueName":"search_term_string"}}],"inLanguage":"de-DE"},{"@type":"Organization","@id":"https:\/\/www.dehner.de\/jobs\/#organization","name":"Karriere bei Dehner","url":"https:\/\/www.dehner.de\/jobs\/","logo":{"@type":"ImageObject","inLanguage":"de-DE","@id":"https:\/\/www.dehner.de\/jobs\/#\/schema\/logo\/image\/","url":"https:\/\/www.dehner.de\/jobs\/app\/uploads\/sites\/7\/2025\/12\/dehner-garten-center-koenigsbrunn-revitalisierung-neubau-umbau.png","contentUrl":"https:\/\/www.dehner.de\/jobs\/app\/uploads\/sites\/7\/2025\/12\/dehner-garten-center-koenigsbrunn-revitalisierung-neubau-umbau.png","width":800,"height":1315,"caption":"Karriere bei Dehner"},"image":{"@id":"https:\/\/www.dehner.de\/jobs\/#\/schema\/logo\/image\/"}}]}},"_links":{"self":[{"href":"https:\/\/www.dehner.de\/jobs\/wp-json\/wp\/v2\/blog\/27968","targetHints":{"allow":["GET"]}}],"collection":[{"href":"https:\/\/www.dehner.de\/jobs\/wp-json\/wp\/v2\/blog"}],"about":[{"href":"https:\/\/www.dehner.de\/jobs\/wp-json\/wp\/v2\/types\/blog"}],"version-history":[{"count":23,"href":"https:\/\/www.dehner.de\/jobs\/wp-json\/wp\/v2\/blog\/27968\/revisions"}],"predecessor-version":[{"id":28008,"href":"https:\/\/www.dehner.de\/jobs\/wp-json\/wp\/v2\/blog\/27968\/revisions\/28008"}],"wp:featuredmedia":[{"embeddable":true,"href":"https:\/\/www.dehner.de\/jobs\/wp-json\/wp\/v2\/media\/27802"}],"wp:attachment":[{"href":"https:\/\/www.dehner.de\/jobs\/wp-json\/wp\/v2\/media?parent=27968"}],"wp:term":[{"taxonomy":"blog_category","embeddable":true,"href":"https:\/\/www.dehner.de\/jobs\/wp-json\/wp\/v2\/blog_category?post=27968"}],"curies":[{"name":"wp","href":"https:\/\/api.w.org\/{rel}","templated":true}]}}