{"id":27869,"date":"2024-07-29T08:00:00","date_gmt":"2024-07-29T06:00:00","guid":{"rendered":"https:\/\/www.dehner.de\/jobs\/?post_type=blog&#038;p=27869"},"modified":"2025-02-24T14:58:36","modified_gmt":"2025-02-24T13:58:36","slug":"gipfelstuermer-programm-fuer-dehner-azubis-das-junior-kolleg","status":"publish","type":"blog","link":"https:\/\/www.dehner.de\/jobs\/blogbeitrag\/gipfelstuermer-programm-fuer-dehner-azubis-das-junior-kolleg\/","title":{"rendered":"Gipfelst\u00fcrmer-Programm f\u00fcr Dehner Azubis \u2013 DAS Junior-Kolleg"},"content":{"rendered":"<section class=\"block-img-txt img-50-text-50 pb-4\">\n    <div class=\"container\">\n        <div class=\"row\">\n                            <div class=\"col-md-6 pb-4 d-none d-md-block image\">\n                                    <\/div>\n                <div class=\"col-md-6 df fc jcc body\">\n                                                        <div class=\"text\">\n                    <\/div>\n                                <\/div>\n            \n        <\/div>\n    <\/div>\n<\/section>\n\n\n<section class=\"block-img-txt img-50-text-50 pb-4\">\n    <div class=\"container\">\n        <div class=\"row\">\n                            <div class=\"col-md-6 pb-4 d-none d-md-block image\">\n                    <img loading=\"lazy\" decoding=\"async\" width=\"570\" height=\"490\" src=\"https:\/\/www.dehner.de\/jobs\/app\/uploads\/sites\/7\/2024\/07\/torte-etappenziele-dehner-azubi-amelie-bewerbung-1.png\" class=\"img-cover\" alt=\"Programm f\u00fcr engagierte Azubis bei Dehner\" srcset=\"https:\/\/www.dehner.de\/jobs\/app\/uploads\/sites\/7\/2024\/07\/torte-etappenziele-dehner-azubi-amelie-bewerbung-1.png 570w, https:\/\/www.dehner.de\/jobs\/app\/uploads\/sites\/7\/2024\/07\/torte-etappenziele-dehner-azubi-amelie-bewerbung-1-300x258.png 300w, https:\/\/www.dehner.de\/jobs\/app\/uploads\/sites\/7\/2024\/07\/torte-etappenziele-dehner-azubi-amelie-bewerbung-1-150x129.png 150w\" sizes=\"auto, (max-width: 570px) 100vw, 570px\" \/>                <\/div>\n                <div class=\"col-md-6 df fc jcc body\">\n                            <a href=\"#\" class=\"toggler toggler-down-md toggler-hide\" data-toggle=\"collapse\" data-target=\"#block_634feea5d81eb\" aria-expanded=\"true\" aria-controls=\"block_634feea5d81eb\">\n                            <img loading=\"lazy\" decoding=\"async\" width=\"570\" height=\"490\" src=\"https:\/\/www.dehner.de\/jobs\/app\/uploads\/sites\/7\/2024\/07\/torte-etappenziele-dehner-azubi-amelie-bewerbung-1.png\" class=\"mobile-image img-fluid mb-3 d-md-none\" alt=\"Programm f\u00fcr engagierte Azubis bei Dehner\" srcset=\"https:\/\/www.dehner.de\/jobs\/app\/uploads\/sites\/7\/2024\/07\/torte-etappenziele-dehner-azubi-amelie-bewerbung-1.png 570w, https:\/\/www.dehner.de\/jobs\/app\/uploads\/sites\/7\/2024\/07\/torte-etappenziele-dehner-azubi-amelie-bewerbung-1-300x258.png 300w, https:\/\/www.dehner.de\/jobs\/app\/uploads\/sites\/7\/2024\/07\/torte-etappenziele-dehner-azubi-amelie-bewerbung-1-150x129.png 150w\" sizes=\"auto, (max-width: 570px) 100vw, 570px\" \/>                        <h3 class=\"font-h4 toggler toggler-down-md\">Wie werde ich Gipfelst\u00fcrmer*in?<\/h3>        <\/a>\n        <div class=\"collapse text show\" id=\"block_634feea5d81eb\" data-parent=\"main\">\n            <p>Das Junior-Kolleg ist ein Potenzialprogramm f\u00fcr unsere Fach- und F\u00fchrungskr\u00e4fte von morgen. Einige Auszubildende bei Dehner versp\u00fcren schon in der Lehrzeit das Gef\u00fchl, dass \u201eda noch etwas geht\u201c oder \u201esie hoch hinaus wollen\u201c \u2013 dann ist der Zeitpunkt erreicht und eine interne Bewerbung ist f\u00e4llig. Aber nicht irgendeine Bewerbung! Wir setzen bei Dehner auf Kreativit\u00e4t, Selbtreflexion, Motivation und die klare Formulierung \u00fcber sich hinaus wachsen zu wollen. Jedes Jahr im Juli ist es soweit und wir erhalten im HR-Bereich Young Talents die verr\u00fccktesten Kreativbewerbungen unserer Standorte Deutschland und \u00d6sterreich. Von einer 3-st\u00f6ckigen Torte mit Etappenzielen, \u00fcber perfekt geschnittene Bewerbungsvideos mit pers\u00f6nlichen Einblicken oder handgefertigeten Holzwerken ist alles dabei. Gute Schulnoten und eine \u00fcberdurchschnittlich gute Beurteilung der F\u00fchrungkraft runden eine perfekte Bewerbung ab.<\/p>\n                    <\/div>                <\/div>\n            \n        <\/div>\n    <\/div>\n<\/section>\n\n\n<section class=\"block-img-txt text-50-img-50 pb-4\">\n    <div class=\"container\">\n        <div class=\"row\">\n                            <div class=\"col-md-6 pb-4 d-none d-md-block image\">\n                    <img loading=\"lazy\" decoding=\"async\" width=\"570\" height=\"520\" src=\"https:\/\/www.dehner.de\/jobs\/app\/uploads\/sites\/7\/2024\/07\/vision-board-dehner-junior-kolleg-2023-1.png\" class=\"img-cover\" alt=\"Junior Kolleg Jahrgang 2023 bei Dehner\" srcset=\"https:\/\/www.dehner.de\/jobs\/app\/uploads\/sites\/7\/2024\/07\/vision-board-dehner-junior-kolleg-2023-1.png 570w, https:\/\/www.dehner.de\/jobs\/app\/uploads\/sites\/7\/2024\/07\/vision-board-dehner-junior-kolleg-2023-1-300x274.png 300w, https:\/\/www.dehner.de\/jobs\/app\/uploads\/sites\/7\/2024\/07\/vision-board-dehner-junior-kolleg-2023-1-150x137.png 150w\" sizes=\"auto, (max-width: 570px) 100vw, 570px\" \/>                <\/div>\n                <div class=\"col-md-6 df fc jcc body\">\n                            <a href=\"#\" class=\"toggler toggler-down-md toggler-hide\" data-toggle=\"collapse\" data-target=\"#block_6228842905e9b\" aria-expanded=\"true\" aria-controls=\"block_6228842905e9b\">\n                            <img loading=\"lazy\" decoding=\"async\" width=\"570\" height=\"520\" src=\"https:\/\/www.dehner.de\/jobs\/app\/uploads\/sites\/7\/2024\/07\/vision-board-dehner-junior-kolleg-2023-1.png\" class=\"mobile-image img-fluid mb-3 d-md-none\" alt=\"Junior Kolleg Jahrgang 2023 bei Dehner\" srcset=\"https:\/\/www.dehner.de\/jobs\/app\/uploads\/sites\/7\/2024\/07\/vision-board-dehner-junior-kolleg-2023-1.png 570w, https:\/\/www.dehner.de\/jobs\/app\/uploads\/sites\/7\/2024\/07\/vision-board-dehner-junior-kolleg-2023-1-300x274.png 300w, https:\/\/www.dehner.de\/jobs\/app\/uploads\/sites\/7\/2024\/07\/vision-board-dehner-junior-kolleg-2023-1-150x137.png 150w\" sizes=\"auto, (max-width: 570px) 100vw, 570px\" \/>                        <h3 class=\"font-h4 toggler toggler-down-md\">Der Weg ist das Ziel\u2026 <\/h3>        <\/a>\n        <div class=\"collapse text show\" id=\"block_6228842905e9b\" data-parent=\"main\">\n            <p>Konfuzius hatte recht \u2013 \u201eDer Weg ist das Ziel\u201c, das stellen wir in jedem Jahrgang immer wieder fest. In vier spannenden Modulen und einem Azubi-Teamprojekt wird bildlich gesprochen der Gipfel erklommen. Zu Beginn geht es viel darum, sich als Team zu finden, offen \u00fcber seine Ziele, aber auch \u00c4ngste zu sprechen. \u00dcbernachtet wird im Baumhaushotel und auch beim Teambuilding im Kletterpark wird das Vertrauen gest\u00e4rkt. Im digitalen Modul lernen die Azubis, worauf es bei gelungener Kommunikation ankommt und wie abwechslungsreich auch virtuelle Meetings sein k\u00f6nnen. Ab Modul drei stehen alle Uhren auf das gro\u00dfe Teamprojekt wie z.B.: \u201eAzubis f\u00fchren einen Markt\u201c, bei dem die erwachsenen Mitarbeitenden durch Azubis ausgetauscht werden. Von A wie \u201eAufschlie\u00dfen des Marktes\u201c bis Z wie \u201eZootier-Verkauf\u201c wird alles selbst gemacht \u2013 eine gro\u00dfe Verantwortung.<\/p>\n                    <\/div>                <\/div>\n            \n        <\/div>\n    <\/div>\n<\/section>\n\n\n<section class=\"block-img-txt img-50-text-50 pb-4\">\n    <div class=\"container\">\n        <div class=\"row\">\n                            <div class=\"col-md-6 pb-4 d-none d-md-block image\">\n                    <img loading=\"lazy\" decoding=\"async\" width=\"570\" height=\"480\" src=\"https:\/\/www.dehner.de\/jobs\/app\/uploads\/sites\/7\/2024\/07\/dehner-berge-azubis-geschafft-1.png\" class=\"img-cover\" alt=\"H\u00fcttenwanderung der Azubis vom Junior Kolleg\" srcset=\"https:\/\/www.dehner.de\/jobs\/app\/uploads\/sites\/7\/2024\/07\/dehner-berge-azubis-geschafft-1.png 570w, https:\/\/www.dehner.de\/jobs\/app\/uploads\/sites\/7\/2024\/07\/dehner-berge-azubis-geschafft-1-300x253.png 300w, https:\/\/www.dehner.de\/jobs\/app\/uploads\/sites\/7\/2024\/07\/dehner-berge-azubis-geschafft-1-150x126.png 150w\" sizes=\"auto, (max-width: 570px) 100vw, 570px\" \/>                <\/div>\n                <div class=\"col-md-6 df fc jcc body\">\n                            <a href=\"#\" class=\"toggler toggler-down-md toggler-hide\" data-toggle=\"collapse\" data-target=\"#block_6228844805e9c\" aria-expanded=\"true\" aria-controls=\"block_6228844805e9c\">\n                            <img loading=\"lazy\" decoding=\"async\" width=\"570\" height=\"480\" src=\"https:\/\/www.dehner.de\/jobs\/app\/uploads\/sites\/7\/2024\/07\/dehner-berge-azubis-geschafft-1.png\" class=\"mobile-image img-fluid mb-3 d-md-none\" alt=\"H\u00fcttenwanderung der Azubis vom Junior Kolleg\" srcset=\"https:\/\/www.dehner.de\/jobs\/app\/uploads\/sites\/7\/2024\/07\/dehner-berge-azubis-geschafft-1.png 570w, https:\/\/www.dehner.de\/jobs\/app\/uploads\/sites\/7\/2024\/07\/dehner-berge-azubis-geschafft-1-300x253.png 300w, https:\/\/www.dehner.de\/jobs\/app\/uploads\/sites\/7\/2024\/07\/dehner-berge-azubis-geschafft-1-150x126.png 150w\" sizes=\"auto, (max-width: 570px) 100vw, 570px\" \/>                        <h3 class=\"font-h4 toggler toggler-down-md\">Die Aussicht vom Gipfel ist sch\u00f6n <\/h3>        <\/a>\n        <div class=\"collapse text show\" id=\"block_6228844805e9c\" data-parent=\"main\">\n            <p>Das letzte St\u00fcck bis zum Gipfel ist schnell erreicht, erfordert jedoch alle Kraft. Der Tag X ist gekommen und das Projekt steht vor der T\u00fcr. Jetzt m\u00fcssen unsere Azubis ihre Leistung zeigen und beweisen, was sie alles gelernt haben. Voller Stolz werden die Ergebnisse dann auch vor den F\u00fchrungskr\u00e4ften pr\u00e4sentiert. Nicht nur bildlich wird der Gipfel erklommen \u2013 im Modul 4 steht auch eine H\u00fcttenwanderung zu einer Selbstversorgerh\u00fctte an, eine Erfahrung, die viele zum ersten Mal erleben. Es zeigt sich, wie gut das Team aufeinander eingestellt ist und gelernt hat, sich gegenseitig zu unterst\u00fctzen. Schwere Rucks\u00e4cke werden getauscht und das Essen f\u00fcr die Zeit auf der H\u00fctte wird fair auf alle Schultern verteilt. Und dann hei\u00dft es Abschied nehmen \u2026 nat\u00fcrlich nicht von Dehner, aber von der Reise zum Berg \u201eJunior-Kolleg\u201c. Eins ist gewiss: Der \u201eErfahrungs-Rucksack\u201c ist danach prall gef\u00fcllt.<\/p>\n                    <\/div>                <\/div>\n            \n        <\/div>\n    <\/div>\n<\/section>\n","protected":false},"excerpt":{"rendered":"","protected":false},"featured_media":27919,"parent":0,"template":"","blog_category":[454],"class_list":["post-27869","blog","type-blog","status-publish","has-post-thumbnail","hentry","blog_category-ausbildung"],"acf":[],"yoast_head":"<!-- This site is optimized with the Yoast SEO plugin v24.5 - https:\/\/yoast.com\/wordpress\/plugins\/seo\/ -->\n<title>Gipfelst\u00fcrmer-Programm f\u00fcr Dehner-Azubis<\/title>\n<meta name=\"description\" content=\"Gipfelst\u00fcrmer-Programm: Junior Kolleg f\u00fcr Azubis \u2713 Karrieref\u00f6rderung \u2713 Spannende Herausforderungen \u2713 Pers\u00f6nliches Wachstum \u27a4 Mehr erfahren!\" \/>\n<meta name=\"robots\" content=\"index, follow, max-snippet:-1, max-image-preview:large, max-video-preview:-1\" \/>\n<link rel=\"canonical\" href=\"https:\/\/www.dehner.de\/jobs\/blogbeitrag\/gipfelstuermer-programm-fuer-dehner-azubis-das-junior-kolleg\/\" \/>\n<meta property=\"og:locale\" content=\"de_DE\" \/>\n<meta property=\"og:type\" content=\"article\" \/>\n<meta property=\"og:title\" content=\"Gipfelst\u00fcrmer-Programm f\u00fcr Dehner-Azubis\" \/>\n<meta property=\"og:description\" content=\"Gipfelst\u00fcrmer-Programm: Junior Kolleg f\u00fcr Azubis \u2713 Karrieref\u00f6rderung \u2713 Spannende Herausforderungen \u2713 Pers\u00f6nliches Wachstum \u27a4 Mehr erfahren!\" \/>\n<meta property=\"og:url\" content=\"https:\/\/www.dehner.de\/jobs\/blogbeitrag\/gipfelstuermer-programm-fuer-dehner-azubis-das-junior-kolleg\/\" \/>\n<meta property=\"og:site_name\" content=\"Karriere bei Dehner\" \/>\n<meta property=\"article:modified_time\" content=\"2025-02-24T13:58:36+00:00\" \/>\n<meta property=\"og:image\" content=\"https:\/\/www.dehner.de\/jobs\/app\/uploads\/sites\/7\/2024\/07\/header-dehner-aussicht.png\" \/>\n\t<meta property=\"og:image:width\" content=\"1920\" \/>\n\t<meta property=\"og:image:height\" content=\"500\" \/>\n\t<meta property=\"og:image:type\" content=\"image\/png\" \/>\n<meta name=\"twitter:card\" content=\"summary_large_image\" \/>\n<meta name=\"twitter:label1\" content=\"Est. reading time\" \/>\n\t<meta name=\"twitter:data1\" content=\"4 Minuten\" \/>\n<script type=\"application\/ld+json\" class=\"yoast-schema-graph\">{\"@context\":\"https:\/\/schema.org\",\"@graph\":[{\"@type\":\"WebPage\",\"@id\":\"https:\/\/www.dehner.de\/jobs\/blogbeitrag\/gipfelstuermer-programm-fuer-dehner-azubis-das-junior-kolleg\/\",\"url\":\"https:\/\/www.dehner.de\/jobs\/blogbeitrag\/gipfelstuermer-programm-fuer-dehner-azubis-das-junior-kolleg\/\",\"name\":\"Gipfelst\u00fcrmer-Programm f\u00fcr Dehner-Azubis\",\"isPartOf\":{\"@id\":\"https:\/\/www.dehner.de\/jobs\/#website\"},\"primaryImageOfPage\":{\"@id\":\"https:\/\/www.dehner.de\/jobs\/blogbeitrag\/gipfelstuermer-programm-fuer-dehner-azubis-das-junior-kolleg\/#primaryimage\"},\"image\":{\"@id\":\"https:\/\/www.dehner.de\/jobs\/blogbeitrag\/gipfelstuermer-programm-fuer-dehner-azubis-das-junior-kolleg\/#primaryimage\"},\"thumbnailUrl\":\"https:\/\/www.dehner.de\/jobs\/app\/uploads\/sites\/7\/2024\/07\/header-dehner-aussicht.png\",\"datePublished\":\"2024-07-29T06:00:00+00:00\",\"dateModified\":\"2025-02-24T13:58:36+00:00\",\"description\":\"Gipfelst\u00fcrmer-Programm: Junior Kolleg f\u00fcr Azubis \u2713 Karrieref\u00f6rderung \u2713 Spannende Herausforderungen \u2713 Pers\u00f6nliches Wachstum \u27a4 Mehr erfahren!\",\"breadcrumb\":{\"@id\":\"https:\/\/www.dehner.de\/jobs\/blogbeitrag\/gipfelstuermer-programm-fuer-dehner-azubis-das-junior-kolleg\/#breadcrumb\"},\"inLanguage\":\"de-DE\",\"potentialAction\":[{\"@type\":\"ReadAction\",\"target\":[\"https:\/\/www.dehner.de\/jobs\/blogbeitrag\/gipfelstuermer-programm-fuer-dehner-azubis-das-junior-kolleg\/\"]}]},{\"@type\":\"ImageObject\",\"inLanguage\":\"de-DE\",\"@id\":\"https:\/\/www.dehner.de\/jobs\/blogbeitrag\/gipfelstuermer-programm-fuer-dehner-azubis-das-junior-kolleg\/#primaryimage\",\"url\":\"https:\/\/www.dehner.de\/jobs\/app\/uploads\/sites\/7\/2024\/07\/header-dehner-aussicht.png\",\"contentUrl\":\"https:\/\/www.dehner.de\/jobs\/app\/uploads\/sites\/7\/2024\/07\/header-dehner-aussicht.png\",\"width\":1920,\"height\":500,\"caption\":\"Potenzialprogramm bei Dehner\"},{\"@type\":\"BreadcrumbList\",\"@id\":\"https:\/\/www.dehner.de\/jobs\/blogbeitrag\/gipfelstuermer-programm-fuer-dehner-azubis-das-junior-kolleg\/#breadcrumb\",\"itemListElement\":[{\"@type\":\"ListItem\",\"position\":1,\"name\":\"Home\",\"item\":\"https:\/\/www.dehner.de\/jobs\/\"},{\"@type\":\"ListItem\",\"position\":2,\"name\":\"Gipfelst\u00fcrmer-Programm f\u00fcr Dehner Azubis \u2013 DAS Junior-Kolleg\"}]},{\"@type\":\"WebSite\",\"@id\":\"https:\/\/www.dehner.de\/jobs\/#website\",\"url\":\"https:\/\/www.dehner.de\/jobs\/\",\"name\":\"Karriere bei Dehner\",\"description\":\"Die Storys unserer Personalbotschafter\",\"publisher\":{\"@id\":\"https:\/\/www.dehner.de\/jobs\/#organization\"},\"potentialAction\":[{\"@type\":\"SearchAction\",\"target\":{\"@type\":\"EntryPoint\",\"urlTemplate\":\"https:\/\/www.dehner.de\/jobs\/?s={search_term_string}\"},\"query-input\":{\"@type\":\"PropertyValueSpecification\",\"valueRequired\":true,\"valueName\":\"search_term_string\"}}],\"inLanguage\":\"de-DE\"},{\"@type\":\"Organization\",\"@id\":\"https:\/\/www.dehner.de\/jobs\/#organization\",\"name\":\"Karriere bei Dehner\",\"url\":\"https:\/\/www.dehner.de\/jobs\/\",\"logo\":{\"@type\":\"ImageObject\",\"inLanguage\":\"de-DE\",\"@id\":\"https:\/\/www.dehner.de\/jobs\/#\/schema\/logo\/image\/\",\"url\":\"https:\/\/www.dehner.de\/jobs\/app\/uploads\/sites\/7\/2025\/12\/dehner-garten-center-koenigsbrunn-revitalisierung-neubau-umbau.png\",\"contentUrl\":\"https:\/\/www.dehner.de\/jobs\/app\/uploads\/sites\/7\/2025\/12\/dehner-garten-center-koenigsbrunn-revitalisierung-neubau-umbau.png\",\"width\":800,\"height\":1315,\"caption\":\"Karriere bei Dehner\"},\"image\":{\"@id\":\"https:\/\/www.dehner.de\/jobs\/#\/schema\/logo\/image\/\"}}]}<\/script>\n<!-- \/ Yoast SEO plugin. -->","yoast_head_json":{"title":"Gipfelst\u00fcrmer-Programm f\u00fcr Dehner-Azubis","description":"Gipfelst\u00fcrmer-Programm: Junior Kolleg f\u00fcr Azubis \u2713 Karrieref\u00f6rderung \u2713 Spannende Herausforderungen \u2713 Pers\u00f6nliches Wachstum \u27a4 Mehr erfahren!","robots":{"index":"index","follow":"follow","max-snippet":"max-snippet:-1","max-image-preview":"max-image-preview:large","max-video-preview":"max-video-preview:-1"},"canonical":"https:\/\/www.dehner.de\/jobs\/blogbeitrag\/gipfelstuermer-programm-fuer-dehner-azubis-das-junior-kolleg\/","og_locale":"de_DE","og_type":"article","og_title":"Gipfelst\u00fcrmer-Programm f\u00fcr Dehner-Azubis","og_description":"Gipfelst\u00fcrmer-Programm: Junior Kolleg f\u00fcr Azubis \u2713 Karrieref\u00f6rderung \u2713 Spannende Herausforderungen \u2713 Pers\u00f6nliches Wachstum \u27a4 Mehr erfahren!","og_url":"https:\/\/www.dehner.de\/jobs\/blogbeitrag\/gipfelstuermer-programm-fuer-dehner-azubis-das-junior-kolleg\/","og_site_name":"Karriere bei Dehner","article_modified_time":"2025-02-24T13:58:36+00:00","og_image":[{"width":1920,"height":500,"url":"https:\/\/www.dehner.de\/jobs\/app\/uploads\/sites\/7\/2024\/07\/header-dehner-aussicht.png","type":"image\/png"}],"twitter_card":"summary_large_image","twitter_misc":{"Est. reading time":"4 Minuten"},"schema":{"@context":"https:\/\/schema.org","@graph":[{"@type":"WebPage","@id":"https:\/\/www.dehner.de\/jobs\/blogbeitrag\/gipfelstuermer-programm-fuer-dehner-azubis-das-junior-kolleg\/","url":"https:\/\/www.dehner.de\/jobs\/blogbeitrag\/gipfelstuermer-programm-fuer-dehner-azubis-das-junior-kolleg\/","name":"Gipfelst\u00fcrmer-Programm f\u00fcr Dehner-Azubis","isPartOf":{"@id":"https:\/\/www.dehner.de\/jobs\/#website"},"primaryImageOfPage":{"@id":"https:\/\/www.dehner.de\/jobs\/blogbeitrag\/gipfelstuermer-programm-fuer-dehner-azubis-das-junior-kolleg\/#primaryimage"},"image":{"@id":"https:\/\/www.dehner.de\/jobs\/blogbeitrag\/gipfelstuermer-programm-fuer-dehner-azubis-das-junior-kolleg\/#primaryimage"},"thumbnailUrl":"https:\/\/www.dehner.de\/jobs\/app\/uploads\/sites\/7\/2024\/07\/header-dehner-aussicht.png","datePublished":"2024-07-29T06:00:00+00:00","dateModified":"2025-02-24T13:58:36+00:00","description":"Gipfelst\u00fcrmer-Programm: Junior Kolleg f\u00fcr Azubis \u2713 Karrieref\u00f6rderung \u2713 Spannende Herausforderungen \u2713 Pers\u00f6nliches Wachstum \u27a4 Mehr erfahren!","breadcrumb":{"@id":"https:\/\/www.dehner.de\/jobs\/blogbeitrag\/gipfelstuermer-programm-fuer-dehner-azubis-das-junior-kolleg\/#breadcrumb"},"inLanguage":"de-DE","potentialAction":[{"@type":"ReadAction","target":["https:\/\/www.dehner.de\/jobs\/blogbeitrag\/gipfelstuermer-programm-fuer-dehner-azubis-das-junior-kolleg\/"]}]},{"@type":"ImageObject","inLanguage":"de-DE","@id":"https:\/\/www.dehner.de\/jobs\/blogbeitrag\/gipfelstuermer-programm-fuer-dehner-azubis-das-junior-kolleg\/#primaryimage","url":"https:\/\/www.dehner.de\/jobs\/app\/uploads\/sites\/7\/2024\/07\/header-dehner-aussicht.png","contentUrl":"https:\/\/www.dehner.de\/jobs\/app\/uploads\/sites\/7\/2024\/07\/header-dehner-aussicht.png","width":1920,"height":500,"caption":"Potenzialprogramm bei Dehner"},{"@type":"BreadcrumbList","@id":"https:\/\/www.dehner.de\/jobs\/blogbeitrag\/gipfelstuermer-programm-fuer-dehner-azubis-das-junior-kolleg\/#breadcrumb","itemListElement":[{"@type":"ListItem","position":1,"name":"Home","item":"https:\/\/www.dehner.de\/jobs\/"},{"@type":"ListItem","position":2,"name":"Gipfelst\u00fcrmer-Programm f\u00fcr Dehner Azubis \u2013 DAS Junior-Kolleg"}]},{"@type":"WebSite","@id":"https:\/\/www.dehner.de\/jobs\/#website","url":"https:\/\/www.dehner.de\/jobs\/","name":"Karriere bei Dehner","description":"Die Storys unserer Personalbotschafter","publisher":{"@id":"https:\/\/www.dehner.de\/jobs\/#organization"},"potentialAction":[{"@type":"SearchAction","target":{"@type":"EntryPoint","urlTemplate":"https:\/\/www.dehner.de\/jobs\/?s={search_term_string}"},"query-input":{"@type":"PropertyValueSpecification","valueRequired":true,"valueName":"search_term_string"}}],"inLanguage":"de-DE"},{"@type":"Organization","@id":"https:\/\/www.dehner.de\/jobs\/#organization","name":"Karriere bei Dehner","url":"https:\/\/www.dehner.de\/jobs\/","logo":{"@type":"ImageObject","inLanguage":"de-DE","@id":"https:\/\/www.dehner.de\/jobs\/#\/schema\/logo\/image\/","url":"https:\/\/www.dehner.de\/jobs\/app\/uploads\/sites\/7\/2025\/12\/dehner-garten-center-koenigsbrunn-revitalisierung-neubau-umbau.png","contentUrl":"https:\/\/www.dehner.de\/jobs\/app\/uploads\/sites\/7\/2025\/12\/dehner-garten-center-koenigsbrunn-revitalisierung-neubau-umbau.png","width":800,"height":1315,"caption":"Karriere bei Dehner"},"image":{"@id":"https:\/\/www.dehner.de\/jobs\/#\/schema\/logo\/image\/"}}]}},"_links":{"self":[{"href":"https:\/\/www.dehner.de\/jobs\/wp-json\/wp\/v2\/blog\/27869","targetHints":{"allow":["GET"]}}],"collection":[{"href":"https:\/\/www.dehner.de\/jobs\/wp-json\/wp\/v2\/blog"}],"about":[{"href":"https:\/\/www.dehner.de\/jobs\/wp-json\/wp\/v2\/types\/blog"}],"version-history":[{"count":7,"href":"https:\/\/www.dehner.de\/jobs\/wp-json\/wp\/v2\/blog\/27869\/revisions"}],"predecessor-version":[{"id":27891,"href":"https:\/\/www.dehner.de\/jobs\/wp-json\/wp\/v2\/blog\/27869\/revisions\/27891"}],"wp:featuredmedia":[{"embeddable":true,"href":"https:\/\/www.dehner.de\/jobs\/wp-json\/wp\/v2\/media\/27919"}],"wp:attachment":[{"href":"https:\/\/www.dehner.de\/jobs\/wp-json\/wp\/v2\/media?parent=27869"}],"wp:term":[{"taxonomy":"blog_category","embeddable":true,"href":"https:\/\/www.dehner.de\/jobs\/wp-json\/wp\/v2\/blog_category?post=27869"}],"curies":[{"name":"wp","href":"https:\/\/api.w.org\/{rel}","templated":true}]}}