{"id":27339,"date":"2024-06-03T08:00:00","date_gmt":"2024-06-03T06:00:00","guid":{"rendered":"https:\/\/www.dehner.de\/jobs\/?post_type=blog&#038;p=27339"},"modified":"2025-02-24T13:50:00","modified_gmt":"2025-02-24T12:50:00","slug":"mein-duales-studium-bei-dehner-1-praxisphase-in-der-vertriebsorganisation","status":"publish","type":"blog","link":"https:\/\/www.dehner.de\/jobs\/blogbeitrag\/mein-duales-studium-bei-dehner-1-praxisphase-in-der-vertriebsorganisation\/","title":{"rendered":"Mein duales Studium bei Dehner: Erste Praxisphase in der Vertriebsorganisation"},"content":{"rendered":"<section class=\"block-img-txt img-50-text-50 pb-4\">\n    <div class=\"container\">\n        <div class=\"row\">\n                            <div class=\"col-md-6 pb-4 d-none d-md-block image\">\n                                    <\/div>\n                <div class=\"col-md-6 df fc jcc body\">\n                                                        <div class=\"text\">\n                    <\/div>\n                                <\/div>\n            \n        <\/div>\n    <\/div>\n<\/section>\n\n\n<section class=\"block-img-txt img-50-text-50 pb-4\">\n    <div class=\"container\">\n        <div class=\"row\">\n                            <div class=\"col-md-6 pb-4 d-none d-md-block image\">\n                    <img loading=\"lazy\" decoding=\"async\" width=\"570\" height=\"880\" src=\"https:\/\/www.dehner.de\/jobs\/app\/uploads\/sites\/7\/2024\/05\/duale-studenten-dehner-jahrgang-2023.png\" class=\"img-cover\" alt=\"Duale Studenten bei Dehner\" srcset=\"https:\/\/www.dehner.de\/jobs\/app\/uploads\/sites\/7\/2024\/05\/duale-studenten-dehner-jahrgang-2023.png 570w, https:\/\/www.dehner.de\/jobs\/app\/uploads\/sites\/7\/2024\/05\/duale-studenten-dehner-jahrgang-2023-194x300.png 194w, https:\/\/www.dehner.de\/jobs\/app\/uploads\/sites\/7\/2024\/05\/duale-studenten-dehner-jahrgang-2023-97x150.png 97w\" sizes=\"auto, (max-width: 570px) 100vw, 570px\" \/>                <\/div>\n                <div class=\"col-md-6 df fc jcc body\">\n                            <a href=\"#\" class=\"toggler toggler-down-md toggler-hide\" data-toggle=\"collapse\" data-target=\"#block_634feea5d81eb\" aria-expanded=\"true\" aria-controls=\"block_634feea5d81eb\">\n                            <img loading=\"lazy\" decoding=\"async\" width=\"570\" height=\"880\" src=\"https:\/\/www.dehner.de\/jobs\/app\/uploads\/sites\/7\/2024\/05\/duale-studenten-dehner-jahrgang-2023.png\" class=\"mobile-image img-fluid mb-3 d-md-none\" alt=\"Duale Studenten bei Dehner\" srcset=\"https:\/\/www.dehner.de\/jobs\/app\/uploads\/sites\/7\/2024\/05\/duale-studenten-dehner-jahrgang-2023.png 570w, https:\/\/www.dehner.de\/jobs\/app\/uploads\/sites\/7\/2024\/05\/duale-studenten-dehner-jahrgang-2023-194x300.png 194w, https:\/\/www.dehner.de\/jobs\/app\/uploads\/sites\/7\/2024\/05\/duale-studenten-dehner-jahrgang-2023-97x150.png 97w\" sizes=\"auto, (max-width: 570px) 100vw, 570px\" \/>                        <h3 class=\"font-h4 toggler toggler-down-md\">Wie lief meine erste Praxisphase in der VTO bei Dehner ab?<\/h3>        <\/a>\n        <div class=\"collapse text show\" id=\"block_634feea5d81eb\" data-parent=\"main\">\n            <p>Etwa zwei Wochen vor dem Start meines dualen Studiums fand ein Treffen mit allen Student*innen des neuen Jahrgangs bei Dehner statt. Das war eine super Gelegenheit, die anderen Studierenden sowie die Abteilung f\u00fcr die erste Praxisphase bereits vor dem offiziellen Beginn des Studiums kennenzulernen. Das erleichterte den Start und nahm mir auch einen Gro\u00dfteil meiner Nervosit\u00e4t, da die Arbeitsumgebung an meinem ersten Tag schon bekannt war.<\/p>\n<p>Anfang Oktober 2023 war es dann so weit: Ich lernte meine Kolleg*innen aus der Abteilung Vertriebsorganisation kennen und bekam die ersten Aufgaben zugeteilt. Die Eingliederung ins Team lief reibungslos und total unkompliziert ab. Schnell bekam ich neue und gr\u00f6\u00dfere Aufgaben sowie Projekte zugeteilt. Dazu geh\u00f6rte z.B. die Vertriebskommunikation zwischen dem Dienstleistungszentrum am Firmensitz in Rain und den einzelnen M\u00e4rkten in Deutschland und \u00d6sterreich. Hier fungiert die Vertriebsorganisation als Bindeglied zwischen den Fachbereichen und den Garten-Centern. Ein weiteres Projekt, f\u00fcr das ich zust\u00e4ndig war, war die Optimierung der Gutscheinvermarktung bei Dehner. In dieser Zeit sammelte ich viele positive Eindr\u00fccke \u00fcber Dehner. Nicht nur das breite Aufgabenspektrum bringt viel Abwechslung in den Arbeitsalltag, sondern auch das gemeinschaftliche Miteinander wird hier gro\u00dfgeschrieben. So absolvierten wir z.B. als Abteilung gemeinsam den Dehner Firmenlauf und verbrachten einen sch\u00f6nen Abend auf dem Weihnachtsmarkt. Nach dieser gelungenen ersten Praxisphase startete die erste Theoriephase an der DHBW Heidenheim Anfang Januar 2024.<\/p>\n                    <\/div>                <\/div>\n            \n        <\/div>\n    <\/div>\n<\/section>\n\n\n<section class=\"block-img-txt text-50-img-50 pb-4\">\n    <div class=\"container\">\n        <div class=\"row\">\n                            <div class=\"col-md-6 pb-4 d-none d-md-block image\">\n                    <img loading=\"lazy\" decoding=\"async\" width=\"570\" height=\"920\" src=\"https:\/\/www.dehner.de\/jobs\/app\/uploads\/sites\/7\/2024\/05\/duales-studium-dehner-dhbw-heidenheim.png\" class=\"img-cover\" alt=\"Dehner Studierende an der DHBW in Heidenheim\" srcset=\"https:\/\/www.dehner.de\/jobs\/app\/uploads\/sites\/7\/2024\/05\/duales-studium-dehner-dhbw-heidenheim.png 570w, https:\/\/www.dehner.de\/jobs\/app\/uploads\/sites\/7\/2024\/05\/duales-studium-dehner-dhbw-heidenheim-186x300.png 186w, https:\/\/www.dehner.de\/jobs\/app\/uploads\/sites\/7\/2024\/05\/duales-studium-dehner-dhbw-heidenheim-93x150.png 93w\" sizes=\"auto, (max-width: 570px) 100vw, 570px\" \/>                <\/div>\n                <div class=\"col-md-6 df fc jcc body\">\n                            <a href=\"#\" class=\"toggler toggler-down-md toggler-hide\" data-toggle=\"collapse\" data-target=\"#block_6228842905e9b\" aria-expanded=\"true\" aria-controls=\"block_6228842905e9b\">\n                            <img loading=\"lazy\" decoding=\"async\" width=\"570\" height=\"920\" src=\"https:\/\/www.dehner.de\/jobs\/app\/uploads\/sites\/7\/2024\/05\/duales-studium-dehner-dhbw-heidenheim.png\" class=\"mobile-image img-fluid mb-3 d-md-none\" alt=\"Dehner Studierende an der DHBW in Heidenheim\" srcset=\"https:\/\/www.dehner.de\/jobs\/app\/uploads\/sites\/7\/2024\/05\/duales-studium-dehner-dhbw-heidenheim.png 570w, https:\/\/www.dehner.de\/jobs\/app\/uploads\/sites\/7\/2024\/05\/duales-studium-dehner-dhbw-heidenheim-186x300.png 186w, https:\/\/www.dehner.de\/jobs\/app\/uploads\/sites\/7\/2024\/05\/duales-studium-dehner-dhbw-heidenheim-93x150.png 93w\" sizes=\"auto, (max-width: 570px) 100vw, 570px\" \/>                        <h3 class=\"font-h4 toggler toggler-down-md\">Was erwartet Dich in der Theoriephase an der DHBW Heidenheim?<\/h3>        <\/a>\n        <div class=\"collapse text show\" id=\"block_6228842905e9b\" data-parent=\"main\">\n            <p>Die dreimonatige Theoriephase findet im Regelfall immer im Wechsel mit einer dreimonatigen Praxisphase bei Dehner statt. Die drei Monate an der Hochschule bestehen \u00fcberwiegend aus vielen Vorlesungen in Pr\u00e4senz oder auch online in den unterschiedlichsten F\u00e4chern. Dabei bietet das Modulhandbuch eine breite Auswahl. In meinem ersten Theoriesemester lag der Fokus zum Beispiel auf den F\u00e4chern Marketing, Betriebswirtschaftslehre oder Supply Chain Management. Am Ende eines jeden Semesters geht es dann in die hei\u00dfe Phase: Die Klausuren stehen an. Aus den Klausurergebnissen und anderen Abgaben, wie Hausarbeiten oder Pr\u00e4sentationen, setzt sich dann die Note des einzelnen Fachs zusammen. Die Pr\u00fcfungsphase ist eine intensive und anspruchsvolle Zeit, die aber mit einem entsprechenden Lernaufwand und Motivation gut zu bew\u00e4ltigen ist.<\/p>\n<p>Meine drei Lerntipps:<\/p>\n<ol>\n<li>Plane Deinen Lernstoff fr\u00fchzeitig und erstelle einen realistischen Zeitplan.<\/li>\n<li>Lerne in kurzen, regelm\u00e4\u00dfigen Intervallen statt in langen Marathonsitzungen.<\/li>\n<li>Nutze Lerngruppen, um schwierige Themen gemeinsam zu erarbeiten und motiviert zu bleiben.<\/li>\n<\/ol>\n<p>Abseits vom Alltag an der Hochschule erwartet Dich in Heidenheim auch ein guter Ausgleich zum Lernen an der DHBW. So organisiert die Studierendenvertretung Hochschulsport, Partys und sonstige Events. Des Weiteren bietet Heidenheim weitere Freizeitm\u00f6glichkeiten, wie der Besuch des Schloss Hellensteins oder ein Besuch des 1.FC Heidenheims in der Voith Arena auf dem Schlossberg.<\/p>\n                    <\/div>                <\/div>\n            \n        <\/div>\n    <\/div>\n<\/section>\n\n\n<section class=\"block-img-txt img-50-text-50 pb-4\">\n    <div class=\"container\">\n        <div class=\"row\">\n                            <div class=\"col-md-6 pb-4 d-none d-md-block image\">\n                    <img loading=\"lazy\" decoding=\"async\" width=\"570\" height=\"560\" src=\"https:\/\/www.dehner.de\/jobs\/app\/uploads\/sites\/7\/2024\/05\/duales-studium-dehner-praxisphase-vertrieb.png\" class=\"img-cover\" alt=\"Praxisphase in der Dehner Vertriebsorganisation\" srcset=\"https:\/\/www.dehner.de\/jobs\/app\/uploads\/sites\/7\/2024\/05\/duales-studium-dehner-praxisphase-vertrieb.png 570w, https:\/\/www.dehner.de\/jobs\/app\/uploads\/sites\/7\/2024\/05\/duales-studium-dehner-praxisphase-vertrieb-300x295.png 300w, https:\/\/www.dehner.de\/jobs\/app\/uploads\/sites\/7\/2024\/05\/duales-studium-dehner-praxisphase-vertrieb-150x147.png 150w, https:\/\/www.dehner.de\/jobs\/app\/uploads\/sites\/7\/2024\/05\/duales-studium-dehner-praxisphase-vertrieb-75x75.png 75w\" sizes=\"auto, (max-width: 570px) 100vw, 570px\" \/>                <\/div>\n                <div class=\"col-md-6 df fc jcc body\">\n                            <a href=\"#\" class=\"toggler toggler-down-md toggler-hide\" data-toggle=\"collapse\" data-target=\"#block_6228844805e9c\" aria-expanded=\"true\" aria-controls=\"block_6228844805e9c\">\n                            <img loading=\"lazy\" decoding=\"async\" width=\"570\" height=\"560\" src=\"https:\/\/www.dehner.de\/jobs\/app\/uploads\/sites\/7\/2024\/05\/duales-studium-dehner-praxisphase-vertrieb.png\" class=\"mobile-image img-fluid mb-3 d-md-none\" alt=\"Praxisphase in der Dehner Vertriebsorganisation\" srcset=\"https:\/\/www.dehner.de\/jobs\/app\/uploads\/sites\/7\/2024\/05\/duales-studium-dehner-praxisphase-vertrieb.png 570w, https:\/\/www.dehner.de\/jobs\/app\/uploads\/sites\/7\/2024\/05\/duales-studium-dehner-praxisphase-vertrieb-300x295.png 300w, https:\/\/www.dehner.de\/jobs\/app\/uploads\/sites\/7\/2024\/05\/duales-studium-dehner-praxisphase-vertrieb-150x147.png 150w, https:\/\/www.dehner.de\/jobs\/app\/uploads\/sites\/7\/2024\/05\/duales-studium-dehner-praxisphase-vertrieb-75x75.png 75w\" sizes=\"auto, (max-width: 570px) 100vw, 570px\" \/>                        <h3 class=\"font-h4 toggler toggler-down-md\">Warum solltest Du dual bei Dehner studieren?<\/h3>        <\/a>\n        <div class=\"collapse text show\" id=\"block_6228844805e9c\" data-parent=\"main\">\n            <p>Ein duales Studium bei Dehner zahlt sich aus vielen Gr\u00fcnden aus. Dazu geh\u00f6ren die spannenden und abwechslungsreichen T\u00e4tigkeiten, die Du in den verschiedenen Abteilungen w\u00e4hrend der Praxisphase erlebst. Hierbei findet eine direkte Verzahnung von der Theorie aus dem Studium und Deinen Erfahrungen aus der Praxis statt. Des Weiteren bietet Dehner individuelle Aufstiegs- und Weiterbildungsm\u00f6glichkeiten. Doch damit nicht genug: Dich erwartet eine attraktive Verg\u00fctung und auch von diversen Sozialleistungen kannst Du profitieren. Von Tag eins an sp\u00fcrst Du die wertsch\u00e4tzende Willkommenskultur und arbeitest in einem famili\u00e4ren Team, dass sich gegenseitig unterst\u00fctzt. Das Familienunternehmen in der dritten Generation ist der perfekte Ort, Dich selbst weiterzuentwickeln und einen gelungenen Start in Deine berufliche Karriere zu erleben.<\/p>\n<p>Lust bekommen auf ein duales Studium? Dann bewirb Dich jetzt <a href=\"https:\/\/www.dehner.de\/jobs\/jobmarkt\/?tax=435\">hier<\/a>.<\/p>\n                    <\/div>                <\/div>\n            \n        <\/div>\n    <\/div>\n<\/section>\n","protected":false},"excerpt":{"rendered":"","protected":false},"featured_media":27346,"parent":0,"template":"","blog_category":[475],"class_list":["post-27339","blog","type-blog","status-publish","has-post-thumbnail","hentry","blog_category-duales-studium"],"acf":[],"yoast_head":"<!-- This site is optimized with the Yoast SEO plugin v24.5 - https:\/\/yoast.com\/wordpress\/plugins\/seo\/ -->\n<title>Mein duales Studium bei Dehner \u2013 1. Praxisphase<\/title>\n<meta name=\"description\" content=\"Dual studieren bei Dehner \u27a4 Timo gibt Einblicke in die Theorie- und Praxisphasen\" \/>\n<meta name=\"robots\" content=\"index, follow, max-snippet:-1, max-image-preview:large, max-video-preview:-1\" \/>\n<link rel=\"canonical\" href=\"https:\/\/www.dehner.de\/jobs\/blogbeitrag\/mein-duales-studium-bei-dehner-1-praxisphase-in-der-vertriebsorganisation\/\" \/>\n<meta property=\"og:locale\" content=\"de_DE\" \/>\n<meta property=\"og:type\" content=\"article\" \/>\n<meta property=\"og:title\" content=\"Mein duales Studium bei Dehner \u2013 1. Praxisphase\" \/>\n<meta property=\"og:description\" content=\"Dual studieren bei Dehner \u27a4 Timo gibt Einblicke in die Theorie- und Praxisphasen\" \/>\n<meta property=\"og:url\" content=\"https:\/\/www.dehner.de\/jobs\/blogbeitrag\/mein-duales-studium-bei-dehner-1-praxisphase-in-der-vertriebsorganisation\/\" \/>\n<meta property=\"og:site_name\" content=\"Karriere bei Dehner\" \/>\n<meta property=\"article:modified_time\" content=\"2025-02-24T12:50:00+00:00\" \/>\n<meta property=\"og:image\" content=\"https:\/\/www.dehner.de\/jobs\/app\/uploads\/sites\/7\/2024\/05\/duales-studium-heidenheim-bwl-handel-dehner.png\" \/>\n\t<meta property=\"og:image:width\" content=\"1920\" \/>\n\t<meta property=\"og:image:height\" content=\"500\" \/>\n\t<meta property=\"og:image:type\" content=\"image\/png\" \/>\n<meta name=\"twitter:card\" content=\"summary_large_image\" \/>\n<meta name=\"twitter:label1\" content=\"Est. reading time\" \/>\n\t<meta name=\"twitter:data1\" content=\"5 Minuten\" \/>\n<script type=\"application\/ld+json\" class=\"yoast-schema-graph\">{\"@context\":\"https:\/\/schema.org\",\"@graph\":[{\"@type\":\"WebPage\",\"@id\":\"https:\/\/www.dehner.de\/jobs\/blogbeitrag\/mein-duales-studium-bei-dehner-1-praxisphase-in-der-vertriebsorganisation\/\",\"url\":\"https:\/\/www.dehner.de\/jobs\/blogbeitrag\/mein-duales-studium-bei-dehner-1-praxisphase-in-der-vertriebsorganisation\/\",\"name\":\"Mein duales Studium bei Dehner \u2013 1. Praxisphase\",\"isPartOf\":{\"@id\":\"https:\/\/www.dehner.de\/jobs\/#website\"},\"primaryImageOfPage\":{\"@id\":\"https:\/\/www.dehner.de\/jobs\/blogbeitrag\/mein-duales-studium-bei-dehner-1-praxisphase-in-der-vertriebsorganisation\/#primaryimage\"},\"image\":{\"@id\":\"https:\/\/www.dehner.de\/jobs\/blogbeitrag\/mein-duales-studium-bei-dehner-1-praxisphase-in-der-vertriebsorganisation\/#primaryimage\"},\"thumbnailUrl\":\"https:\/\/www.dehner.de\/jobs\/app\/uploads\/sites\/7\/2024\/05\/duales-studium-heidenheim-bwl-handel-dehner.png\",\"datePublished\":\"2024-06-03T06:00:00+00:00\",\"dateModified\":\"2025-02-24T12:50:00+00:00\",\"description\":\"Dual studieren bei Dehner \u27a4 Timo gibt Einblicke in die Theorie- und Praxisphasen\",\"breadcrumb\":{\"@id\":\"https:\/\/www.dehner.de\/jobs\/blogbeitrag\/mein-duales-studium-bei-dehner-1-praxisphase-in-der-vertriebsorganisation\/#breadcrumb\"},\"inLanguage\":\"de-DE\",\"potentialAction\":[{\"@type\":\"ReadAction\",\"target\":[\"https:\/\/www.dehner.de\/jobs\/blogbeitrag\/mein-duales-studium-bei-dehner-1-praxisphase-in-der-vertriebsorganisation\/\"]}]},{\"@type\":\"ImageObject\",\"inLanguage\":\"de-DE\",\"@id\":\"https:\/\/www.dehner.de\/jobs\/blogbeitrag\/mein-duales-studium-bei-dehner-1-praxisphase-in-der-vertriebsorganisation\/#primaryimage\",\"url\":\"https:\/\/www.dehner.de\/jobs\/app\/uploads\/sites\/7\/2024\/05\/duales-studium-heidenheim-bwl-handel-dehner.png\",\"contentUrl\":\"https:\/\/www.dehner.de\/jobs\/app\/uploads\/sites\/7\/2024\/05\/duales-studium-heidenheim-bwl-handel-dehner.png\",\"width\":1920,\"height\":500,\"caption\":\"Duales Studium BWL-Handel bei Dehner\"},{\"@type\":\"BreadcrumbList\",\"@id\":\"https:\/\/www.dehner.de\/jobs\/blogbeitrag\/mein-duales-studium-bei-dehner-1-praxisphase-in-der-vertriebsorganisation\/#breadcrumb\",\"itemListElement\":[{\"@type\":\"ListItem\",\"position\":1,\"name\":\"Home\",\"item\":\"https:\/\/www.dehner.de\/jobs\/\"},{\"@type\":\"ListItem\",\"position\":2,\"name\":\"Mein duales Studium bei Dehner: Erste Praxisphase in der Vertriebsorganisation\"}]},{\"@type\":\"WebSite\",\"@id\":\"https:\/\/www.dehner.de\/jobs\/#website\",\"url\":\"https:\/\/www.dehner.de\/jobs\/\",\"name\":\"Karriere bei Dehner\",\"description\":\"Die Storys unserer Personalbotschafter\",\"publisher\":{\"@id\":\"https:\/\/www.dehner.de\/jobs\/#organization\"},\"potentialAction\":[{\"@type\":\"SearchAction\",\"target\":{\"@type\":\"EntryPoint\",\"urlTemplate\":\"https:\/\/www.dehner.de\/jobs\/?s={search_term_string}\"},\"query-input\":{\"@type\":\"PropertyValueSpecification\",\"valueRequired\":true,\"valueName\":\"search_term_string\"}}],\"inLanguage\":\"de-DE\"},{\"@type\":\"Organization\",\"@id\":\"https:\/\/www.dehner.de\/jobs\/#organization\",\"name\":\"Karriere bei Dehner\",\"url\":\"https:\/\/www.dehner.de\/jobs\/\",\"logo\":{\"@type\":\"ImageObject\",\"inLanguage\":\"de-DE\",\"@id\":\"https:\/\/www.dehner.de\/jobs\/#\/schema\/logo\/image\/\",\"url\":\"https:\/\/www.dehner.de\/jobs\/app\/uploads\/sites\/7\/2025\/12\/dehner-garten-center-koenigsbrunn-revitalisierung-neubau-umbau.png\",\"contentUrl\":\"https:\/\/www.dehner.de\/jobs\/app\/uploads\/sites\/7\/2025\/12\/dehner-garten-center-koenigsbrunn-revitalisierung-neubau-umbau.png\",\"width\":800,\"height\":1315,\"caption\":\"Karriere bei Dehner\"},\"image\":{\"@id\":\"https:\/\/www.dehner.de\/jobs\/#\/schema\/logo\/image\/\"}}]}<\/script>\n<!-- \/ Yoast SEO plugin. -->","yoast_head_json":{"title":"Mein duales Studium bei Dehner \u2013 1. Praxisphase","description":"Dual studieren bei Dehner \u27a4 Timo gibt Einblicke in die Theorie- und Praxisphasen","robots":{"index":"index","follow":"follow","max-snippet":"max-snippet:-1","max-image-preview":"max-image-preview:large","max-video-preview":"max-video-preview:-1"},"canonical":"https:\/\/www.dehner.de\/jobs\/blogbeitrag\/mein-duales-studium-bei-dehner-1-praxisphase-in-der-vertriebsorganisation\/","og_locale":"de_DE","og_type":"article","og_title":"Mein duales Studium bei Dehner \u2013 1. Praxisphase","og_description":"Dual studieren bei Dehner \u27a4 Timo gibt Einblicke in die Theorie- und Praxisphasen","og_url":"https:\/\/www.dehner.de\/jobs\/blogbeitrag\/mein-duales-studium-bei-dehner-1-praxisphase-in-der-vertriebsorganisation\/","og_site_name":"Karriere bei Dehner","article_modified_time":"2025-02-24T12:50:00+00:00","og_image":[{"width":1920,"height":500,"url":"https:\/\/www.dehner.de\/jobs\/app\/uploads\/sites\/7\/2024\/05\/duales-studium-heidenheim-bwl-handel-dehner.png","type":"image\/png"}],"twitter_card":"summary_large_image","twitter_misc":{"Est. reading time":"5 Minuten"},"schema":{"@context":"https:\/\/schema.org","@graph":[{"@type":"WebPage","@id":"https:\/\/www.dehner.de\/jobs\/blogbeitrag\/mein-duales-studium-bei-dehner-1-praxisphase-in-der-vertriebsorganisation\/","url":"https:\/\/www.dehner.de\/jobs\/blogbeitrag\/mein-duales-studium-bei-dehner-1-praxisphase-in-der-vertriebsorganisation\/","name":"Mein duales Studium bei Dehner \u2013 1. Praxisphase","isPartOf":{"@id":"https:\/\/www.dehner.de\/jobs\/#website"},"primaryImageOfPage":{"@id":"https:\/\/www.dehner.de\/jobs\/blogbeitrag\/mein-duales-studium-bei-dehner-1-praxisphase-in-der-vertriebsorganisation\/#primaryimage"},"image":{"@id":"https:\/\/www.dehner.de\/jobs\/blogbeitrag\/mein-duales-studium-bei-dehner-1-praxisphase-in-der-vertriebsorganisation\/#primaryimage"},"thumbnailUrl":"https:\/\/www.dehner.de\/jobs\/app\/uploads\/sites\/7\/2024\/05\/duales-studium-heidenheim-bwl-handel-dehner.png","datePublished":"2024-06-03T06:00:00+00:00","dateModified":"2025-02-24T12:50:00+00:00","description":"Dual studieren bei Dehner \u27a4 Timo gibt Einblicke in die Theorie- und Praxisphasen","breadcrumb":{"@id":"https:\/\/www.dehner.de\/jobs\/blogbeitrag\/mein-duales-studium-bei-dehner-1-praxisphase-in-der-vertriebsorganisation\/#breadcrumb"},"inLanguage":"de-DE","potentialAction":[{"@type":"ReadAction","target":["https:\/\/www.dehner.de\/jobs\/blogbeitrag\/mein-duales-studium-bei-dehner-1-praxisphase-in-der-vertriebsorganisation\/"]}]},{"@type":"ImageObject","inLanguage":"de-DE","@id":"https:\/\/www.dehner.de\/jobs\/blogbeitrag\/mein-duales-studium-bei-dehner-1-praxisphase-in-der-vertriebsorganisation\/#primaryimage","url":"https:\/\/www.dehner.de\/jobs\/app\/uploads\/sites\/7\/2024\/05\/duales-studium-heidenheim-bwl-handel-dehner.png","contentUrl":"https:\/\/www.dehner.de\/jobs\/app\/uploads\/sites\/7\/2024\/05\/duales-studium-heidenheim-bwl-handel-dehner.png","width":1920,"height":500,"caption":"Duales Studium BWL-Handel bei Dehner"},{"@type":"BreadcrumbList","@id":"https:\/\/www.dehner.de\/jobs\/blogbeitrag\/mein-duales-studium-bei-dehner-1-praxisphase-in-der-vertriebsorganisation\/#breadcrumb","itemListElement":[{"@type":"ListItem","position":1,"name":"Home","item":"https:\/\/www.dehner.de\/jobs\/"},{"@type":"ListItem","position":2,"name":"Mein duales Studium bei Dehner: Erste Praxisphase in der Vertriebsorganisation"}]},{"@type":"WebSite","@id":"https:\/\/www.dehner.de\/jobs\/#website","url":"https:\/\/www.dehner.de\/jobs\/","name":"Karriere bei Dehner","description":"Die Storys unserer Personalbotschafter","publisher":{"@id":"https:\/\/www.dehner.de\/jobs\/#organization"},"potentialAction":[{"@type":"SearchAction","target":{"@type":"EntryPoint","urlTemplate":"https:\/\/www.dehner.de\/jobs\/?s={search_term_string}"},"query-input":{"@type":"PropertyValueSpecification","valueRequired":true,"valueName":"search_term_string"}}],"inLanguage":"de-DE"},{"@type":"Organization","@id":"https:\/\/www.dehner.de\/jobs\/#organization","name":"Karriere bei Dehner","url":"https:\/\/www.dehner.de\/jobs\/","logo":{"@type":"ImageObject","inLanguage":"de-DE","@id":"https:\/\/www.dehner.de\/jobs\/#\/schema\/logo\/image\/","url":"https:\/\/www.dehner.de\/jobs\/app\/uploads\/sites\/7\/2025\/12\/dehner-garten-center-koenigsbrunn-revitalisierung-neubau-umbau.png","contentUrl":"https:\/\/www.dehner.de\/jobs\/app\/uploads\/sites\/7\/2025\/12\/dehner-garten-center-koenigsbrunn-revitalisierung-neubau-umbau.png","width":800,"height":1315,"caption":"Karriere bei Dehner"},"image":{"@id":"https:\/\/www.dehner.de\/jobs\/#\/schema\/logo\/image\/"}}]}},"_links":{"self":[{"href":"https:\/\/www.dehner.de\/jobs\/wp-json\/wp\/v2\/blog\/27339","targetHints":{"allow":["GET"]}}],"collection":[{"href":"https:\/\/www.dehner.de\/jobs\/wp-json\/wp\/v2\/blog"}],"about":[{"href":"https:\/\/www.dehner.de\/jobs\/wp-json\/wp\/v2\/types\/blog"}],"version-history":[{"count":16,"href":"https:\/\/www.dehner.de\/jobs\/wp-json\/wp\/v2\/blog\/27339\/revisions"}],"predecessor-version":[{"id":27463,"href":"https:\/\/www.dehner.de\/jobs\/wp-json\/wp\/v2\/blog\/27339\/revisions\/27463"}],"wp:featuredmedia":[{"embeddable":true,"href":"https:\/\/www.dehner.de\/jobs\/wp-json\/wp\/v2\/media\/27346"}],"wp:attachment":[{"href":"https:\/\/www.dehner.de\/jobs\/wp-json\/wp\/v2\/media?parent=27339"}],"wp:term":[{"taxonomy":"blog_category","embeddable":true,"href":"https:\/\/www.dehner.de\/jobs\/wp-json\/wp\/v2\/blog_category?post=27339"}],"curies":[{"name":"wp","href":"https:\/\/api.w.org\/{rel}","templated":true}]}}