{"id":26554,"date":"2024-03-26T08:00:00","date_gmt":"2024-03-26T07:00:00","guid":{"rendered":"https:\/\/www.dehner.de\/jobs\/?post_type=blog&#038;p=26554"},"modified":"2025-02-24T15:38:51","modified_gmt":"2025-02-24T14:38:51","slug":"vom-nice-to-have-zum-must-have-nachhaltigkeit","status":"publish","type":"blog","link":"https:\/\/www.dehner.de\/jobs\/blogbeitrag\/vom-nice-to-have-zum-must-have-nachhaltigkeit\/","title":{"rendered":"Vom \u201enice to have\u201c zum \u201emust have\u201c: Nachhaltigkeit"},"content":{"rendered":"<section class=\"block-img-txt img-50-text-50 pb-4\">\n    <div class=\"container\">\n        <div class=\"row\">\n                            <div class=\"col-md-6 pb-4 d-none d-md-block image\">\n                                    <\/div>\n                <div class=\"col-md-6 df fc jcc body\">\n                                                        <div class=\"text\">\n                    <\/div>\n                                <\/div>\n            \n        <\/div>\n    <\/div>\n<\/section>\n\n\n<section class=\"block-img-txt text-50-img-50 pb-4\">\n    <div class=\"container\">\n        <div class=\"row\">\n                            <div class=\"col-md-6 pb-4 d-none d-md-block image\">\n                    <img loading=\"lazy\" decoding=\"async\" width=\"570\" height=\"825\" src=\"https:\/\/www.dehner.de\/jobs\/app\/uploads\/sites\/7\/2024\/03\/senior-manager-nachhaltigkeit-dehner-4.png\" class=\"img-cover\" alt=\"Senior Manager Nachhaltigkeit bei Dehner\" srcset=\"https:\/\/www.dehner.de\/jobs\/app\/uploads\/sites\/7\/2024\/03\/senior-manager-nachhaltigkeit-dehner-4.png 570w, https:\/\/www.dehner.de\/jobs\/app\/uploads\/sites\/7\/2024\/03\/senior-manager-nachhaltigkeit-dehner-4-207x300.png 207w, https:\/\/www.dehner.de\/jobs\/app\/uploads\/sites\/7\/2024\/03\/senior-manager-nachhaltigkeit-dehner-4-104x150.png 104w\" sizes=\"auto, (max-width: 570px) 100vw, 570px\" \/>                <\/div>\n                <div class=\"col-md-6 df fc jcc body\">\n                            <a href=\"#\" class=\"toggler toggler-down-md toggler-hide\" data-toggle=\"collapse\" data-target=\"#block_650a87c65af78\" aria-expanded=\"true\" aria-controls=\"block_650a87c65af78\">\n                            <img loading=\"lazy\" decoding=\"async\" width=\"570\" height=\"825\" src=\"https:\/\/www.dehner.de\/jobs\/app\/uploads\/sites\/7\/2024\/03\/senior-manager-nachhaltigkeit-dehner-4.png\" class=\"mobile-image img-fluid mb-3 d-md-none\" alt=\"Senior Manager Nachhaltigkeit bei Dehner\" srcset=\"https:\/\/www.dehner.de\/jobs\/app\/uploads\/sites\/7\/2024\/03\/senior-manager-nachhaltigkeit-dehner-4.png 570w, https:\/\/www.dehner.de\/jobs\/app\/uploads\/sites\/7\/2024\/03\/senior-manager-nachhaltigkeit-dehner-4-207x300.png 207w, https:\/\/www.dehner.de\/jobs\/app\/uploads\/sites\/7\/2024\/03\/senior-manager-nachhaltigkeit-dehner-4-104x150.png 104w\" sizes=\"auto, (max-width: 570px) 100vw, 570px\" \/>                        <h3 class=\"font-h4 toggler toggler-down-md\">Senior Manager Nachhaltigkeit<\/h3>        <\/a>\n        <div class=\"collapse text show\" id=\"block_650a87c65af78\" data-parent=\"main\">\n            <p><strong>Wer bist Du und was machst Du bei Dehner?<\/strong><br \/>\nHi, ich bin Johannes, 32 Jahre alt und seit Januar 2024 als Senior Manager Nachhaltigkeit bei der Dehner-Gruppe t\u00e4tig.<\/p>\n<p><strong>Wie bist Du ausgerechnet auf das Thema \u201eNachhaltigkeit\u201c gekommen?<br \/>\n<\/strong>Ich wurde stark durch meine Schulzeit gepr\u00e4gt. Bereits in meiner Facharbeit in der 12. Klasse habe ich mich mit einem Teil dieses Themenkomplexes auseinandergesetzt.<\/p>\n<p><strong>Wie sieht Dein Arbeitsalltag als Senior Manager Nachhaltigkeit aus?<br \/>\n<\/strong>Da ich noch relativ frisch in meiner Position bin, geht es in den ersten Monaten vor allem darum, die bisherigen Initiativen der Dehner-Gruppe im Bereich Nachhaltigkeit kennenzulernen. Hier setze ich vor allem auf einen intensiven Austausch mit den zust\u00e4ndigen Kolleg*innen. So durfte ich schon einige Initiativen kennenlernen, die bereits angesto\u00dfen wurden. Hier geht es beispielsweise um Ma\u00dfnahmen, die zur Plastik oder Energie-Reduzierung beitragen. Nach Abschluss der Status-Quo-Analyse geht es darum, die gewonnen Erkenntnisse zusammenzuf\u00fchren, diese zu strukturieren und in eine mit der Gesch\u00e4ftsf\u00fchrung entwickelte ganzheitliche Nachhaltigkeitsstrategie m\u00fcnden zu lassen. Das Thema Nachhaltigkeit ist vom \u201enice to have\u201c zum \u201emust have\u201c geworden und \u00fcber alle relevanten Facetten der Nachhaltigkeit muss zuk\u00fcnftig auch im Lagebericht des Unternehmens berichtet werden. Es m\u00fcssen Prozesse entwickelt werden, sodass zuk\u00fcnftig alle notwendigen Daten erfasst werden und anschlie\u00dfend mit Zielvorgaben hinterlegt werden k\u00f6nnen.<\/p>\n                    <\/div>                <\/div>\n            \n        <\/div>\n    <\/div>\n<\/section>\n\n\n<section class=\"block-img-txt img-50-text-50 pb-4\">\n    <div class=\"container\">\n        <div class=\"row\">\n                            <div class=\"col-md-6 pb-4 d-none d-md-block image\">\n                    <img loading=\"lazy\" decoding=\"async\" width=\"570\" height=\"390\" src=\"https:\/\/www.dehner.de\/jobs\/app\/uploads\/sites\/7\/2024\/03\/nachhaltigkeit-dehner-co2-umweltschutz.png\" class=\"img-cover\" alt=\"Umweltschutz bei Dehner\" srcset=\"https:\/\/www.dehner.de\/jobs\/app\/uploads\/sites\/7\/2024\/03\/nachhaltigkeit-dehner-co2-umweltschutz.png 570w, https:\/\/www.dehner.de\/jobs\/app\/uploads\/sites\/7\/2024\/03\/nachhaltigkeit-dehner-co2-umweltschutz-300x205.png 300w, https:\/\/www.dehner.de\/jobs\/app\/uploads\/sites\/7\/2024\/03\/nachhaltigkeit-dehner-co2-umweltschutz-150x103.png 150w\" sizes=\"auto, (max-width: 570px) 100vw, 570px\" \/>                <\/div>\n                <div class=\"col-md-6 df fc jcc body\">\n                            <a href=\"#\" class=\"toggler toggler-down-md toggler-hide\" data-toggle=\"collapse\" data-target=\"#block_650a884b5af79\" aria-expanded=\"true\" aria-controls=\"block_650a884b5af79\">\n                            <img loading=\"lazy\" decoding=\"async\" width=\"570\" height=\"390\" src=\"https:\/\/www.dehner.de\/jobs\/app\/uploads\/sites\/7\/2024\/03\/nachhaltigkeit-dehner-co2-umweltschutz.png\" class=\"mobile-image img-fluid mb-3 d-md-none\" alt=\"Umweltschutz bei Dehner\" srcset=\"https:\/\/www.dehner.de\/jobs\/app\/uploads\/sites\/7\/2024\/03\/nachhaltigkeit-dehner-co2-umweltschutz.png 570w, https:\/\/www.dehner.de\/jobs\/app\/uploads\/sites\/7\/2024\/03\/nachhaltigkeit-dehner-co2-umweltschutz-300x205.png 300w, https:\/\/www.dehner.de\/jobs\/app\/uploads\/sites\/7\/2024\/03\/nachhaltigkeit-dehner-co2-umweltschutz-150x103.png 150w\" sizes=\"auto, (max-width: 570px) 100vw, 570px\" \/>                        <h3 class=\"font-h4 toggler toggler-down-md\">Welcher Themenkomplex besch\u00e4ftigt Dich aktuell am meisten?<\/h3>        <\/a>\n        <div class=\"collapse text show\" id=\"block_650a884b5af79\" data-parent=\"main\">\n            <p>Ich besch\u00e4ftige mich aktuell intensiv mit der Treibhausgasbilanzierung. Konkret geht es darum, die direkten und indirekten Emissionen zu erfassen und diese CO<sub>2<\/sub>-\u00c4quivalente zu aggregieren. Die Transparenz, die wir hier aber auch in anderen Bereichen schaffen, bietet eine super M\u00f6glichkeit, um Handlungsfelder zu eruieren und diese anschlie\u00dfend mit der Gesch\u00e4ftsf\u00fchrung zu priorisieren. Denn nur wer misst, kann anschlie\u00dfend seine Handlungen managen.<\/p>\n                    <\/div>                <\/div>\n            \n        <\/div>\n    <\/div>\n<\/section>\n","protected":false},"excerpt":{"rendered":"","protected":false},"featured_media":26560,"parent":0,"template":"","blog_category":[453],"class_list":["post-26554","blog","type-blog","status-publish","has-post-thumbnail","hentry","blog_category-jobeinblicke"],"acf":[],"yoast_head":"<!-- This site is optimized with the Yoast SEO plugin v24.5 - https:\/\/yoast.com\/wordpress\/plugins\/seo\/ -->\n<title>Nachhaltigkeit \u2013 Vom Nice-to-have zum Must-have<\/title>\n<meta name=\"description\" content=\"Nachhaltigkeit bei Dehner: Senior Manager Johannes berichtet \u27a4 Jetzt lesen\" \/>\n<meta name=\"robots\" content=\"index, follow, max-snippet:-1, max-image-preview:large, max-video-preview:-1\" \/>\n<link rel=\"canonical\" href=\"https:\/\/www.dehner.de\/jobs\/blogbeitrag\/vom-nice-to-have-zum-must-have-nachhaltigkeit\/\" \/>\n<meta property=\"og:locale\" content=\"de_DE\" \/>\n<meta property=\"og:type\" content=\"article\" \/>\n<meta property=\"og:title\" content=\"Nachhaltigkeit \u2013 Vom Nice-to-have zum Must-have\" \/>\n<meta property=\"og:description\" content=\"Nachhaltigkeit bei Dehner: Senior Manager Johannes berichtet \u27a4 Jetzt lesen\" \/>\n<meta property=\"og:url\" content=\"https:\/\/www.dehner.de\/jobs\/blogbeitrag\/vom-nice-to-have-zum-must-have-nachhaltigkeit\/\" \/>\n<meta property=\"og:site_name\" content=\"Karriere bei Dehner\" \/>\n<meta property=\"article:modified_time\" content=\"2025-02-24T14:38:51+00:00\" \/>\n<meta property=\"og:image\" content=\"https:\/\/www.dehner.de\/jobs\/app\/uploads\/sites\/7\/2024\/03\/nachhaltigkeit-dehner-umweltschutz.png\" \/>\n\t<meta property=\"og:image:width\" content=\"1920\" \/>\n\t<meta property=\"og:image:height\" content=\"500\" \/>\n\t<meta property=\"og:image:type\" content=\"image\/png\" \/>\n<meta name=\"twitter:card\" content=\"summary_large_image\" \/>\n<meta name=\"twitter:label1\" content=\"Est. reading time\" \/>\n\t<meta name=\"twitter:data1\" content=\"3 Minuten\" \/>\n<script type=\"application\/ld+json\" class=\"yoast-schema-graph\">{\"@context\":\"https:\/\/schema.org\",\"@graph\":[{\"@type\":\"WebPage\",\"@id\":\"https:\/\/www.dehner.de\/jobs\/blogbeitrag\/vom-nice-to-have-zum-must-have-nachhaltigkeit\/\",\"url\":\"https:\/\/www.dehner.de\/jobs\/blogbeitrag\/vom-nice-to-have-zum-must-have-nachhaltigkeit\/\",\"name\":\"Nachhaltigkeit \u2013 Vom Nice-to-have zum Must-have\",\"isPartOf\":{\"@id\":\"https:\/\/www.dehner.de\/jobs\/#website\"},\"primaryImageOfPage\":{\"@id\":\"https:\/\/www.dehner.de\/jobs\/blogbeitrag\/vom-nice-to-have-zum-must-have-nachhaltigkeit\/#primaryimage\"},\"image\":{\"@id\":\"https:\/\/www.dehner.de\/jobs\/blogbeitrag\/vom-nice-to-have-zum-must-have-nachhaltigkeit\/#primaryimage\"},\"thumbnailUrl\":\"https:\/\/www.dehner.de\/jobs\/app\/uploads\/sites\/7\/2024\/03\/nachhaltigkeit-dehner-umweltschutz.png\",\"datePublished\":\"2024-03-26T07:00:00+00:00\",\"dateModified\":\"2025-02-24T14:38:51+00:00\",\"description\":\"Nachhaltigkeit bei Dehner: Senior Manager Johannes berichtet \u27a4 Jetzt lesen\",\"breadcrumb\":{\"@id\":\"https:\/\/www.dehner.de\/jobs\/blogbeitrag\/vom-nice-to-have-zum-must-have-nachhaltigkeit\/#breadcrumb\"},\"inLanguage\":\"de-DE\",\"potentialAction\":[{\"@type\":\"ReadAction\",\"target\":[\"https:\/\/www.dehner.de\/jobs\/blogbeitrag\/vom-nice-to-have-zum-must-have-nachhaltigkeit\/\"]}]},{\"@type\":\"ImageObject\",\"inLanguage\":\"de-DE\",\"@id\":\"https:\/\/www.dehner.de\/jobs\/blogbeitrag\/vom-nice-to-have-zum-must-have-nachhaltigkeit\/#primaryimage\",\"url\":\"https:\/\/www.dehner.de\/jobs\/app\/uploads\/sites\/7\/2024\/03\/nachhaltigkeit-dehner-umweltschutz.png\",\"contentUrl\":\"https:\/\/www.dehner.de\/jobs\/app\/uploads\/sites\/7\/2024\/03\/nachhaltigkeit-dehner-umweltschutz.png\",\"width\":1920,\"height\":500,\"caption\":\"Europas gr\u00f6\u00dfte Garten-Center-Gruppe setzt sich f\u00fcr Nachhaltigkeit ein\"},{\"@type\":\"BreadcrumbList\",\"@id\":\"https:\/\/www.dehner.de\/jobs\/blogbeitrag\/vom-nice-to-have-zum-must-have-nachhaltigkeit\/#breadcrumb\",\"itemListElement\":[{\"@type\":\"ListItem\",\"position\":1,\"name\":\"Home\",\"item\":\"https:\/\/www.dehner.de\/jobs\/\"},{\"@type\":\"ListItem\",\"position\":2,\"name\":\"Vom \u201enice to have\u201c zum \u201emust have\u201c: Nachhaltigkeit\"}]},{\"@type\":\"WebSite\",\"@id\":\"https:\/\/www.dehner.de\/jobs\/#website\",\"url\":\"https:\/\/www.dehner.de\/jobs\/\",\"name\":\"Karriere bei Dehner\",\"description\":\"Die Storys unserer Personalbotschafter\",\"publisher\":{\"@id\":\"https:\/\/www.dehner.de\/jobs\/#organization\"},\"potentialAction\":[{\"@type\":\"SearchAction\",\"target\":{\"@type\":\"EntryPoint\",\"urlTemplate\":\"https:\/\/www.dehner.de\/jobs\/?s={search_term_string}\"},\"query-input\":{\"@type\":\"PropertyValueSpecification\",\"valueRequired\":true,\"valueName\":\"search_term_string\"}}],\"inLanguage\":\"de-DE\"},{\"@type\":\"Organization\",\"@id\":\"https:\/\/www.dehner.de\/jobs\/#organization\",\"name\":\"Karriere bei Dehner\",\"url\":\"https:\/\/www.dehner.de\/jobs\/\",\"logo\":{\"@type\":\"ImageObject\",\"inLanguage\":\"de-DE\",\"@id\":\"https:\/\/www.dehner.de\/jobs\/#\/schema\/logo\/image\/\",\"url\":\"https:\/\/www.dehner.de\/jobs\/app\/uploads\/sites\/7\/2025\/12\/dehner-garten-center-koenigsbrunn-revitalisierung-neubau-umbau.png\",\"contentUrl\":\"https:\/\/www.dehner.de\/jobs\/app\/uploads\/sites\/7\/2025\/12\/dehner-garten-center-koenigsbrunn-revitalisierung-neubau-umbau.png\",\"width\":800,\"height\":1315,\"caption\":\"Karriere bei Dehner\"},\"image\":{\"@id\":\"https:\/\/www.dehner.de\/jobs\/#\/schema\/logo\/image\/\"}}]}<\/script>\n<!-- \/ Yoast SEO plugin. -->","yoast_head_json":{"title":"Nachhaltigkeit \u2013 Vom Nice-to-have zum Must-have","description":"Nachhaltigkeit bei Dehner: Senior Manager Johannes berichtet \u27a4 Jetzt lesen","robots":{"index":"index","follow":"follow","max-snippet":"max-snippet:-1","max-image-preview":"max-image-preview:large","max-video-preview":"max-video-preview:-1"},"canonical":"https:\/\/www.dehner.de\/jobs\/blogbeitrag\/vom-nice-to-have-zum-must-have-nachhaltigkeit\/","og_locale":"de_DE","og_type":"article","og_title":"Nachhaltigkeit \u2013 Vom Nice-to-have zum Must-have","og_description":"Nachhaltigkeit bei Dehner: Senior Manager Johannes berichtet \u27a4 Jetzt lesen","og_url":"https:\/\/www.dehner.de\/jobs\/blogbeitrag\/vom-nice-to-have-zum-must-have-nachhaltigkeit\/","og_site_name":"Karriere bei Dehner","article_modified_time":"2025-02-24T14:38:51+00:00","og_image":[{"width":1920,"height":500,"url":"https:\/\/www.dehner.de\/jobs\/app\/uploads\/sites\/7\/2024\/03\/nachhaltigkeit-dehner-umweltschutz.png","type":"image\/png"}],"twitter_card":"summary_large_image","twitter_misc":{"Est. reading time":"3 Minuten"},"schema":{"@context":"https:\/\/schema.org","@graph":[{"@type":"WebPage","@id":"https:\/\/www.dehner.de\/jobs\/blogbeitrag\/vom-nice-to-have-zum-must-have-nachhaltigkeit\/","url":"https:\/\/www.dehner.de\/jobs\/blogbeitrag\/vom-nice-to-have-zum-must-have-nachhaltigkeit\/","name":"Nachhaltigkeit \u2013 Vom Nice-to-have zum Must-have","isPartOf":{"@id":"https:\/\/www.dehner.de\/jobs\/#website"},"primaryImageOfPage":{"@id":"https:\/\/www.dehner.de\/jobs\/blogbeitrag\/vom-nice-to-have-zum-must-have-nachhaltigkeit\/#primaryimage"},"image":{"@id":"https:\/\/www.dehner.de\/jobs\/blogbeitrag\/vom-nice-to-have-zum-must-have-nachhaltigkeit\/#primaryimage"},"thumbnailUrl":"https:\/\/www.dehner.de\/jobs\/app\/uploads\/sites\/7\/2024\/03\/nachhaltigkeit-dehner-umweltschutz.png","datePublished":"2024-03-26T07:00:00+00:00","dateModified":"2025-02-24T14:38:51+00:00","description":"Nachhaltigkeit bei Dehner: Senior Manager Johannes berichtet \u27a4 Jetzt lesen","breadcrumb":{"@id":"https:\/\/www.dehner.de\/jobs\/blogbeitrag\/vom-nice-to-have-zum-must-have-nachhaltigkeit\/#breadcrumb"},"inLanguage":"de-DE","potentialAction":[{"@type":"ReadAction","target":["https:\/\/www.dehner.de\/jobs\/blogbeitrag\/vom-nice-to-have-zum-must-have-nachhaltigkeit\/"]}]},{"@type":"ImageObject","inLanguage":"de-DE","@id":"https:\/\/www.dehner.de\/jobs\/blogbeitrag\/vom-nice-to-have-zum-must-have-nachhaltigkeit\/#primaryimage","url":"https:\/\/www.dehner.de\/jobs\/app\/uploads\/sites\/7\/2024\/03\/nachhaltigkeit-dehner-umweltschutz.png","contentUrl":"https:\/\/www.dehner.de\/jobs\/app\/uploads\/sites\/7\/2024\/03\/nachhaltigkeit-dehner-umweltschutz.png","width":1920,"height":500,"caption":"Europas gr\u00f6\u00dfte Garten-Center-Gruppe setzt sich f\u00fcr Nachhaltigkeit ein"},{"@type":"BreadcrumbList","@id":"https:\/\/www.dehner.de\/jobs\/blogbeitrag\/vom-nice-to-have-zum-must-have-nachhaltigkeit\/#breadcrumb","itemListElement":[{"@type":"ListItem","position":1,"name":"Home","item":"https:\/\/www.dehner.de\/jobs\/"},{"@type":"ListItem","position":2,"name":"Vom \u201enice to have\u201c zum \u201emust have\u201c: Nachhaltigkeit"}]},{"@type":"WebSite","@id":"https:\/\/www.dehner.de\/jobs\/#website","url":"https:\/\/www.dehner.de\/jobs\/","name":"Karriere bei Dehner","description":"Die Storys unserer Personalbotschafter","publisher":{"@id":"https:\/\/www.dehner.de\/jobs\/#organization"},"potentialAction":[{"@type":"SearchAction","target":{"@type":"EntryPoint","urlTemplate":"https:\/\/www.dehner.de\/jobs\/?s={search_term_string}"},"query-input":{"@type":"PropertyValueSpecification","valueRequired":true,"valueName":"search_term_string"}}],"inLanguage":"de-DE"},{"@type":"Organization","@id":"https:\/\/www.dehner.de\/jobs\/#organization","name":"Karriere bei Dehner","url":"https:\/\/www.dehner.de\/jobs\/","logo":{"@type":"ImageObject","inLanguage":"de-DE","@id":"https:\/\/www.dehner.de\/jobs\/#\/schema\/logo\/image\/","url":"https:\/\/www.dehner.de\/jobs\/app\/uploads\/sites\/7\/2025\/12\/dehner-garten-center-koenigsbrunn-revitalisierung-neubau-umbau.png","contentUrl":"https:\/\/www.dehner.de\/jobs\/app\/uploads\/sites\/7\/2025\/12\/dehner-garten-center-koenigsbrunn-revitalisierung-neubau-umbau.png","width":800,"height":1315,"caption":"Karriere bei Dehner"},"image":{"@id":"https:\/\/www.dehner.de\/jobs\/#\/schema\/logo\/image\/"}}]}},"_links":{"self":[{"href":"https:\/\/www.dehner.de\/jobs\/wp-json\/wp\/v2\/blog\/26554","targetHints":{"allow":["GET"]}}],"collection":[{"href":"https:\/\/www.dehner.de\/jobs\/wp-json\/wp\/v2\/blog"}],"about":[{"href":"https:\/\/www.dehner.de\/jobs\/wp-json\/wp\/v2\/types\/blog"}],"version-history":[{"count":14,"href":"https:\/\/www.dehner.de\/jobs\/wp-json\/wp\/v2\/blog\/26554\/revisions"}],"predecessor-version":[{"id":26587,"href":"https:\/\/www.dehner.de\/jobs\/wp-json\/wp\/v2\/blog\/26554\/revisions\/26587"}],"wp:featuredmedia":[{"embeddable":true,"href":"https:\/\/www.dehner.de\/jobs\/wp-json\/wp\/v2\/media\/26560"}],"wp:attachment":[{"href":"https:\/\/www.dehner.de\/jobs\/wp-json\/wp\/v2\/media?parent=26554"}],"wp:term":[{"taxonomy":"blog_category","embeddable":true,"href":"https:\/\/www.dehner.de\/jobs\/wp-json\/wp\/v2\/blog_category?post=26554"}],"curies":[{"name":"wp","href":"https:\/\/api.w.org\/{rel}","templated":true}]}}