{"id":25934,"date":"2023-12-28T08:00:00","date_gmt":"2023-12-28T07:00:00","guid":{"rendered":"https:\/\/www.dehner.de\/jobs\/?post_type=blog&#038;p=25934"},"modified":"2025-09-18T13:34:06","modified_gmt":"2025-09-18T11:34:06","slug":"auf-in-ein-frohes-neues-dehner-jahr-goodbye-2023","status":"publish","type":"blog","link":"https:\/\/www.dehner.de\/jobs\/blogbeitrag\/auf-in-ein-frohes-neues-dehner-jahr-goodbye-2023\/","title":{"rendered":"Auf in ein frohes, neues Dehner Jahr \u2013 Goodbye 2023"},"content":{"rendered":"<section class=\"block-img-txt img-50-text-50 pb-4\">\n    <div class=\"container\">\n        <div class=\"row\">\n                            <div class=\"col-md-6 pb-4 d-none d-md-block image\">\n                                    <\/div>\n                <div class=\"col-md-6 df fc jcc body\">\n                                                        <div class=\"text\">\n                    <\/div>\n                                <\/div>\n            \n        <\/div>\n    <\/div>\n<\/section>\n\n\n<section class=\"block-img-txt text-50-img-50 pb-4\">\n    <div class=\"container\">\n        <div class=\"row\">\n                            <div class=\"col-md-6 pb-4 d-none d-md-block image\">\n                    <img loading=\"lazy\" decoding=\"async\" width=\"560\" height=\"600\" src=\"https:\/\/www.dehner.de\/jobs\/app\/uploads\/sites\/7\/2023\/12\/alina-wunsch-zufriedenheit-2024.png\" class=\"img-cover\" alt=\"Lehrling zur Einzelhandelskauffrau bei Dehner\" srcset=\"https:\/\/www.dehner.de\/jobs\/app\/uploads\/sites\/7\/2023\/12\/alina-wunsch-zufriedenheit-2024.png 560w, https:\/\/www.dehner.de\/jobs\/app\/uploads\/sites\/7\/2023\/12\/alina-wunsch-zufriedenheit-2024-280x300.png 280w, https:\/\/www.dehner.de\/jobs\/app\/uploads\/sites\/7\/2023\/12\/alina-wunsch-zufriedenheit-2024-140x150.png 140w\" sizes=\"auto, (max-width: 560px) 100vw, 560px\" \/>                <\/div>\n                <div class=\"col-md-6 df fc jcc body\">\n                            <a href=\"#\" class=\"toggler toggler-down-md toggler-hide\" data-toggle=\"collapse\" data-target=\"#block_f400a937a33fbbccc87b99fe70017c47\" aria-expanded=\"true\" aria-controls=\"block_f400a937a33fbbccc87b99fe70017c47\">\n                            <img loading=\"lazy\" decoding=\"async\" width=\"560\" height=\"600\" src=\"https:\/\/www.dehner.de\/jobs\/app\/uploads\/sites\/7\/2023\/12\/alina-wunsch-zufriedenheit-2024.png\" class=\"mobile-image img-fluid mb-3 d-md-none\" alt=\"Lehrling zur Einzelhandelskauffrau bei Dehner\" srcset=\"https:\/\/www.dehner.de\/jobs\/app\/uploads\/sites\/7\/2023\/12\/alina-wunsch-zufriedenheit-2024.png 560w, https:\/\/www.dehner.de\/jobs\/app\/uploads\/sites\/7\/2023\/12\/alina-wunsch-zufriedenheit-2024-280x300.png 280w, https:\/\/www.dehner.de\/jobs\/app\/uploads\/sites\/7\/2023\/12\/alina-wunsch-zufriedenheit-2024-140x150.png 140w\" sizes=\"auto, (max-width: 560px) 100vw, 560px\" \/>                        <h3 class=\"font-h4 toggler toggler-down-md\">W\u00fcnsche f\u00fcr 2024 und die Geschichten dahinter<\/h3>        <\/a>\n        <div class=\"collapse text show\" id=\"block_f400a937a33fbbccc87b99fe70017c47\" data-parent=\"main\">\n            <p>Was ist \u00fcberhaupt ein Wunsch? Ein Wunsch ist ein Begehren, das jemand bei sich hegt oder \u00e4u\u00dfert, dessen Erf\u00fcllung mehr erhofft, als durch eigene Anstrengung zu erreichen versucht wird.<\/p>\n<p>Unsere Personalbotschafter*innen hatten die verschiedensten W\u00fcnsche f\u00fcr Kolleg*innen, Kund*innen, Bewerber*innen, Freund*innen und die Familie. Angefangen mit Gesundheit, \u00fcber Mut, Dankbarkeit, Freude, Zufriedenheit, Zusammenhalt oder auch Zuversicht.<\/p>\n<ul>\n<li>\u201eEs passiert aktuell so viel auf der Welt, dass man sich immer dar\u00fcber klar werden muss, was wirklich wichtig ist. Das sind vor allem die Familie und Freund*innen und dass es allen gut geht.\u201c \u2013 Isabel<\/li>\n<li>\u201eIch w\u00fcnsche allen mutig zu sein und die eigenen Ziele zu verfolgen. Mutig zu sein, um auch mal gegen den Strom zu schwimmen. Mutig zu sein, um f\u00fcr sich einzustehen. Mutig zu sein und auch mal Schw\u00e4che zeigen. Warum? Weil ich denke, dass wir oft genug zu allem \u201eJa\u201c sagen und uns selbst zu wenig zutrauen.\u201c \u2013 <a href=\"https:\/\/www.dehner.de\/jobs\/personalbotschafter\/profil-jasmin-wunsch\/\">Jasmin<\/a><\/li>\n<li>\u201eIch w\u00fcnsche allen Freude! Weihnachten und der neue Jahresbeginn k\u00f6nnen eine sch\u00f6ne aber auch gleichzeitig traurige Zeit sein, wenn man jemanden vermisst oder sich einsam f\u00fchlt. Damit man den Fokus in dieser besonderen Zeit nicht zu sehr auf die negativen Gedanken und Gef\u00fchle legt, w\u00fcnsche ich jedem, sich an die sch\u00f6nen Zeiten zur\u00fcckzuerinnern und froh \u00fcber das Bestehende zu sein.\u201c \u2013 Amelie<\/li>\n<li>\u201e2024 soll ein sch\u00f6nes und aufregendes Jahr werden, mit vielen neuen Erlebnissen und Menschen. Bei Dehner w\u00fcnsche ich mir weiterhin eine so gute Zusammenarbeit.\u201c \u2013 Doris<\/li>\n<li>\u201eIn fordernden Zeiten ist es umso wichtiger, sich an den vorhandenen Dingen zu erfreuen und zufrieden zu sein. So \u00fcberwiegt das Positive \u00fcber all das Negative, was allerorts passiert.\u201c \u2013 Alina<\/li>\n<li>\u201eMein Wunsch f\u00fcr 2024 ist Zuversicht f\u00fcr all die ungeplanten und \u00fcberraschenden Dinge, die passieren. Auch wenn man diese nicht planen und kontrollieren kann, mit Zuversicht schafft man im neuen Jahr alles. Nach jedem Regen folgt die Sonne!\u201c \u2013 Nick<\/li>\n<\/ul>\n                    <\/div>                <\/div>\n            \n        <\/div>\n    <\/div>\n<\/section>\n\n\n<section class=\"block-img-txt img-50-text-50 pb-4\">\n    <div class=\"container\">\n        <div class=\"row\">\n                            <div class=\"col-md-6 pb-4 d-none d-md-block image\">\n                    <img loading=\"lazy\" decoding=\"async\" width=\"560\" height=\"600\" src=\"https:\/\/www.dehner.de\/jobs\/app\/uploads\/sites\/7\/2023\/12\/marcus-wunsch-dankbarkeit-2024.png\" class=\"img-cover\" alt=\"Projektmanager Logistik bei Dehner\" srcset=\"https:\/\/www.dehner.de\/jobs\/app\/uploads\/sites\/7\/2023\/12\/marcus-wunsch-dankbarkeit-2024.png 560w, https:\/\/www.dehner.de\/jobs\/app\/uploads\/sites\/7\/2023\/12\/marcus-wunsch-dankbarkeit-2024-280x300.png 280w, https:\/\/www.dehner.de\/jobs\/app\/uploads\/sites\/7\/2023\/12\/marcus-wunsch-dankbarkeit-2024-140x150.png 140w\" sizes=\"auto, (max-width: 560px) 100vw, 560px\" \/>                <\/div>\n                <div class=\"col-md-6 df fc jcc body\">\n                            <a href=\"#\" class=\"toggler toggler-down-md toggler-hide\" data-toggle=\"collapse\" data-target=\"#block_a54621723e628c632bf16eb214cfa758\" aria-expanded=\"true\" aria-controls=\"block_a54621723e628c632bf16eb214cfa758\">\n                            <img loading=\"lazy\" decoding=\"async\" width=\"560\" height=\"600\" src=\"https:\/\/www.dehner.de\/jobs\/app\/uploads\/sites\/7\/2023\/12\/marcus-wunsch-dankbarkeit-2024.png\" class=\"mobile-image img-fluid mb-3 d-md-none\" alt=\"Projektmanager Logistik bei Dehner\" srcset=\"https:\/\/www.dehner.de\/jobs\/app\/uploads\/sites\/7\/2023\/12\/marcus-wunsch-dankbarkeit-2024.png 560w, https:\/\/www.dehner.de\/jobs\/app\/uploads\/sites\/7\/2023\/12\/marcus-wunsch-dankbarkeit-2024-280x300.png 280w, https:\/\/www.dehner.de\/jobs\/app\/uploads\/sites\/7\/2023\/12\/marcus-wunsch-dankbarkeit-2024-140x150.png 140w\" sizes=\"auto, (max-width: 560px) 100vw, 560px\" \/>                        <h3 class=\"font-h4 toggler toggler-down-md\">W\u00fcnsche aus 2023 \u2013 erf\u00fcllt oder offen?<\/h3>        <\/a>\n        <div class=\"collapse text show\" id=\"block_a54621723e628c632bf16eb214cfa758\" data-parent=\"main\">\n            <p>Unsere Personalbotschafter*innen haben uns von ihren W\u00fcnschen aus 2023 erz\u00e4hlt. Isabel wollte beispielsweise mehr Gewissheit \u00fcber die Zeit nach ihrem dualen Studium bei Dehner haben. Das hat sie auch geschafft, denn sie war in zwei Abteilungen, die ihr sehr weitergeholfen haben, eine Richtung zu finden, in die sie gehen m\u00f6chte. Jasmins Wunsch ist leider nicht in Erf\u00fcllung gegangen. \u201eIch habe mir gew\u00fcnscht, dass es in der Welt wieder etwas friedlicher wird. Wir haben schlie\u00dflich nur diese eine Erde und unser eines Leben.\u201c<\/p>\n<p>Marcus hat eine neue berufliche Herausforderung angenommen und ist seit 1. Dezember Key User Hartware Logistik. Dabei tr\u00e4gt er einen entscheidenden Teil zu unserer SAP-Einf\u00fchrung im gesamten Unternehmen bei. Privat hat er sich einen 10-t\u00e4gigen Urlaub in Portugal erf\u00fcllt.<\/p>\n<p>Unsere Auszubildende Amelie konnte in 2023 ihren Wunsch nach noch mehr Selbstst\u00e4ndigkeit und Eigenverantwortung wahr werden lassen. Au\u00dferdem wird sie in ihrer Lieblingsabteilung noch bis zum Ende ihrer Ausbildung eingesetzt.<\/p>\n<p>Controllerin Doris hat eine dreiw\u00f6chige Backpacking-Reise nach Bolivien gemacht, Alina hat ihren Autof\u00fchrerschein begonnen und auch Nick hat das Reisefieber gepackt, denn er machte Urlaub in vier verschiedenen L\u00e4ndern. Im Fr\u00fchjahr hat er sich zudem sein eigenes Auto gekauft. Ein weiterer Wunsch, der bei ihm in Erf\u00fcllung gegangen ist, war das Projekt <a href=\"https:\/\/www.dehner.de\/jobs\/blogbeitrag\/projekt-erfolgreich-gemeistert-azubis-fuehren-einen-dehner-markt\/\">\u201eAzubis f\u00fchren einen Markt\u201c<\/a>.<\/p>\n                    <\/div>                <\/div>\n            \n        <\/div>\n    <\/div>\n<\/section>\n\n\n<section class=\"block-img-txt text-50-img-50 pb-4\">\n    <div class=\"container\">\n        <div class=\"row\">\n                            <div class=\"col-md-6 pb-4 d-none d-md-block image\">\n                    <img loading=\"lazy\" decoding=\"async\" width=\"560\" height=\"600\" src=\"https:\/\/www.dehner.de\/jobs\/app\/uploads\/sites\/7\/2023\/12\/susanne-wunsch-gesundheit-2024.png\" class=\"img-cover\" alt=\"Teamleiterin Blumen &amp; Pflanzen bei Dehner\" srcset=\"https:\/\/www.dehner.de\/jobs\/app\/uploads\/sites\/7\/2023\/12\/susanne-wunsch-gesundheit-2024.png 560w, https:\/\/www.dehner.de\/jobs\/app\/uploads\/sites\/7\/2023\/12\/susanne-wunsch-gesundheit-2024-280x300.png 280w, https:\/\/www.dehner.de\/jobs\/app\/uploads\/sites\/7\/2023\/12\/susanne-wunsch-gesundheit-2024-140x150.png 140w\" sizes=\"auto, (max-width: 560px) 100vw, 560px\" \/>                <\/div>\n                <div class=\"col-md-6 df fc jcc body\">\n                            <a href=\"#\" class=\"toggler toggler-down-md toggler-hide\" data-toggle=\"collapse\" data-target=\"#block_ec7644cec9ed4b5d9b1c9b6f26608ce2\" aria-expanded=\"true\" aria-controls=\"block_ec7644cec9ed4b5d9b1c9b6f26608ce2\">\n                            <img loading=\"lazy\" decoding=\"async\" width=\"560\" height=\"600\" src=\"https:\/\/www.dehner.de\/jobs\/app\/uploads\/sites\/7\/2023\/12\/susanne-wunsch-gesundheit-2024.png\" class=\"mobile-image img-fluid mb-3 d-md-none\" alt=\"Teamleiterin Blumen &amp; Pflanzen bei Dehner\" srcset=\"https:\/\/www.dehner.de\/jobs\/app\/uploads\/sites\/7\/2023\/12\/susanne-wunsch-gesundheit-2024.png 560w, https:\/\/www.dehner.de\/jobs\/app\/uploads\/sites\/7\/2023\/12\/susanne-wunsch-gesundheit-2024-280x300.png 280w, https:\/\/www.dehner.de\/jobs\/app\/uploads\/sites\/7\/2023\/12\/susanne-wunsch-gesundheit-2024-140x150.png 140w\" sizes=\"auto, (max-width: 560px) 100vw, 560px\" \/>                        <h3 class=\"font-h4 toggler toggler-down-md\">Besondere Highlights aus dem Jahr 2023<\/h3>        <\/a>\n        <div class=\"collapse text show\" id=\"block_ec7644cec9ed4b5d9b1c9b6f26608ce2\" data-parent=\"main\">\n            <p>W\u00fcnsche hin oder her. Das Jahr 2023 hatte auch einige Highlights f\u00fcr unsere Dehnerianer zu bieten.<\/p>\n<ul>\n<li>\u201eIch habe sehr interessante Abteilungen kennengelernt und Aufgaben umgesetzt, die mich erf\u00fcllt haben. Au\u00dferdem habe ich supernette Menschen auf der Arbeit und privat dazugewonnen.\u201c \u2013 Isabel<\/li>\n<li>\u201eIch durfte privat eine neue Freundschaft mit einer wundervollen Person kn\u00fcpfen. Mein berufliches Highlight ist, dass ich von allen Seiten widergespiegelt bekomme, dass ich meinen Job super mache.\u201c \u00ad\u2013 <a href=\"https:\/\/www.dehner.de\/jobs\/personalbotschafter\/profil-jasmin-wunsch\/\">Jasmin<\/a><\/li>\n<li>\u201eMeine Reise nach Bolivien hat 2023 f\u00fcr mich besonders gemacht. Beruflich gab es in unserer Abteilung einige Ver\u00e4nderungen, die dazu f\u00fchren, dass auch 2024 f\u00fcr unser Controlling-Team richtig spannend wird. Darauf freue ich mich sehr. Auch das <a href=\"https:\/\/www.dehner.de\/jobs\/karriere-storys\/mein-dehner\/das-herbstfest-2023-bei-dehner-eine-feier-die-verbindet-und-begeistert\/\">Herbstfest<\/a> war f\u00fcr mich ein echtes Dehner Highlight.\u201c \u2013 Doris<\/li>\n<li>\u201e2023 bin ich in mein drittes und somit letztes Lehrjahr gestartet, habe meinen 18. Geburtstag gefeiert und neue Freund*innen dazugewonnen.\u201c \u2013 Alina<\/li>\n<li>\u201eMeine Highlights waren die Zusage zur \u00dcbernahme nach meiner Ausbildung, unser Dehner Projekt \u201eAzubis f\u00fchren einen Markt\u201c und neue Menschen, die ich ins Herz geschlossen habe.\u201c \u2013 Nick<\/li>\n<\/ul>\n                    <\/div>                <\/div>\n            \n        <\/div>\n    <\/div>\n<\/section>\n\n\n<section class=\"block-img-txt img-50-text-50 pb-4\">\n    <div class=\"container\">\n        <div class=\"row\">\n                            <div class=\"col-md-6 pb-4 d-none d-md-block image\">\n                    <img loading=\"lazy\" decoding=\"async\" width=\"560\" height=\"600\" src=\"https:\/\/www.dehner.de\/jobs\/app\/uploads\/sites\/7\/2023\/12\/amelie-wunsch-freude-2024.png\" class=\"img-cover\" alt=\"Auszubildende zur Kauffrau f\u00fcr B\u00fcromanagement bei Dehner\" srcset=\"https:\/\/www.dehner.de\/jobs\/app\/uploads\/sites\/7\/2023\/12\/amelie-wunsch-freude-2024.png 560w, https:\/\/www.dehner.de\/jobs\/app\/uploads\/sites\/7\/2023\/12\/amelie-wunsch-freude-2024-280x300.png 280w, https:\/\/www.dehner.de\/jobs\/app\/uploads\/sites\/7\/2023\/12\/amelie-wunsch-freude-2024-140x150.png 140w\" sizes=\"auto, (max-width: 560px) 100vw, 560px\" \/>                <\/div>\n                <div class=\"col-md-6 df fc jcc body\">\n                            <a href=\"#\" class=\"toggler toggler-down-md toggler-hide\" data-toggle=\"collapse\" data-target=\"#block_541001339bbda6f16f4294b00f527b91\" aria-expanded=\"true\" aria-controls=\"block_541001339bbda6f16f4294b00f527b91\">\n                            <img loading=\"lazy\" decoding=\"async\" width=\"560\" height=\"600\" src=\"https:\/\/www.dehner.de\/jobs\/app\/uploads\/sites\/7\/2023\/12\/amelie-wunsch-freude-2024.png\" class=\"mobile-image img-fluid mb-3 d-md-none\" alt=\"Auszubildende zur Kauffrau f\u00fcr B\u00fcromanagement bei Dehner\" srcset=\"https:\/\/www.dehner.de\/jobs\/app\/uploads\/sites\/7\/2023\/12\/amelie-wunsch-freude-2024.png 560w, https:\/\/www.dehner.de\/jobs\/app\/uploads\/sites\/7\/2023\/12\/amelie-wunsch-freude-2024-280x300.png 280w, https:\/\/www.dehner.de\/jobs\/app\/uploads\/sites\/7\/2023\/12\/amelie-wunsch-freude-2024-140x150.png 140w\" sizes=\"auto, (max-width: 560px) 100vw, 560px\" \/>                        <h3 class=\"font-h4 toggler toggler-down-md\">Berufliche und private Ziele f\u00fcr 2024<\/h3>        <\/a>\n        <div class=\"collapse text show\" id=\"block_541001339bbda6f16f4294b00f527b91\" data-parent=\"main\">\n            <p>Unsere Personalbotschafter*innen haben bereits einige Ziele f\u00fcr 2024 im Auge. Isabel m\u00f6chte eine \u00dcbernahme-Abteilung finden und ihren Bachelorabschluss erfolgreich meistern. Jasmin m\u00f6chte ihren Fachwirt endlich abschlie\u00dfen, neue Herausforderungen in einem weiterhin motivierten Team meistern und auf mehr Konzerte gehen. Marcus hingegen m\u00f6chte tatkr\u00e4ftig im SAP-Projekt unterst\u00fctzen und einen positiven Beitrag zu unserem <a href=\"https:\/\/www.dehner.de\/jobs\/karriere-storys\/jobeinblicke\/bambus-unser-sap-migrationsprojekt-bei-dehner\/\">Transformationsprojekt BAMbuS<\/a> leisten. Privat m\u00f6chte er gerne mit seiner Freundin eine gr\u00f6\u00dfere Reise, beispielsweise in die USA, unternehmen. Unsere Auszubildende Amelie will ihre Ausbildung bestehen, Doris w\u00fcrde gerne Dehner und das Controlling-Team weiter voranbringen und sich weiterentwickeln. Au\u00dferdem wird der BAMbuS Go-Live im Oktober richtig spannend und eine Herausforderung werden, die gemeinsam gestemmt wird. Teamleiterin Susanne m\u00f6chte gerne weitere Orte von ihrer Bucket-List bereisen, neue Dinge erleben, leckeres Essen genie\u00dfen, Zeit mit Freund*innen und der Familie verbringen und die kleinen Dinge im Leben sch\u00e4tzen. Nick lernt flei\u00dfig f\u00fcr seine letzten Pr\u00fcfungen, genauso wie Alina, und freut sich neue Gartenprojekte zu beginnen.<\/p>\n<p>Ein neues Jahr hei\u00dft neue Hoffnung, neue Gedanken und neue Wege zum Ziel. Wir w\u00fcnschen Euch allen da drau\u00dfen viel Gesundheit, die Kraft f\u00fcr alle Herausforderungen, viel Mut zum Tr\u00e4umen und vor allem Freude an tollen Erlebnissen. Allen einen guten Rutsch in 2024!<\/p>\n                    <\/div>                <\/div>\n            \n        <\/div>\n    <\/div>\n<\/section>\n","protected":false},"excerpt":{"rendered":"","protected":false},"featured_media":25926,"parent":0,"template":"","blog_category":[450],"class_list":["post-25934","blog","type-blog","status-publish","has-post-thumbnail","hentry","blog_category-mein-dehner"],"acf":[],"yoast_head":"<!-- This site is optimized with the Yoast SEO plugin v24.5 - https:\/\/yoast.com\/wordpress\/plugins\/seo\/ -->\n<title>Goodbye 2023 \u2013 Ein frohes neues Dehner-Jahr!<\/title>\n<meta name=\"description\" content=\"Alle Jahre wieder, mit den besten W\u00fcnschen \u2013 hier kommt unser Abschlussbericht 2023. \u27a4 Jetzt lesen!\" \/>\n<meta name=\"robots\" content=\"index, follow, max-snippet:-1, max-image-preview:large, max-video-preview:-1\" \/>\n<link rel=\"canonical\" href=\"https:\/\/www.dehner.de\/jobs\/blogbeitrag\/auf-in-ein-frohes-neues-dehner-jahr-goodbye-2023\/\" \/>\n<meta property=\"og:locale\" content=\"de_DE\" \/>\n<meta property=\"og:type\" content=\"article\" \/>\n<meta property=\"og:title\" content=\"Goodbye 2023 \u2013 Ein frohes neues Dehner-Jahr!\" \/>\n<meta property=\"og:description\" content=\"Alle Jahre wieder, mit den besten W\u00fcnschen \u2013 hier kommt unser Abschlussbericht 2023. \u27a4 Jetzt lesen!\" \/>\n<meta property=\"og:url\" content=\"https:\/\/www.dehner.de\/jobs\/blogbeitrag\/auf-in-ein-frohes-neues-dehner-jahr-goodbye-2023\/\" \/>\n<meta property=\"og:site_name\" content=\"Karriere bei Dehner\" \/>\n<meta property=\"article:modified_time\" content=\"2025-09-18T11:34:06+00:00\" \/>\n<meta property=\"og:image\" content=\"https:\/\/www.dehner.de\/jobs\/app\/uploads\/sites\/7\/2023\/12\/silvester-jahresabschluss-dehner-2023.png\" \/>\n\t<meta property=\"og:image:width\" content=\"1920\" \/>\n\t<meta property=\"og:image:height\" content=\"500\" \/>\n\t<meta property=\"og:image:type\" content=\"image\/png\" \/>\n<meta name=\"twitter:card\" content=\"summary_large_image\" \/>\n<meta name=\"twitter:label1\" content=\"Est. reading time\" \/>\n\t<meta name=\"twitter:data1\" content=\"7 Minuten\" \/>\n<script type=\"application\/ld+json\" class=\"yoast-schema-graph\">{\"@context\":\"https:\/\/schema.org\",\"@graph\":[{\"@type\":\"WebPage\",\"@id\":\"https:\/\/www.dehner.de\/jobs\/blogbeitrag\/auf-in-ein-frohes-neues-dehner-jahr-goodbye-2023\/\",\"url\":\"https:\/\/www.dehner.de\/jobs\/blogbeitrag\/auf-in-ein-frohes-neues-dehner-jahr-goodbye-2023\/\",\"name\":\"Goodbye 2023 \u2013 Ein frohes neues Dehner-Jahr!\",\"isPartOf\":{\"@id\":\"https:\/\/www.dehner.de\/jobs\/#website\"},\"primaryImageOfPage\":{\"@id\":\"https:\/\/www.dehner.de\/jobs\/blogbeitrag\/auf-in-ein-frohes-neues-dehner-jahr-goodbye-2023\/#primaryimage\"},\"image\":{\"@id\":\"https:\/\/www.dehner.de\/jobs\/blogbeitrag\/auf-in-ein-frohes-neues-dehner-jahr-goodbye-2023\/#primaryimage\"},\"thumbnailUrl\":\"https:\/\/www.dehner.de\/jobs\/app\/uploads\/sites\/7\/2023\/12\/silvester-jahresabschluss-dehner-2023.png\",\"datePublished\":\"2023-12-28T07:00:00+00:00\",\"dateModified\":\"2025-09-18T11:34:06+00:00\",\"description\":\"Alle Jahre wieder, mit den besten W\u00fcnschen \u2013 hier kommt unser Abschlussbericht 2023. \u27a4 Jetzt lesen!\",\"breadcrumb\":{\"@id\":\"https:\/\/www.dehner.de\/jobs\/blogbeitrag\/auf-in-ein-frohes-neues-dehner-jahr-goodbye-2023\/#breadcrumb\"},\"inLanguage\":\"de-DE\",\"potentialAction\":[{\"@type\":\"ReadAction\",\"target\":[\"https:\/\/www.dehner.de\/jobs\/blogbeitrag\/auf-in-ein-frohes-neues-dehner-jahr-goodbye-2023\/\"]}]},{\"@type\":\"ImageObject\",\"inLanguage\":\"de-DE\",\"@id\":\"https:\/\/www.dehner.de\/jobs\/blogbeitrag\/auf-in-ein-frohes-neues-dehner-jahr-goodbye-2023\/#primaryimage\",\"url\":\"https:\/\/www.dehner.de\/jobs\/app\/uploads\/sites\/7\/2023\/12\/silvester-jahresabschluss-dehner-2023.png\",\"contentUrl\":\"https:\/\/www.dehner.de\/jobs\/app\/uploads\/sites\/7\/2023\/12\/silvester-jahresabschluss-dehner-2023.png\",\"width\":1920,\"height\":500,\"caption\":\"Dehner blickt auf ein erfolgreiches Jahr 2023 zur\u00fcck\"},{\"@type\":\"BreadcrumbList\",\"@id\":\"https:\/\/www.dehner.de\/jobs\/blogbeitrag\/auf-in-ein-frohes-neues-dehner-jahr-goodbye-2023\/#breadcrumb\",\"itemListElement\":[{\"@type\":\"ListItem\",\"position\":1,\"name\":\"Home\",\"item\":\"https:\/\/www.dehner.de\/jobs\/\"},{\"@type\":\"ListItem\",\"position\":2,\"name\":\"Auf in ein frohes, neues Dehner Jahr \u2013 Goodbye 2023\"}]},{\"@type\":\"WebSite\",\"@id\":\"https:\/\/www.dehner.de\/jobs\/#website\",\"url\":\"https:\/\/www.dehner.de\/jobs\/\",\"name\":\"Karriere bei Dehner\",\"description\":\"Die Storys unserer Personalbotschafter\",\"publisher\":{\"@id\":\"https:\/\/www.dehner.de\/jobs\/#organization\"},\"potentialAction\":[{\"@type\":\"SearchAction\",\"target\":{\"@type\":\"EntryPoint\",\"urlTemplate\":\"https:\/\/www.dehner.de\/jobs\/?s={search_term_string}\"},\"query-input\":{\"@type\":\"PropertyValueSpecification\",\"valueRequired\":true,\"valueName\":\"search_term_string\"}}],\"inLanguage\":\"de-DE\"},{\"@type\":\"Organization\",\"@id\":\"https:\/\/www.dehner.de\/jobs\/#organization\",\"name\":\"Karriere bei Dehner\",\"url\":\"https:\/\/www.dehner.de\/jobs\/\",\"logo\":{\"@type\":\"ImageObject\",\"inLanguage\":\"de-DE\",\"@id\":\"https:\/\/www.dehner.de\/jobs\/#\/schema\/logo\/image\/\",\"url\":\"https:\/\/www.dehner.de\/jobs\/app\/uploads\/sites\/7\/2025\/12\/dehner-garten-center-koenigsbrunn-revitalisierung-neubau-umbau.png\",\"contentUrl\":\"https:\/\/www.dehner.de\/jobs\/app\/uploads\/sites\/7\/2025\/12\/dehner-garten-center-koenigsbrunn-revitalisierung-neubau-umbau.png\",\"width\":800,\"height\":1315,\"caption\":\"Karriere bei Dehner\"},\"image\":{\"@id\":\"https:\/\/www.dehner.de\/jobs\/#\/schema\/logo\/image\/\"}}]}<\/script>\n<!-- \/ Yoast SEO plugin. -->","yoast_head_json":{"title":"Goodbye 2023 \u2013 Ein frohes neues Dehner-Jahr!","description":"Alle Jahre wieder, mit den besten W\u00fcnschen \u2013 hier kommt unser Abschlussbericht 2023. \u27a4 Jetzt lesen!","robots":{"index":"index","follow":"follow","max-snippet":"max-snippet:-1","max-image-preview":"max-image-preview:large","max-video-preview":"max-video-preview:-1"},"canonical":"https:\/\/www.dehner.de\/jobs\/blogbeitrag\/auf-in-ein-frohes-neues-dehner-jahr-goodbye-2023\/","og_locale":"de_DE","og_type":"article","og_title":"Goodbye 2023 \u2013 Ein frohes neues Dehner-Jahr!","og_description":"Alle Jahre wieder, mit den besten W\u00fcnschen \u2013 hier kommt unser Abschlussbericht 2023. \u27a4 Jetzt lesen!","og_url":"https:\/\/www.dehner.de\/jobs\/blogbeitrag\/auf-in-ein-frohes-neues-dehner-jahr-goodbye-2023\/","og_site_name":"Karriere bei Dehner","article_modified_time":"2025-09-18T11:34:06+00:00","og_image":[{"width":1920,"height":500,"url":"https:\/\/www.dehner.de\/jobs\/app\/uploads\/sites\/7\/2023\/12\/silvester-jahresabschluss-dehner-2023.png","type":"image\/png"}],"twitter_card":"summary_large_image","twitter_misc":{"Est. reading time":"7 Minuten"},"schema":{"@context":"https:\/\/schema.org","@graph":[{"@type":"WebPage","@id":"https:\/\/www.dehner.de\/jobs\/blogbeitrag\/auf-in-ein-frohes-neues-dehner-jahr-goodbye-2023\/","url":"https:\/\/www.dehner.de\/jobs\/blogbeitrag\/auf-in-ein-frohes-neues-dehner-jahr-goodbye-2023\/","name":"Goodbye 2023 \u2013 Ein frohes neues Dehner-Jahr!","isPartOf":{"@id":"https:\/\/www.dehner.de\/jobs\/#website"},"primaryImageOfPage":{"@id":"https:\/\/www.dehner.de\/jobs\/blogbeitrag\/auf-in-ein-frohes-neues-dehner-jahr-goodbye-2023\/#primaryimage"},"image":{"@id":"https:\/\/www.dehner.de\/jobs\/blogbeitrag\/auf-in-ein-frohes-neues-dehner-jahr-goodbye-2023\/#primaryimage"},"thumbnailUrl":"https:\/\/www.dehner.de\/jobs\/app\/uploads\/sites\/7\/2023\/12\/silvester-jahresabschluss-dehner-2023.png","datePublished":"2023-12-28T07:00:00+00:00","dateModified":"2025-09-18T11:34:06+00:00","description":"Alle Jahre wieder, mit den besten W\u00fcnschen \u2013 hier kommt unser Abschlussbericht 2023. \u27a4 Jetzt lesen!","breadcrumb":{"@id":"https:\/\/www.dehner.de\/jobs\/blogbeitrag\/auf-in-ein-frohes-neues-dehner-jahr-goodbye-2023\/#breadcrumb"},"inLanguage":"de-DE","potentialAction":[{"@type":"ReadAction","target":["https:\/\/www.dehner.de\/jobs\/blogbeitrag\/auf-in-ein-frohes-neues-dehner-jahr-goodbye-2023\/"]}]},{"@type":"ImageObject","inLanguage":"de-DE","@id":"https:\/\/www.dehner.de\/jobs\/blogbeitrag\/auf-in-ein-frohes-neues-dehner-jahr-goodbye-2023\/#primaryimage","url":"https:\/\/www.dehner.de\/jobs\/app\/uploads\/sites\/7\/2023\/12\/silvester-jahresabschluss-dehner-2023.png","contentUrl":"https:\/\/www.dehner.de\/jobs\/app\/uploads\/sites\/7\/2023\/12\/silvester-jahresabschluss-dehner-2023.png","width":1920,"height":500,"caption":"Dehner blickt auf ein erfolgreiches Jahr 2023 zur\u00fcck"},{"@type":"BreadcrumbList","@id":"https:\/\/www.dehner.de\/jobs\/blogbeitrag\/auf-in-ein-frohes-neues-dehner-jahr-goodbye-2023\/#breadcrumb","itemListElement":[{"@type":"ListItem","position":1,"name":"Home","item":"https:\/\/www.dehner.de\/jobs\/"},{"@type":"ListItem","position":2,"name":"Auf in ein frohes, neues Dehner Jahr \u2013 Goodbye 2023"}]},{"@type":"WebSite","@id":"https:\/\/www.dehner.de\/jobs\/#website","url":"https:\/\/www.dehner.de\/jobs\/","name":"Karriere bei Dehner","description":"Die Storys unserer Personalbotschafter","publisher":{"@id":"https:\/\/www.dehner.de\/jobs\/#organization"},"potentialAction":[{"@type":"SearchAction","target":{"@type":"EntryPoint","urlTemplate":"https:\/\/www.dehner.de\/jobs\/?s={search_term_string}"},"query-input":{"@type":"PropertyValueSpecification","valueRequired":true,"valueName":"search_term_string"}}],"inLanguage":"de-DE"},{"@type":"Organization","@id":"https:\/\/www.dehner.de\/jobs\/#organization","name":"Karriere bei Dehner","url":"https:\/\/www.dehner.de\/jobs\/","logo":{"@type":"ImageObject","inLanguage":"de-DE","@id":"https:\/\/www.dehner.de\/jobs\/#\/schema\/logo\/image\/","url":"https:\/\/www.dehner.de\/jobs\/app\/uploads\/sites\/7\/2025\/12\/dehner-garten-center-koenigsbrunn-revitalisierung-neubau-umbau.png","contentUrl":"https:\/\/www.dehner.de\/jobs\/app\/uploads\/sites\/7\/2025\/12\/dehner-garten-center-koenigsbrunn-revitalisierung-neubau-umbau.png","width":800,"height":1315,"caption":"Karriere bei Dehner"},"image":{"@id":"https:\/\/www.dehner.de\/jobs\/#\/schema\/logo\/image\/"}}]}},"_links":{"self":[{"href":"https:\/\/www.dehner.de\/jobs\/wp-json\/wp\/v2\/blog\/25934","targetHints":{"allow":["GET"]}}],"collection":[{"href":"https:\/\/www.dehner.de\/jobs\/wp-json\/wp\/v2\/blog"}],"about":[{"href":"https:\/\/www.dehner.de\/jobs\/wp-json\/wp\/v2\/types\/blog"}],"version-history":[{"count":21,"href":"https:\/\/www.dehner.de\/jobs\/wp-json\/wp\/v2\/blog\/25934\/revisions"}],"predecessor-version":[{"id":34482,"href":"https:\/\/www.dehner.de\/jobs\/wp-json\/wp\/v2\/blog\/25934\/revisions\/34482"}],"wp:featuredmedia":[{"embeddable":true,"href":"https:\/\/www.dehner.de\/jobs\/wp-json\/wp\/v2\/media\/25926"}],"wp:attachment":[{"href":"https:\/\/www.dehner.de\/jobs\/wp-json\/wp\/v2\/media?parent=25934"}],"wp:term":[{"taxonomy":"blog_category","embeddable":true,"href":"https:\/\/www.dehner.de\/jobs\/wp-json\/wp\/v2\/blog_category?post=25934"}],"curies":[{"name":"wp","href":"https:\/\/api.w.org\/{rel}","templated":true}]}}