{"id":25440,"date":"2023-11-13T08:00:00","date_gmt":"2023-11-13T07:00:00","guid":{"rendered":"https:\/\/www.dehner.de\/jobs\/?post_type=blog&#038;p=25440"},"modified":"2025-02-25T08:07:04","modified_gmt":"2025-02-25T07:07:04","slug":"projekt-erfolgreich-gemeistert-azubis-fuehren-einen-dehner-markt","status":"publish","type":"blog","link":"https:\/\/www.dehner.de\/jobs\/blogbeitrag\/projekt-erfolgreich-gemeistert-azubis-fuehren-einen-dehner-markt\/","title":{"rendered":"Projekt erfolgreich gemeistert: Azubis f\u00fchren einen Dehner Markt"},"content":{"rendered":"<section class=\"block-img-txt img-50-text-50 pb-4\">\n    <div class=\"container\">\n        <div class=\"row\">\n                            <div class=\"col-md-6 pb-4 d-none d-md-block image\">\n                                    <\/div>\n                <div class=\"col-md-6 df fc jcc body\">\n                                                        <div class=\"text\">\n                    <\/div>\n                                <\/div>\n            \n        <\/div>\n    <\/div>\n<\/section>\n\n\n<section class=\"block-img-txt text-50-img-50 pb-4\">\n    <div class=\"container\">\n        <div class=\"row\">\n                            <div class=\"col-md-6 pb-4 d-none d-md-block image\">\n                    <img loading=\"lazy\" decoding=\"async\" width=\"459\" height=\"1024\" src=\"https:\/\/www.dehner.de\/jobs\/app\/uploads\/sites\/7\/2023\/11\/dehner-ausbildung-projekt-teamwork-3-459x1024.png\" class=\"img-cover\" alt=\"dehner-ausbildung-projekt-teamwork\" srcset=\"https:\/\/www.dehner.de\/jobs\/app\/uploads\/sites\/7\/2023\/11\/dehner-ausbildung-projekt-teamwork-3-459x1024.png 459w, https:\/\/www.dehner.de\/jobs\/app\/uploads\/sites\/7\/2023\/11\/dehner-ausbildung-projekt-teamwork-3-134x300.png 134w, https:\/\/www.dehner.de\/jobs\/app\/uploads\/sites\/7\/2023\/11\/dehner-ausbildung-projekt-teamwork-3-67x150.png 67w, https:\/\/www.dehner.de\/jobs\/app\/uploads\/sites\/7\/2023\/11\/dehner-ausbildung-projekt-teamwork-3.png 560w\" sizes=\"auto, (max-width: 459px) 100vw, 459px\" \/>                <\/div>\n                <div class=\"col-md-6 df fc jcc body\">\n                            <a href=\"#\" class=\"toggler toggler-down-md toggler-hide\" data-toggle=\"collapse\" data-target=\"#block_650a87c65af78\" aria-expanded=\"true\" aria-controls=\"block_650a87c65af78\">\n                            <img loading=\"lazy\" decoding=\"async\" width=\"459\" height=\"1024\" src=\"https:\/\/www.dehner.de\/jobs\/app\/uploads\/sites\/7\/2023\/11\/dehner-ausbildung-projekt-teamwork-3-459x1024.png\" class=\"mobile-image img-fluid mb-3 d-md-none\" alt=\"dehner-ausbildung-projekt-teamwork\" srcset=\"https:\/\/www.dehner.de\/jobs\/app\/uploads\/sites\/7\/2023\/11\/dehner-ausbildung-projekt-teamwork-3-459x1024.png 459w, https:\/\/www.dehner.de\/jobs\/app\/uploads\/sites\/7\/2023\/11\/dehner-ausbildung-projekt-teamwork-3-134x300.png 134w, https:\/\/www.dehner.de\/jobs\/app\/uploads\/sites\/7\/2023\/11\/dehner-ausbildung-projekt-teamwork-3-67x150.png 67w, https:\/\/www.dehner.de\/jobs\/app\/uploads\/sites\/7\/2023\/11\/dehner-ausbildung-projekt-teamwork-3.png 560w\" sizes=\"auto, (max-width: 459px) 100vw, 459px\" \/>                        <h3 class=\"font-h4 toggler toggler-down-md\">Die eigenen Projektmanagement-Kompetenzen vertiefen <\/h3>        <\/a>\n        <div class=\"collapse text show\" id=\"block_650a87c65af78\" data-parent=\"main\">\n            <p><span>Nachdem im Juli 2023 einstimmig beschlossen wurde, das Projekt \u201eAzubis f\u00fchren einen Markt&#8220; neu aufleben zu lassen, ging es an eine intensive und detailreiche Planungs- und Projektphase. Um die Aufgaben fair aufzuteilen und zu strukturieren, wurden von den Junior-Kollegler*innen verschiedene Rollen sowie Arbeitsgruppen f\u00fcr die Organisation des Events festgelegt. Die Teams setzten sich wie folgt zusammen:<\/span><\/p>\n<p><span><strong>Team Personal<\/strong><\/span><span> k\u00fcmmerte sich neben der Hotelunterkunft auch um die Rekrutierung weiterer Azubis, die am Tag im Markt flei\u00dfig unterst\u00fctzten. Au\u00dferdem musste ein Personaleinsatzplan angefertigt werden. Damit konnte sichergestellt werden, dass ausreichend Personal zur richtigen Zeit am richtigen Ort verf\u00fcgbar war, um das reibungslose Tagesgesch\u00e4ft im Garten-Center sicherzustellen. Au\u00dferdem war die Arbeitsgruppe f\u00fcr den direkten Austausch mit den Unterst\u00fctzungskr\u00e4ften verantwortlich.<\/span><\/p>\n<p><span><strong>Team Marketing<\/strong><\/span><span> konzentrierte sich auf geeignete Marketingma\u00dfnahmen f\u00fcr den Tag im Markt. Man entschied sich bewusst f\u00fcr einen bunten Marketing-Mix, um m\u00f6glichst alle Zielgruppen zu erreichen. Dazu z\u00e4hlten unter anderem Social-Media-Posts, Plakate, das Instore-Radio, eine Zeitungsanzeige sowie eine Tombola, die am Tag selbst stattgefunden hat. <\/span><\/p>\n<p><span><strong>Team Tag im Markt<\/strong><\/span><span> plante den gesamten Tagesablauf, k\u00fcmmerte sich um die Verpflegung und organisierte ein Abendprogramm als feierlicher Abschluss. Die Junior-Kollegler*innen haben sich f\u00fcr ein internes Grill-Event entschieden.<\/span><\/p>\n<p><span><strong>Team<\/strong><\/span><span> <strong>Pr\u00e4sentation<\/strong> war f\u00fcr die Erstellung einer Power Point Pr\u00e4sentation zust\u00e4ndig, da das Projekt abschlie\u00dfend Anfang Oktober ausgew\u00e4hlten F\u00fchrungskr\u00e4ften in der Unternehmenszentrale vorgestellt wurde. Es wurden zwei Projektleiter ausgew\u00e4hlt, um den \u00dcberblick zu behalten. Sie waren ebenso f\u00fcr den reibungslosen Informationsfluss zwischen den einzelnen Arbeitsgruppen, unserer <a href=\"https:\/\/www.dehner.de\/jobs\/blogbeitrag\/ein-tag-mit-elke-unserer-abteilungsleiterin-young-talents-bei-dehner\/\">Abteilungsleitung Young Talents<\/a><\/span><span> und dem Markt Waiblingen<\/span><span> zust\u00e4ndig. Um dies bewerkstelligen zu k\u00f6nnen, trafen sich alle Teilnehmer*innen des Junior-Kollegs zu w\u00f6chentlichen Team-Meetings, in denen man sich auf den neuesten Projektstand brachte.<\/span><\/p>\n                    <\/div>                <\/div>\n            \n        <\/div>\n    <\/div>\n<\/section>\n\n\n<section class=\"block-img-txt img-50-text-50 pb-4\">\n    <div class=\"container\">\n        <div class=\"row\">\n                            <div class=\"col-md-6 pb-4 d-none d-md-block image\">\n                    <img loading=\"lazy\" decoding=\"async\" width=\"560\" height=\"940\" src=\"https:\/\/www.dehner.de\/jobs\/app\/uploads\/sites\/7\/2023\/11\/dehner-ausbildung-markt-projekt-1.png\" class=\"img-cover\" alt=\"dehner-ausbildung-markt-projekt\" srcset=\"https:\/\/www.dehner.de\/jobs\/app\/uploads\/sites\/7\/2023\/11\/dehner-ausbildung-markt-projekt-1.png 560w, https:\/\/www.dehner.de\/jobs\/app\/uploads\/sites\/7\/2023\/11\/dehner-ausbildung-markt-projekt-1-179x300.png 179w, https:\/\/www.dehner.de\/jobs\/app\/uploads\/sites\/7\/2023\/11\/dehner-ausbildung-markt-projekt-1-89x150.png 89w\" sizes=\"auto, (max-width: 560px) 100vw, 560px\" \/>                <\/div>\n                <div class=\"col-md-6 df fc jcc body\">\n                            <a href=\"#\" class=\"toggler toggler-down-md toggler-hide\" data-toggle=\"collapse\" data-target=\"#block_650a884b5af79\" aria-expanded=\"true\" aria-controls=\"block_650a884b5af79\">\n                            <img loading=\"lazy\" decoding=\"async\" width=\"560\" height=\"940\" src=\"https:\/\/www.dehner.de\/jobs\/app\/uploads\/sites\/7\/2023\/11\/dehner-ausbildung-markt-projekt-1.png\" class=\"mobile-image img-fluid mb-3 d-md-none\" alt=\"dehner-ausbildung-markt-projekt\" srcset=\"https:\/\/www.dehner.de\/jobs\/app\/uploads\/sites\/7\/2023\/11\/dehner-ausbildung-markt-projekt-1.png 560w, https:\/\/www.dehner.de\/jobs\/app\/uploads\/sites\/7\/2023\/11\/dehner-ausbildung-markt-projekt-1-179x300.png 179w, https:\/\/www.dehner.de\/jobs\/app\/uploads\/sites\/7\/2023\/11\/dehner-ausbildung-markt-projekt-1-89x150.png 89w\" sizes=\"auto, (max-width: 560px) 100vw, 560px\" \/>                        <h3 class=\"font-h4 toggler toggler-down-md\">Volles Programm und gro\u00dfe Erleichterung <\/h3>        <\/a>\n        <div class=\"collapse text show\" id=\"block_650a884b5af79\" data-parent=\"main\">\n            <p><span>Ende September war es dann endlich so weit: Der Tag im Garten-Center stand kurz bevor. Der Junior-Kolleg Jahrgang reiste bereits zwei Tage vorher an, um sich ein Bild vom Markt machen und letzte Vorbereitungen treffen zu k\u00f6nnen. Die Unterst\u00fctzungskr\u00e4fte trafen am n\u00e4chsten Tag in Waiblingen ein. Bevor es ernst wurde, fand am Vortag eine Marktf\u00fchrung sowie ein gemeinsames Abendessen zum Kennenlernen statt. Der Spa\u00df kam dabei nat\u00fcrlich nicht zu kurz <\/span><span>\ud83d\ude0a<\/span><span>.\u00a0<\/span><\/p>\n<p><span>Der Tag im Markt verlief nahezu reibungslos. Dieser begann mit einer Rede des ausgew\u00e4hlten Marktleiters. Nach einer feierlichen Er\u00f6ffnung ging das Team direkt in das Tagesgesch\u00e4ft \u00fcber. Von Kassiert\u00e4tigkeiten, \u00fcber das Einr\u00e4umen der Ware in die Regale, bis hin zur Beratung der Kund*innen: Alle Auszubildenden erf\u00fcllten ihre Aufgaben sehr sorgf\u00e4ltig und \u00fcberzeugten durch ihr kompetentes und freundliches Auftreten. Die Kund*innen hatten direkt am Eingang die M\u00f6glichkeit, bei der Tombola verschiedene Preise zu gewinnen, wie beispielsweise Regenschirme, Pfl\u00e4nzchen und vieles mehr. Als Hauptgewinn wurden drei Dehner Gutscheine verlost. Dar\u00fcber hinaus konnte sich die junge Generation \u00fcber die Ausbildungsm\u00f6glichkeiten bei Dehner informieren. <\/span><\/p>\n<p><span>Nach dem erfolgreichen Ladenschluss fand dann das gemeinsame Grillen statt, um den gelungenen Tag zusammen ausklingen zu lassen. Am n\u00e4chsten Tag stand eine Nachbereitung und Reflektion auf der Agenda. Hierf\u00fcr wurde die stellvertretende Marktleitung aus Waiblingen und die Regionalvertriebsleitung eingeladen, die den Tag im Markt hinter den Kulissen beobachteten. Nach einer ausf\u00fchrlichen und konstruktiven Feedbackrunde ging es f\u00fcr alle Auszubildenden wieder nach Hause. <\/span><\/p>\n                    <\/div>                <\/div>\n            \n        <\/div>\n    <\/div>\n<\/section>\n\n\n<section class=\"block-img-txt text-50-img-50 pb-4\">\n    <div class=\"container\">\n        <div class=\"row\">\n                            <div class=\"col-md-6 pb-4 d-none d-md-block image\">\n                    <img loading=\"lazy\" decoding=\"async\" width=\"560\" height=\"600\" src=\"https:\/\/www.dehner.de\/jobs\/app\/uploads\/sites\/7\/2023\/11\/dehner-azubi-projekt-erfolg-3.png\" class=\"img-cover\" alt=\"dehner-azubi-projekt-erfolg\" srcset=\"https:\/\/www.dehner.de\/jobs\/app\/uploads\/sites\/7\/2023\/11\/dehner-azubi-projekt-erfolg-3.png 560w, https:\/\/www.dehner.de\/jobs\/app\/uploads\/sites\/7\/2023\/11\/dehner-azubi-projekt-erfolg-3-280x300.png 280w, https:\/\/www.dehner.de\/jobs\/app\/uploads\/sites\/7\/2023\/11\/dehner-azubi-projekt-erfolg-3-140x150.png 140w\" sizes=\"auto, (max-width: 560px) 100vw, 560px\" \/>                <\/div>\n                <div class=\"col-md-6 df fc jcc body\">\n                            <a href=\"#\" class=\"toggler toggler-down-md toggler-hide\" data-toggle=\"collapse\" data-target=\"#block_6543518b1623a\" aria-expanded=\"true\" aria-controls=\"block_6543518b1623a\">\n                            <img loading=\"lazy\" decoding=\"async\" width=\"560\" height=\"600\" src=\"https:\/\/www.dehner.de\/jobs\/app\/uploads\/sites\/7\/2023\/11\/dehner-azubi-projekt-erfolg-3.png\" class=\"mobile-image img-fluid mb-3 d-md-none\" alt=\"dehner-azubi-projekt-erfolg\" srcset=\"https:\/\/www.dehner.de\/jobs\/app\/uploads\/sites\/7\/2023\/11\/dehner-azubi-projekt-erfolg-3.png 560w, https:\/\/www.dehner.de\/jobs\/app\/uploads\/sites\/7\/2023\/11\/dehner-azubi-projekt-erfolg-3-280x300.png 280w, https:\/\/www.dehner.de\/jobs\/app\/uploads\/sites\/7\/2023\/11\/dehner-azubi-projekt-erfolg-3-140x150.png 140w\" sizes=\"auto, (max-width: 560px) 100vw, 560px\" \/>                        <h3 class=\"font-h4 toggler toggler-down-md\">Unser Fazit<\/h3>        <\/a>\n        <div class=\"collapse text show\" id=\"block_6543518b1623a\" data-parent=\"main\">\n            <p><span>Das Fazit der Junior-Kollegler*innen: Das Projekt war ein gro\u00dfer Erfolg. Alle Auszubildenden hatten die M\u00f6glichkeit, ihre eigenen St\u00e4rken einzusetzen und damit ihr volles Potenzial zu entfalten. F\u00fcr die Unterst\u00fctzung aller Mitarbeiter*innen, die bei diesem Projekt mitgewirkt haben, m\u00f6chte sich der Junior-Kolleg Jahrgang 2022 herzlich bedanken.<\/span><\/p>\n<p><span>\u00a0<\/span><span>Du hast auch Lust auf eine spannende Ausbildung, in der Du \u00fcber Dich hinauswachsen kannst? Dann schau doch mal auf unserem <a href=\"http:\/\/www.dehner.de\/jobs\/jobmarkt\">Job-Portal <\/a><\/span><span>vorbei und finde die Ausbildung, die zu Dir passt!<\/span><\/p>\n                    <\/div>                <\/div>\n            \n        <\/div>\n    <\/div>\n<\/section>\n","protected":false},"excerpt":{"rendered":"","protected":false},"featured_media":25454,"parent":0,"template":"","blog_category":[454],"class_list":["post-25440","blog","type-blog","status-publish","has-post-thumbnail","hentry","blog_category-ausbildung"],"acf":[],"yoast_head":"<!-- This site is optimized with the Yoast SEO plugin v24.5 - https:\/\/yoast.com\/wordpress\/plugins\/seo\/ -->\n<title>Projekt erfolgreich gemeistert \u2013 Azubis f\u00fchren Markt<\/title>\n<meta name=\"description\" content=\"In nur einem Tag zur F\u00fchrungskraft: 12 Azubis bei Dehner leiten eigenst\u00e4ndig ein Garten-Center. \u27a4 Jetzt lesen\" \/>\n<meta name=\"robots\" content=\"index, follow, max-snippet:-1, max-image-preview:large, max-video-preview:-1\" \/>\n<link rel=\"canonical\" href=\"https:\/\/www.dehner.de\/jobs\/blogbeitrag\/projekt-erfolgreich-gemeistert-azubis-fuehren-einen-dehner-markt\/\" \/>\n<meta property=\"og:locale\" content=\"de_DE\" \/>\n<meta property=\"og:type\" content=\"article\" \/>\n<meta property=\"og:title\" content=\"Projekt erfolgreich gemeistert \u2013 Azubis f\u00fchren Markt\" \/>\n<meta property=\"og:description\" content=\"In nur einem Tag zur F\u00fchrungskraft: 12 Azubis bei Dehner leiten eigenst\u00e4ndig ein Garten-Center. \u27a4 Jetzt lesen\" \/>\n<meta property=\"og:url\" content=\"https:\/\/www.dehner.de\/jobs\/blogbeitrag\/projekt-erfolgreich-gemeistert-azubis-fuehren-einen-dehner-markt\/\" \/>\n<meta property=\"og:site_name\" content=\"Karriere bei Dehner\" \/>\n<meta property=\"article:modified_time\" content=\"2025-02-25T07:07:04+00:00\" \/>\n<meta property=\"og:image\" content=\"https:\/\/www.dehner.de\/jobs\/app\/uploads\/sites\/7\/2023\/11\/dehner-team-projekt-zusammenhalt.png\" \/>\n\t<meta property=\"og:image:width\" content=\"1920\" \/>\n\t<meta property=\"og:image:height\" content=\"500\" \/>\n\t<meta property=\"og:image:type\" content=\"image\/png\" \/>\n<meta name=\"twitter:card\" content=\"summary_large_image\" \/>\n<meta name=\"twitter:label1\" content=\"Est. reading time\" \/>\n\t<meta name=\"twitter:data1\" content=\"5 Minuten\" \/>\n<script type=\"application\/ld+json\" class=\"yoast-schema-graph\">{\"@context\":\"https:\/\/schema.org\",\"@graph\":[{\"@type\":\"WebPage\",\"@id\":\"https:\/\/www.dehner.de\/jobs\/blogbeitrag\/projekt-erfolgreich-gemeistert-azubis-fuehren-einen-dehner-markt\/\",\"url\":\"https:\/\/www.dehner.de\/jobs\/blogbeitrag\/projekt-erfolgreich-gemeistert-azubis-fuehren-einen-dehner-markt\/\",\"name\":\"Projekt erfolgreich gemeistert \u2013 Azubis f\u00fchren Markt\",\"isPartOf\":{\"@id\":\"https:\/\/www.dehner.de\/jobs\/#website\"},\"primaryImageOfPage\":{\"@id\":\"https:\/\/www.dehner.de\/jobs\/blogbeitrag\/projekt-erfolgreich-gemeistert-azubis-fuehren-einen-dehner-markt\/#primaryimage\"},\"image\":{\"@id\":\"https:\/\/www.dehner.de\/jobs\/blogbeitrag\/projekt-erfolgreich-gemeistert-azubis-fuehren-einen-dehner-markt\/#primaryimage\"},\"thumbnailUrl\":\"https:\/\/www.dehner.de\/jobs\/app\/uploads\/sites\/7\/2023\/11\/dehner-team-projekt-zusammenhalt.png\",\"datePublished\":\"2023-11-13T07:00:00+00:00\",\"dateModified\":\"2025-02-25T07:07:04+00:00\",\"description\":\"In nur einem Tag zur F\u00fchrungskraft: 12 Azubis bei Dehner leiten eigenst\u00e4ndig ein Garten-Center. \u27a4 Jetzt lesen\",\"breadcrumb\":{\"@id\":\"https:\/\/www.dehner.de\/jobs\/blogbeitrag\/projekt-erfolgreich-gemeistert-azubis-fuehren-einen-dehner-markt\/#breadcrumb\"},\"inLanguage\":\"de-DE\",\"potentialAction\":[{\"@type\":\"ReadAction\",\"target\":[\"https:\/\/www.dehner.de\/jobs\/blogbeitrag\/projekt-erfolgreich-gemeistert-azubis-fuehren-einen-dehner-markt\/\"]}]},{\"@type\":\"ImageObject\",\"inLanguage\":\"de-DE\",\"@id\":\"https:\/\/www.dehner.de\/jobs\/blogbeitrag\/projekt-erfolgreich-gemeistert-azubis-fuehren-einen-dehner-markt\/#primaryimage\",\"url\":\"https:\/\/www.dehner.de\/jobs\/app\/uploads\/sites\/7\/2023\/11\/dehner-team-projekt-zusammenhalt.png\",\"contentUrl\":\"https:\/\/www.dehner.de\/jobs\/app\/uploads\/sites\/7\/2023\/11\/dehner-team-projekt-zusammenhalt.png\",\"width\":1920,\"height\":500},{\"@type\":\"BreadcrumbList\",\"@id\":\"https:\/\/www.dehner.de\/jobs\/blogbeitrag\/projekt-erfolgreich-gemeistert-azubis-fuehren-einen-dehner-markt\/#breadcrumb\",\"itemListElement\":[{\"@type\":\"ListItem\",\"position\":1,\"name\":\"Home\",\"item\":\"https:\/\/www.dehner.de\/jobs\/\"},{\"@type\":\"ListItem\",\"position\":2,\"name\":\"Projekt erfolgreich gemeistert: Azubis f\u00fchren einen Dehner Markt\"}]},{\"@type\":\"WebSite\",\"@id\":\"https:\/\/www.dehner.de\/jobs\/#website\",\"url\":\"https:\/\/www.dehner.de\/jobs\/\",\"name\":\"Karriere bei Dehner\",\"description\":\"Die Storys unserer Personalbotschafter\",\"publisher\":{\"@id\":\"https:\/\/www.dehner.de\/jobs\/#organization\"},\"potentialAction\":[{\"@type\":\"SearchAction\",\"target\":{\"@type\":\"EntryPoint\",\"urlTemplate\":\"https:\/\/www.dehner.de\/jobs\/?s={search_term_string}\"},\"query-input\":{\"@type\":\"PropertyValueSpecification\",\"valueRequired\":true,\"valueName\":\"search_term_string\"}}],\"inLanguage\":\"de-DE\"},{\"@type\":\"Organization\",\"@id\":\"https:\/\/www.dehner.de\/jobs\/#organization\",\"name\":\"Karriere bei Dehner\",\"url\":\"https:\/\/www.dehner.de\/jobs\/\",\"logo\":{\"@type\":\"ImageObject\",\"inLanguage\":\"de-DE\",\"@id\":\"https:\/\/www.dehner.de\/jobs\/#\/schema\/logo\/image\/\",\"url\":\"https:\/\/www.dehner.de\/jobs\/app\/uploads\/sites\/7\/2025\/12\/dehner-garten-center-koenigsbrunn-revitalisierung-neubau-umbau.png\",\"contentUrl\":\"https:\/\/www.dehner.de\/jobs\/app\/uploads\/sites\/7\/2025\/12\/dehner-garten-center-koenigsbrunn-revitalisierung-neubau-umbau.png\",\"width\":800,\"height\":1315,\"caption\":\"Karriere bei Dehner\"},\"image\":{\"@id\":\"https:\/\/www.dehner.de\/jobs\/#\/schema\/logo\/image\/\"}}]}<\/script>\n<!-- \/ Yoast SEO plugin. -->","yoast_head_json":{"title":"Projekt erfolgreich gemeistert \u2013 Azubis f\u00fchren Markt","description":"In nur einem Tag zur F\u00fchrungskraft: 12 Azubis bei Dehner leiten eigenst\u00e4ndig ein Garten-Center. \u27a4 Jetzt lesen","robots":{"index":"index","follow":"follow","max-snippet":"max-snippet:-1","max-image-preview":"max-image-preview:large","max-video-preview":"max-video-preview:-1"},"canonical":"https:\/\/www.dehner.de\/jobs\/blogbeitrag\/projekt-erfolgreich-gemeistert-azubis-fuehren-einen-dehner-markt\/","og_locale":"de_DE","og_type":"article","og_title":"Projekt erfolgreich gemeistert \u2013 Azubis f\u00fchren Markt","og_description":"In nur einem Tag zur F\u00fchrungskraft: 12 Azubis bei Dehner leiten eigenst\u00e4ndig ein Garten-Center. \u27a4 Jetzt lesen","og_url":"https:\/\/www.dehner.de\/jobs\/blogbeitrag\/projekt-erfolgreich-gemeistert-azubis-fuehren-einen-dehner-markt\/","og_site_name":"Karriere bei Dehner","article_modified_time":"2025-02-25T07:07:04+00:00","og_image":[{"width":1920,"height":500,"url":"https:\/\/www.dehner.de\/jobs\/app\/uploads\/sites\/7\/2023\/11\/dehner-team-projekt-zusammenhalt.png","type":"image\/png"}],"twitter_card":"summary_large_image","twitter_misc":{"Est. reading time":"5 Minuten"},"schema":{"@context":"https:\/\/schema.org","@graph":[{"@type":"WebPage","@id":"https:\/\/www.dehner.de\/jobs\/blogbeitrag\/projekt-erfolgreich-gemeistert-azubis-fuehren-einen-dehner-markt\/","url":"https:\/\/www.dehner.de\/jobs\/blogbeitrag\/projekt-erfolgreich-gemeistert-azubis-fuehren-einen-dehner-markt\/","name":"Projekt erfolgreich gemeistert \u2013 Azubis f\u00fchren Markt","isPartOf":{"@id":"https:\/\/www.dehner.de\/jobs\/#website"},"primaryImageOfPage":{"@id":"https:\/\/www.dehner.de\/jobs\/blogbeitrag\/projekt-erfolgreich-gemeistert-azubis-fuehren-einen-dehner-markt\/#primaryimage"},"image":{"@id":"https:\/\/www.dehner.de\/jobs\/blogbeitrag\/projekt-erfolgreich-gemeistert-azubis-fuehren-einen-dehner-markt\/#primaryimage"},"thumbnailUrl":"https:\/\/www.dehner.de\/jobs\/app\/uploads\/sites\/7\/2023\/11\/dehner-team-projekt-zusammenhalt.png","datePublished":"2023-11-13T07:00:00+00:00","dateModified":"2025-02-25T07:07:04+00:00","description":"In nur einem Tag zur F\u00fchrungskraft: 12 Azubis bei Dehner leiten eigenst\u00e4ndig ein Garten-Center. \u27a4 Jetzt lesen","breadcrumb":{"@id":"https:\/\/www.dehner.de\/jobs\/blogbeitrag\/projekt-erfolgreich-gemeistert-azubis-fuehren-einen-dehner-markt\/#breadcrumb"},"inLanguage":"de-DE","potentialAction":[{"@type":"ReadAction","target":["https:\/\/www.dehner.de\/jobs\/blogbeitrag\/projekt-erfolgreich-gemeistert-azubis-fuehren-einen-dehner-markt\/"]}]},{"@type":"ImageObject","inLanguage":"de-DE","@id":"https:\/\/www.dehner.de\/jobs\/blogbeitrag\/projekt-erfolgreich-gemeistert-azubis-fuehren-einen-dehner-markt\/#primaryimage","url":"https:\/\/www.dehner.de\/jobs\/app\/uploads\/sites\/7\/2023\/11\/dehner-team-projekt-zusammenhalt.png","contentUrl":"https:\/\/www.dehner.de\/jobs\/app\/uploads\/sites\/7\/2023\/11\/dehner-team-projekt-zusammenhalt.png","width":1920,"height":500},{"@type":"BreadcrumbList","@id":"https:\/\/www.dehner.de\/jobs\/blogbeitrag\/projekt-erfolgreich-gemeistert-azubis-fuehren-einen-dehner-markt\/#breadcrumb","itemListElement":[{"@type":"ListItem","position":1,"name":"Home","item":"https:\/\/www.dehner.de\/jobs\/"},{"@type":"ListItem","position":2,"name":"Projekt erfolgreich gemeistert: Azubis f\u00fchren einen Dehner Markt"}]},{"@type":"WebSite","@id":"https:\/\/www.dehner.de\/jobs\/#website","url":"https:\/\/www.dehner.de\/jobs\/","name":"Karriere bei Dehner","description":"Die Storys unserer Personalbotschafter","publisher":{"@id":"https:\/\/www.dehner.de\/jobs\/#organization"},"potentialAction":[{"@type":"SearchAction","target":{"@type":"EntryPoint","urlTemplate":"https:\/\/www.dehner.de\/jobs\/?s={search_term_string}"},"query-input":{"@type":"PropertyValueSpecification","valueRequired":true,"valueName":"search_term_string"}}],"inLanguage":"de-DE"},{"@type":"Organization","@id":"https:\/\/www.dehner.de\/jobs\/#organization","name":"Karriere bei Dehner","url":"https:\/\/www.dehner.de\/jobs\/","logo":{"@type":"ImageObject","inLanguage":"de-DE","@id":"https:\/\/www.dehner.de\/jobs\/#\/schema\/logo\/image\/","url":"https:\/\/www.dehner.de\/jobs\/app\/uploads\/sites\/7\/2025\/12\/dehner-garten-center-koenigsbrunn-revitalisierung-neubau-umbau.png","contentUrl":"https:\/\/www.dehner.de\/jobs\/app\/uploads\/sites\/7\/2025\/12\/dehner-garten-center-koenigsbrunn-revitalisierung-neubau-umbau.png","width":800,"height":1315,"caption":"Karriere bei Dehner"},"image":{"@id":"https:\/\/www.dehner.de\/jobs\/#\/schema\/logo\/image\/"}}]}},"_links":{"self":[{"href":"https:\/\/www.dehner.de\/jobs\/wp-json\/wp\/v2\/blog\/25440","targetHints":{"allow":["GET"]}}],"collection":[{"href":"https:\/\/www.dehner.de\/jobs\/wp-json\/wp\/v2\/blog"}],"about":[{"href":"https:\/\/www.dehner.de\/jobs\/wp-json\/wp\/v2\/types\/blog"}],"version-history":[{"count":16,"href":"https:\/\/www.dehner.de\/jobs\/wp-json\/wp\/v2\/blog\/25440\/revisions"}],"predecessor-version":[{"id":25511,"href":"https:\/\/www.dehner.de\/jobs\/wp-json\/wp\/v2\/blog\/25440\/revisions\/25511"}],"wp:featuredmedia":[{"embeddable":true,"href":"https:\/\/www.dehner.de\/jobs\/wp-json\/wp\/v2\/media\/25454"}],"wp:attachment":[{"href":"https:\/\/www.dehner.de\/jobs\/wp-json\/wp\/v2\/media?parent=25440"}],"wp:term":[{"taxonomy":"blog_category","embeddable":true,"href":"https:\/\/www.dehner.de\/jobs\/wp-json\/wp\/v2\/blog_category?post=25440"}],"curies":[{"name":"wp","href":"https:\/\/api.w.org\/{rel}","templated":true}]}}