{"id":23264,"date":"2023-10-26T08:00:00","date_gmt":"2023-10-26T06:00:00","guid":{"rendered":"https:\/\/www.dehner.de\/jobs\/?post_type=blog&#038;p=23264"},"modified":"2025-02-25T08:11:31","modified_gmt":"2025-02-25T07:11:31","slug":"den-abschluss-in-der-hand-absolventenfeier-2023","status":"publish","type":"blog","link":"https:\/\/www.dehner.de\/jobs\/blogbeitrag\/den-abschluss-in-der-hand-absolventenfeier-2023\/","title":{"rendered":"Den Abschluss in der Hand: Absolventenfeier 2023"},"content":{"rendered":"<section class=\"block-img-txt img-50-text-50 pb-4\">\n    <div class=\"container\">\n        <div class=\"row\">\n                            <div class=\"col-md-6 pb-4 d-none d-md-block image\">\n                                    <\/div>\n                <div class=\"col-md-6 df fc jcc body\">\n                                                        <div class=\"text\">\n                    <\/div>\n                                <\/div>\n            \n        <\/div>\n    <\/div>\n<\/section>\n\n\n<section class=\"block-img-txt text-50-img-50 pb-4\">\n    <div class=\"container\">\n        <div class=\"row\">\n                            <div class=\"col-md-6 pb-4 d-none d-md-block image\">\n                    <img loading=\"lazy\" decoding=\"async\" width=\"560\" height=\"600\" src=\"https:\/\/www.dehner.de\/jobs\/app\/uploads\/sites\/7\/2023\/10\/bachelorarbeit-duales-studium-dehner.png\" class=\"img-cover\" alt=\"Bachelorarbeit bei Dehner\" srcset=\"https:\/\/www.dehner.de\/jobs\/app\/uploads\/sites\/7\/2023\/10\/bachelorarbeit-duales-studium-dehner.png 560w, https:\/\/www.dehner.de\/jobs\/app\/uploads\/sites\/7\/2023\/10\/bachelorarbeit-duales-studium-dehner-280x300.png 280w, https:\/\/www.dehner.de\/jobs\/app\/uploads\/sites\/7\/2023\/10\/bachelorarbeit-duales-studium-dehner-140x150.png 140w\" sizes=\"auto, (max-width: 560px) 100vw, 560px\" \/>                <\/div>\n                <div class=\"col-md-6 df fc jcc body\">\n                            <a href=\"#\" class=\"toggler toggler-down-md toggler-hide\" data-toggle=\"collapse\" data-target=\"#block_650a87c65af78\" aria-expanded=\"true\" aria-controls=\"block_650a87c65af78\">\n                            <img loading=\"lazy\" decoding=\"async\" width=\"560\" height=\"600\" src=\"https:\/\/www.dehner.de\/jobs\/app\/uploads\/sites\/7\/2023\/10\/bachelorarbeit-duales-studium-dehner.png\" class=\"mobile-image img-fluid mb-3 d-md-none\" alt=\"Bachelorarbeit bei Dehner\" srcset=\"https:\/\/www.dehner.de\/jobs\/app\/uploads\/sites\/7\/2023\/10\/bachelorarbeit-duales-studium-dehner.png 560w, https:\/\/www.dehner.de\/jobs\/app\/uploads\/sites\/7\/2023\/10\/bachelorarbeit-duales-studium-dehner-280x300.png 280w, https:\/\/www.dehner.de\/jobs\/app\/uploads\/sites\/7\/2023\/10\/bachelorarbeit-duales-studium-dehner-140x150.png 140w\" sizes=\"auto, (max-width: 560px) 100vw, 560px\" \/>                        <h3 class=\"font-h4 toggler toggler-down-md\">Das Ende eines etwas anderen Studiums<\/h3>        <\/a>\n        <div class=\"collapse text show\" id=\"block_650a87c65af78\" data-parent=\"main\">\n            <p>Nach drei Jahren ist mein duales Studium \u201eBWL-Handel\u201c nun zu Ende. Ich schaue auf viele sch\u00f6ne Erlebnisse und einige Herausforderungen zur\u00fcck. Aufgrund der Pandemie verlief meine Studienzeit anders als erwartet: Sie war gepr\u00e4gt von vielen Online-Vorlesungen. Sogar die Gruppenarbeiten mussten wir auf Distanz organisieren. Aber im 4. Semester durfte ich zum ersten Mal vor Ort an der DHBW Heidenheim studieren! Das gemeinsame Lernen in Pr\u00e4senz hat den Zusammenhalt unter den Kommiliton*innen eindeutig verst\u00e4rkt.<\/p>\n<p>Nachdem es mir in meiner 5. Praxisphase bei Dehner in der Abteilung Young Talents so gut gefallen hat, wollte ich hier auch meine letzte Praxisphase verbringen. Zudem hatte ich Gl\u00fcck und habe in dieser Abteilung sogar eine Stelle nach Abschluss meines Studiums erhalten. So konnte ich in dieser Zeit gleich in meine neuen Aufgabenfelder eingearbeitet werden und schrieb parallel meine Bachelorarbeit zum Thema Social Media im Ausbildungsmarketing. Danach fehlte nur noch die m\u00fcndliche Pr\u00fcfung. Sie fand am gleichen Tag statt wie die Absolventenfeier. Perfektes Timing aber, wie ich finde! Denn nachdem ich bestanden hatte, konnte ich sofort zur Party.<\/p>\n                    <\/div>                <\/div>\n            \n        <\/div>\n    <\/div>\n<\/section>\n\n\n<section class=\"block-img-txt img-50-text-50 pb-4\">\n    <div class=\"container\">\n        <div class=\"row\">\n                            <div class=\"col-md-6 pb-4 d-none d-md-block image\">\n                    <img loading=\"lazy\" decoding=\"async\" width=\"560\" height=\"600\" src=\"https:\/\/www.dehner.de\/jobs\/app\/uploads\/sites\/7\/2023\/10\/programm-dehner-absolventenfeier.png\" class=\"img-cover\" alt=\"Programm der Dehner Absolventenfeier\" srcset=\"https:\/\/www.dehner.de\/jobs\/app\/uploads\/sites\/7\/2023\/10\/programm-dehner-absolventenfeier.png 560w, https:\/\/www.dehner.de\/jobs\/app\/uploads\/sites\/7\/2023\/10\/programm-dehner-absolventenfeier-280x300.png 280w, https:\/\/www.dehner.de\/jobs\/app\/uploads\/sites\/7\/2023\/10\/programm-dehner-absolventenfeier-140x150.png 140w\" sizes=\"auto, (max-width: 560px) 100vw, 560px\" \/>                <\/div>\n                <div class=\"col-md-6 df fc jcc body\">\n                            <a href=\"#\" class=\"toggler toggler-down-md toggler-hide\" data-toggle=\"collapse\" data-target=\"#block_650a884b5af79\" aria-expanded=\"true\" aria-controls=\"block_650a884b5af79\">\n                            <img loading=\"lazy\" decoding=\"async\" width=\"560\" height=\"600\" src=\"https:\/\/www.dehner.de\/jobs\/app\/uploads\/sites\/7\/2023\/10\/programm-dehner-absolventenfeier.png\" class=\"mobile-image img-fluid mb-3 d-md-none\" alt=\"Programm der Dehner Absolventenfeier\" srcset=\"https:\/\/www.dehner.de\/jobs\/app\/uploads\/sites\/7\/2023\/10\/programm-dehner-absolventenfeier.png 560w, https:\/\/www.dehner.de\/jobs\/app\/uploads\/sites\/7\/2023\/10\/programm-dehner-absolventenfeier-280x300.png 280w, https:\/\/www.dehner.de\/jobs\/app\/uploads\/sites\/7\/2023\/10\/programm-dehner-absolventenfeier-140x150.png 140w\" sizes=\"auto, (max-width: 560px) 100vw, 560px\" \/>                        <h3 class=\"font-h4 toggler toggler-down-md\">Volles Programm und gro\u00dfe Erleichterung<\/h3>        <\/a>\n        <div class=\"collapse text show\" id=\"block_650a884b5af79\" data-parent=\"main\">\n            <p>Um 15:00 Uhr trafen sich die meisten Absolvent*innen an der Unternehmenszentrale in Rain. Dort standen F\u00fchrungen auf dem Programm. Man konnte entweder die G\u00e4rtnersiedlung besichtigen oder wurde durch die Degro und Logistik gef\u00fchrt. Die Degro ist unser Gro\u00dfhandelsunternehmen.<\/p>\n<p>Ich sa\u00df zu diesem Zeitpunkt noch in meiner m\u00fcndlichen Pr\u00fcfung in Heidenheim. P\u00fcnktlich zur anschlie\u00dfenden Feier ab 17:00 Uhr bin ich dann im Gasthaus Neuwirt in Rain-Bayerdilling zu den anderen Absolvent*innen dazugesto\u00dfen. Mit einem Gef\u00fchl der Erleichterung betrat ich die gem\u00fctlich dekorierten R\u00e4umlichkeiten. Ein gro\u00dfer Lebensabschnitt ging zu Ende und heute sollte er geb\u00fchrend gefeiert werden.<\/p>\n<p>An der Location wartete bei strahlendem Sonnenschein ein Sektempfang auf uns. Anschlie\u00dfend fand die offizielle Begr\u00fc\u00dfung durch Frau Ulrike Schott (Bereichsleitung Human Resources) und Frau Elke Zeigner (Abteilungsleiterin Young Talents) statt. Danach war es Zeit f\u00fcr die \u00dcbergabe der Zertifikate durch die Gesch\u00e4ftsf\u00fchrer Herrn B\u00f6ing und Herrn Dr. Flassak.<\/p>\n                    <\/div>                <\/div>\n            \n        <\/div>\n    <\/div>\n<\/section>\n\n\n<section class=\"block-img-txt text-50-img-50 pb-4\">\n    <div class=\"container\">\n        <div class=\"row\">\n                            <div class=\"col-md-6 pb-4 d-none d-md-block image\">\n                    <img loading=\"lazy\" decoding=\"async\" width=\"560\" height=\"600\" src=\"https:\/\/www.dehner.de\/jobs\/app\/uploads\/sites\/7\/2023\/10\/ehrung-zeugnisse-dehner.png\" class=\"img-cover\" alt=\"Dehner ehrt Azubis und duale Studenten\" srcset=\"https:\/\/www.dehner.de\/jobs\/app\/uploads\/sites\/7\/2023\/10\/ehrung-zeugnisse-dehner.png 560w, https:\/\/www.dehner.de\/jobs\/app\/uploads\/sites\/7\/2023\/10\/ehrung-zeugnisse-dehner-280x300.png 280w, https:\/\/www.dehner.de\/jobs\/app\/uploads\/sites\/7\/2023\/10\/ehrung-zeugnisse-dehner-140x150.png 140w\" sizes=\"auto, (max-width: 560px) 100vw, 560px\" \/>                <\/div>\n                <div class=\"col-md-6 df fc jcc body\">\n                            <a href=\"#\" class=\"toggler toggler-down-md toggler-hide\" data-toggle=\"collapse\" data-target=\"#block_650a887a5af7a\" aria-expanded=\"true\" aria-controls=\"block_650a887a5af7a\">\n                            <img loading=\"lazy\" decoding=\"async\" width=\"560\" height=\"600\" src=\"https:\/\/www.dehner.de\/jobs\/app\/uploads\/sites\/7\/2023\/10\/ehrung-zeugnisse-dehner.png\" class=\"mobile-image img-fluid mb-3 d-md-none\" alt=\"Dehner ehrt Azubis und duale Studenten\" srcset=\"https:\/\/www.dehner.de\/jobs\/app\/uploads\/sites\/7\/2023\/10\/ehrung-zeugnisse-dehner.png 560w, https:\/\/www.dehner.de\/jobs\/app\/uploads\/sites\/7\/2023\/10\/ehrung-zeugnisse-dehner-280x300.png 280w, https:\/\/www.dehner.de\/jobs\/app\/uploads\/sites\/7\/2023\/10\/ehrung-zeugnisse-dehner-140x150.png 140w\" sizes=\"auto, (max-width: 560px) 100vw, 560px\" \/>                        <h3 class=\"font-h4 toggler toggler-down-md\">Besondere Ehrungen f\u00fcr Bestleistungen<\/h3>        <\/a>\n        <div class=\"collapse text show\" id=\"block_650a887a5af7a\" data-parent=\"main\">\n            <p>Wer seine Ausbildung oder sein duales Studium mit sehr guten Noten bestanden hatte, wurde zus\u00e4tzlich geehrt. Au\u00dferdem wurde der Julius-Wolf-Preis verliehen. Diese Auszeichnung geht jedes Jahr an eine*n Absolvent*in, der oder die besonderes Engagement in der Ausbildung gezeigt hat.<\/p>\n<p>Nach den Ehrungen stand der wichtigste Programmpunkt an: Das gemeinsame Essen. Schon beim Vorspeisen-Buffett gab es eine riesige Auswahl verschiedener Salate und Antipasti und auch beim Hauptgang war alles dabei, was das Herz begehrt. Der Nachtisch zu sp\u00e4terer Stunde war erst recht ein Genuss. Dehner sagt an dieser Stelle Danke an den gro\u00dfartigen Gasthof Neuwirt.<\/p>\n                    <\/div>                <\/div>\n            \n        <\/div>\n    <\/div>\n<\/section>\n\n\n<section class=\"block-img-txt img-50-text-50 pb-4\">\n    <div class=\"container\">\n        <div class=\"row\">\n                            <div class=\"col-md-6 pb-4 d-none d-md-block image\">\n                    <img loading=\"lazy\" decoding=\"async\" width=\"560\" height=\"600\" src=\"https:\/\/www.dehner.de\/jobs\/app\/uploads\/sites\/7\/2023\/10\/absolventen-dehner-feier.png\" class=\"img-cover\" alt=\"Dehner feiert erfolgreiche Absolventen\" srcset=\"https:\/\/www.dehner.de\/jobs\/app\/uploads\/sites\/7\/2023\/10\/absolventen-dehner-feier.png 560w, https:\/\/www.dehner.de\/jobs\/app\/uploads\/sites\/7\/2023\/10\/absolventen-dehner-feier-280x300.png 280w, https:\/\/www.dehner.de\/jobs\/app\/uploads\/sites\/7\/2023\/10\/absolventen-dehner-feier-140x150.png 140w\" sizes=\"auto, (max-width: 560px) 100vw, 560px\" \/>                <\/div>\n                <div class=\"col-md-6 df fc jcc body\">\n                            <a href=\"#\" class=\"toggler toggler-down-md toggler-hide\" data-toggle=\"collapse\" data-target=\"#block_6537c8f02a50d\" aria-expanded=\"true\" aria-controls=\"block_6537c8f02a50d\">\n                            <img loading=\"lazy\" decoding=\"async\" width=\"560\" height=\"600\" src=\"https:\/\/www.dehner.de\/jobs\/app\/uploads\/sites\/7\/2023\/10\/absolventen-dehner-feier.png\" class=\"mobile-image img-fluid mb-3 d-md-none\" alt=\"Dehner feiert erfolgreiche Absolventen\" srcset=\"https:\/\/www.dehner.de\/jobs\/app\/uploads\/sites\/7\/2023\/10\/absolventen-dehner-feier.png 560w, https:\/\/www.dehner.de\/jobs\/app\/uploads\/sites\/7\/2023\/10\/absolventen-dehner-feier-280x300.png 280w, https:\/\/www.dehner.de\/jobs\/app\/uploads\/sites\/7\/2023\/10\/absolventen-dehner-feier-140x150.png 140w\" sizes=\"auto, (max-width: 560px) 100vw, 560px\" \/>                        <h3 class=\"font-h4 toggler toggler-down-md\">Stolz und Musik<\/h3>        <\/a>\n        <div class=\"collapse text show\" id=\"block_6537c8f02a50d\" data-parent=\"main\">\n            <p>Als alle fertig waren mit Essen, wurde die Tanzfl\u00e4che er\u00f6ffnet und die Band Proud4 sorgte f\u00fcr ausgelassene Stimmung. Der Name der Band h\u00e4tte ich nicht besser sein k\u00f6nnen, denn nun feierten die stolzen ehemaligen Student*innen und Azubis zusammen mit der Abteilung Young Talents das erfolgreiche Ende einer spannenden Zeit.<\/p>\n<p>Der Abend bildete den perfekten Abschluss meines dualen Studiums. Ich blicke gerne auf diese Zeit zur\u00fcck, trotz der vielen Online-Veranstaltungen. In den letzten drei Jahren konnte ich bei Dehner den Samen f\u00fcr meine berufliche Laufbahn s\u00e4en und ich m\u00f6chte nun weiterhin bei Dehner wachsen. Ich freue mich schon sehr auf meine neuen Aufgaben als \u201eJunior Managerin Young Talents\u201c. Das hei\u00dft, ich darf auch im n\u00e4chsten Jahr wieder bei der Absolventenfeier dabei sein \u2013 nur eben in einer anderen Funktion.<\/p>\n                    <\/div>                <\/div>\n            \n        <\/div>\n    <\/div>\n<\/section>\n","protected":false},"excerpt":{"rendered":"","protected":false},"featured_media":23273,"parent":0,"template":"","blog_category":[454],"class_list":["post-23264","blog","type-blog","status-publish","has-post-thumbnail","hentry","blog_category-ausbildung"],"acf":[],"yoast_head":"<!-- This site is optimized with the Yoast SEO plugin v24.5 - https:\/\/yoast.com\/wordpress\/plugins\/seo\/ -->\n<title>Den Abschluss in der Hand \u2013 Absolventenfeier 2023<\/title>\n<meta name=\"description\" content=\"Drei spannende Jahre gehen zu Ende! Dehner feiert gemeinsam mit seinen dualen Student*innen und erfolgreichen Azubis. \u27a4 Mehr erfahren\" \/>\n<meta name=\"robots\" content=\"index, follow, max-snippet:-1, max-image-preview:large, max-video-preview:-1\" \/>\n<link rel=\"canonical\" href=\"https:\/\/www.dehner.de\/jobs\/blogbeitrag\/den-abschluss-in-der-hand-absolventenfeier-2023\/\" \/>\n<meta property=\"og:locale\" content=\"de_DE\" \/>\n<meta property=\"og:type\" content=\"article\" \/>\n<meta property=\"og:title\" content=\"Den Abschluss in der Hand \u2013 Absolventenfeier 2023\" \/>\n<meta property=\"og:description\" content=\"Drei spannende Jahre gehen zu Ende! Dehner feiert gemeinsam mit seinen dualen Student*innen und erfolgreichen Azubis. \u27a4 Mehr erfahren\" \/>\n<meta property=\"og:url\" content=\"https:\/\/www.dehner.de\/jobs\/blogbeitrag\/den-abschluss-in-der-hand-absolventenfeier-2023\/\" \/>\n<meta property=\"og:site_name\" content=\"Karriere bei Dehner\" \/>\n<meta property=\"article:modified_time\" content=\"2025-02-25T07:11:31+00:00\" \/>\n<meta property=\"og:image\" content=\"https:\/\/www.dehner.de\/jobs\/app\/uploads\/sites\/7\/2023\/10\/dehner-absolventenfeier-abschluss-young-talents.png\" \/>\n\t<meta property=\"og:image:width\" content=\"1920\" \/>\n\t<meta property=\"og:image:height\" content=\"500\" \/>\n\t<meta property=\"og:image:type\" content=\"image\/png\" \/>\n<meta name=\"twitter:card\" content=\"summary_large_image\" \/>\n<meta name=\"twitter:label1\" content=\"Est. reading time\" \/>\n\t<meta name=\"twitter:data1\" content=\"5 Minuten\" \/>\n<script type=\"application\/ld+json\" class=\"yoast-schema-graph\">{\"@context\":\"https:\/\/schema.org\",\"@graph\":[{\"@type\":\"WebPage\",\"@id\":\"https:\/\/www.dehner.de\/jobs\/blogbeitrag\/den-abschluss-in-der-hand-absolventenfeier-2023\/\",\"url\":\"https:\/\/www.dehner.de\/jobs\/blogbeitrag\/den-abschluss-in-der-hand-absolventenfeier-2023\/\",\"name\":\"Den Abschluss in der Hand \u2013 Absolventenfeier 2023\",\"isPartOf\":{\"@id\":\"https:\/\/www.dehner.de\/jobs\/#website\"},\"primaryImageOfPage\":{\"@id\":\"https:\/\/www.dehner.de\/jobs\/blogbeitrag\/den-abschluss-in-der-hand-absolventenfeier-2023\/#primaryimage\"},\"image\":{\"@id\":\"https:\/\/www.dehner.de\/jobs\/blogbeitrag\/den-abschluss-in-der-hand-absolventenfeier-2023\/#primaryimage\"},\"thumbnailUrl\":\"https:\/\/www.dehner.de\/jobs\/app\/uploads\/sites\/7\/2023\/10\/dehner-absolventenfeier-abschluss-young-talents.png\",\"datePublished\":\"2023-10-26T06:00:00+00:00\",\"dateModified\":\"2025-02-25T07:11:31+00:00\",\"description\":\"Drei spannende Jahre gehen zu Ende! Dehner feiert gemeinsam mit seinen dualen Student*innen und erfolgreichen Azubis. \u27a4 Mehr erfahren\",\"breadcrumb\":{\"@id\":\"https:\/\/www.dehner.de\/jobs\/blogbeitrag\/den-abschluss-in-der-hand-absolventenfeier-2023\/#breadcrumb\"},\"inLanguage\":\"de-DE\",\"potentialAction\":[{\"@type\":\"ReadAction\",\"target\":[\"https:\/\/www.dehner.de\/jobs\/blogbeitrag\/den-abschluss-in-der-hand-absolventenfeier-2023\/\"]}]},{\"@type\":\"ImageObject\",\"inLanguage\":\"de-DE\",\"@id\":\"https:\/\/www.dehner.de\/jobs\/blogbeitrag\/den-abschluss-in-der-hand-absolventenfeier-2023\/#primaryimage\",\"url\":\"https:\/\/www.dehner.de\/jobs\/app\/uploads\/sites\/7\/2023\/10\/dehner-absolventenfeier-abschluss-young-talents.png\",\"contentUrl\":\"https:\/\/www.dehner.de\/jobs\/app\/uploads\/sites\/7\/2023\/10\/dehner-absolventenfeier-abschluss-young-talents.png\",\"width\":1920,\"height\":500,\"caption\":\"Absolventenfeier bei Dehner\"},{\"@type\":\"BreadcrumbList\",\"@id\":\"https:\/\/www.dehner.de\/jobs\/blogbeitrag\/den-abschluss-in-der-hand-absolventenfeier-2023\/#breadcrumb\",\"itemListElement\":[{\"@type\":\"ListItem\",\"position\":1,\"name\":\"Home\",\"item\":\"https:\/\/www.dehner.de\/jobs\/\"},{\"@type\":\"ListItem\",\"position\":2,\"name\":\"Den Abschluss in der Hand: Absolventenfeier 2023\"}]},{\"@type\":\"WebSite\",\"@id\":\"https:\/\/www.dehner.de\/jobs\/#website\",\"url\":\"https:\/\/www.dehner.de\/jobs\/\",\"name\":\"Karriere bei Dehner\",\"description\":\"Die Storys unserer Personalbotschafter\",\"publisher\":{\"@id\":\"https:\/\/www.dehner.de\/jobs\/#organization\"},\"potentialAction\":[{\"@type\":\"SearchAction\",\"target\":{\"@type\":\"EntryPoint\",\"urlTemplate\":\"https:\/\/www.dehner.de\/jobs\/?s={search_term_string}\"},\"query-input\":{\"@type\":\"PropertyValueSpecification\",\"valueRequired\":true,\"valueName\":\"search_term_string\"}}],\"inLanguage\":\"de-DE\"},{\"@type\":\"Organization\",\"@id\":\"https:\/\/www.dehner.de\/jobs\/#organization\",\"name\":\"Karriere bei Dehner\",\"url\":\"https:\/\/www.dehner.de\/jobs\/\",\"logo\":{\"@type\":\"ImageObject\",\"inLanguage\":\"de-DE\",\"@id\":\"https:\/\/www.dehner.de\/jobs\/#\/schema\/logo\/image\/\",\"url\":\"https:\/\/www.dehner.de\/jobs\/app\/uploads\/sites\/7\/2025\/12\/dehner-garten-center-koenigsbrunn-revitalisierung-neubau-umbau.png\",\"contentUrl\":\"https:\/\/www.dehner.de\/jobs\/app\/uploads\/sites\/7\/2025\/12\/dehner-garten-center-koenigsbrunn-revitalisierung-neubau-umbau.png\",\"width\":800,\"height\":1315,\"caption\":\"Karriere bei Dehner\"},\"image\":{\"@id\":\"https:\/\/www.dehner.de\/jobs\/#\/schema\/logo\/image\/\"}}]}<\/script>\n<!-- \/ Yoast SEO plugin. -->","yoast_head_json":{"title":"Den Abschluss in der Hand \u2013 Absolventenfeier 2023","description":"Drei spannende Jahre gehen zu Ende! Dehner feiert gemeinsam mit seinen dualen Student*innen und erfolgreichen Azubis. \u27a4 Mehr erfahren","robots":{"index":"index","follow":"follow","max-snippet":"max-snippet:-1","max-image-preview":"max-image-preview:large","max-video-preview":"max-video-preview:-1"},"canonical":"https:\/\/www.dehner.de\/jobs\/blogbeitrag\/den-abschluss-in-der-hand-absolventenfeier-2023\/","og_locale":"de_DE","og_type":"article","og_title":"Den Abschluss in der Hand \u2013 Absolventenfeier 2023","og_description":"Drei spannende Jahre gehen zu Ende! Dehner feiert gemeinsam mit seinen dualen Student*innen und erfolgreichen Azubis. \u27a4 Mehr erfahren","og_url":"https:\/\/www.dehner.de\/jobs\/blogbeitrag\/den-abschluss-in-der-hand-absolventenfeier-2023\/","og_site_name":"Karriere bei Dehner","article_modified_time":"2025-02-25T07:11:31+00:00","og_image":[{"width":1920,"height":500,"url":"https:\/\/www.dehner.de\/jobs\/app\/uploads\/sites\/7\/2023\/10\/dehner-absolventenfeier-abschluss-young-talents.png","type":"image\/png"}],"twitter_card":"summary_large_image","twitter_misc":{"Est. reading time":"5 Minuten"},"schema":{"@context":"https:\/\/schema.org","@graph":[{"@type":"WebPage","@id":"https:\/\/www.dehner.de\/jobs\/blogbeitrag\/den-abschluss-in-der-hand-absolventenfeier-2023\/","url":"https:\/\/www.dehner.de\/jobs\/blogbeitrag\/den-abschluss-in-der-hand-absolventenfeier-2023\/","name":"Den Abschluss in der Hand \u2013 Absolventenfeier 2023","isPartOf":{"@id":"https:\/\/www.dehner.de\/jobs\/#website"},"primaryImageOfPage":{"@id":"https:\/\/www.dehner.de\/jobs\/blogbeitrag\/den-abschluss-in-der-hand-absolventenfeier-2023\/#primaryimage"},"image":{"@id":"https:\/\/www.dehner.de\/jobs\/blogbeitrag\/den-abschluss-in-der-hand-absolventenfeier-2023\/#primaryimage"},"thumbnailUrl":"https:\/\/www.dehner.de\/jobs\/app\/uploads\/sites\/7\/2023\/10\/dehner-absolventenfeier-abschluss-young-talents.png","datePublished":"2023-10-26T06:00:00+00:00","dateModified":"2025-02-25T07:11:31+00:00","description":"Drei spannende Jahre gehen zu Ende! Dehner feiert gemeinsam mit seinen dualen Student*innen und erfolgreichen Azubis. \u27a4 Mehr erfahren","breadcrumb":{"@id":"https:\/\/www.dehner.de\/jobs\/blogbeitrag\/den-abschluss-in-der-hand-absolventenfeier-2023\/#breadcrumb"},"inLanguage":"de-DE","potentialAction":[{"@type":"ReadAction","target":["https:\/\/www.dehner.de\/jobs\/blogbeitrag\/den-abschluss-in-der-hand-absolventenfeier-2023\/"]}]},{"@type":"ImageObject","inLanguage":"de-DE","@id":"https:\/\/www.dehner.de\/jobs\/blogbeitrag\/den-abschluss-in-der-hand-absolventenfeier-2023\/#primaryimage","url":"https:\/\/www.dehner.de\/jobs\/app\/uploads\/sites\/7\/2023\/10\/dehner-absolventenfeier-abschluss-young-talents.png","contentUrl":"https:\/\/www.dehner.de\/jobs\/app\/uploads\/sites\/7\/2023\/10\/dehner-absolventenfeier-abschluss-young-talents.png","width":1920,"height":500,"caption":"Absolventenfeier bei Dehner"},{"@type":"BreadcrumbList","@id":"https:\/\/www.dehner.de\/jobs\/blogbeitrag\/den-abschluss-in-der-hand-absolventenfeier-2023\/#breadcrumb","itemListElement":[{"@type":"ListItem","position":1,"name":"Home","item":"https:\/\/www.dehner.de\/jobs\/"},{"@type":"ListItem","position":2,"name":"Den Abschluss in der Hand: Absolventenfeier 2023"}]},{"@type":"WebSite","@id":"https:\/\/www.dehner.de\/jobs\/#website","url":"https:\/\/www.dehner.de\/jobs\/","name":"Karriere bei Dehner","description":"Die Storys unserer Personalbotschafter","publisher":{"@id":"https:\/\/www.dehner.de\/jobs\/#organization"},"potentialAction":[{"@type":"SearchAction","target":{"@type":"EntryPoint","urlTemplate":"https:\/\/www.dehner.de\/jobs\/?s={search_term_string}"},"query-input":{"@type":"PropertyValueSpecification","valueRequired":true,"valueName":"search_term_string"}}],"inLanguage":"de-DE"},{"@type":"Organization","@id":"https:\/\/www.dehner.de\/jobs\/#organization","name":"Karriere bei Dehner","url":"https:\/\/www.dehner.de\/jobs\/","logo":{"@type":"ImageObject","inLanguage":"de-DE","@id":"https:\/\/www.dehner.de\/jobs\/#\/schema\/logo\/image\/","url":"https:\/\/www.dehner.de\/jobs\/app\/uploads\/sites\/7\/2025\/12\/dehner-garten-center-koenigsbrunn-revitalisierung-neubau-umbau.png","contentUrl":"https:\/\/www.dehner.de\/jobs\/app\/uploads\/sites\/7\/2025\/12\/dehner-garten-center-koenigsbrunn-revitalisierung-neubau-umbau.png","width":800,"height":1315,"caption":"Karriere bei Dehner"},"image":{"@id":"https:\/\/www.dehner.de\/jobs\/#\/schema\/logo\/image\/"}}]}},"_links":{"self":[{"href":"https:\/\/www.dehner.de\/jobs\/wp-json\/wp\/v2\/blog\/23264","targetHints":{"allow":["GET"]}}],"collection":[{"href":"https:\/\/www.dehner.de\/jobs\/wp-json\/wp\/v2\/blog"}],"about":[{"href":"https:\/\/www.dehner.de\/jobs\/wp-json\/wp\/v2\/types\/blog"}],"version-history":[{"count":5,"href":"https:\/\/www.dehner.de\/jobs\/wp-json\/wp\/v2\/blog\/23264\/revisions"}],"predecessor-version":[{"id":23280,"href":"https:\/\/www.dehner.de\/jobs\/wp-json\/wp\/v2\/blog\/23264\/revisions\/23280"}],"wp:featuredmedia":[{"embeddable":true,"href":"https:\/\/www.dehner.de\/jobs\/wp-json\/wp\/v2\/media\/23273"}],"wp:attachment":[{"href":"https:\/\/www.dehner.de\/jobs\/wp-json\/wp\/v2\/media?parent=23264"}],"wp:term":[{"taxonomy":"blog_category","embeddable":true,"href":"https:\/\/www.dehner.de\/jobs\/wp-json\/wp\/v2\/blog_category?post=23264"}],"curies":[{"name":"wp","href":"https:\/\/api.w.org\/{rel}","templated":true}]}}