{"id":23032,"date":"2023-10-05T08:00:00","date_gmt":"2023-10-05T06:00:00","guid":{"rendered":"https:\/\/www.dehner.de\/jobs\/?post_type=blog&#038;p=23032"},"modified":"2025-02-25T08:13:24","modified_gmt":"2025-02-25T07:13:24","slug":"ein-tag-mit-elke-unserer-abteilungsleiterin-young-talents-bei-dehner","status":"publish","type":"blog","link":"https:\/\/www.dehner.de\/jobs\/blogbeitrag\/ein-tag-mit-elke-unserer-abteilungsleiterin-young-talents-bei-dehner\/","title":{"rendered":"Ein Tag mit Elke, unserer Abteilungsleiterin Young Talents"},"content":{"rendered":"<section class=\"block-img-txt img-50-text-50 pb-4\">\n    <div class=\"container\">\n        <div class=\"row\">\n                            <div class=\"col-md-6 pb-4 d-none d-md-block image\">\n                                    <\/div>\n                <div class=\"col-md-6 df fc jcc body\">\n                                                        <div class=\"text\">\n                    <\/div>\n                                <\/div>\n            \n        <\/div>\n    <\/div>\n<\/section>\n\n\n<section class=\"block-img-txt text-50-img-50 pb-4\">\n    <div class=\"container\">\n        <div class=\"row\">\n                            <div class=\"col-md-6 pb-4 d-none d-md-block image\">\n                    <img loading=\"lazy\" decoding=\"async\" width=\"570\" height=\"680\" src=\"https:\/\/www.dehner.de\/jobs\/app\/uploads\/sites\/7\/2023\/09\/azul-elke-dehner-1.png\" class=\"img-cover\" alt=\"Dehner Abteilungsleitung Young Talents\" srcset=\"https:\/\/www.dehner.de\/jobs\/app\/uploads\/sites\/7\/2023\/09\/azul-elke-dehner-1.png 570w, https:\/\/www.dehner.de\/jobs\/app\/uploads\/sites\/7\/2023\/09\/azul-elke-dehner-1-251x300.png 251w, https:\/\/www.dehner.de\/jobs\/app\/uploads\/sites\/7\/2023\/09\/azul-elke-dehner-1-126x150.png 126w\" sizes=\"auto, (max-width: 570px) 100vw, 570px\" \/>                <\/div>\n                <div class=\"col-md-6 df fc jcc body\">\n                            <a href=\"#\" class=\"toggler toggler-down-md toggler-hide\" data-toggle=\"collapse\" data-target=\"#block_650a87c65af78\" aria-expanded=\"true\" aria-controls=\"block_650a87c65af78\">\n                            <img loading=\"lazy\" decoding=\"async\" width=\"570\" height=\"680\" src=\"https:\/\/www.dehner.de\/jobs\/app\/uploads\/sites\/7\/2023\/09\/azul-elke-dehner-1.png\" class=\"mobile-image img-fluid mb-3 d-md-none\" alt=\"Dehner Abteilungsleitung Young Talents\" srcset=\"https:\/\/www.dehner.de\/jobs\/app\/uploads\/sites\/7\/2023\/09\/azul-elke-dehner-1.png 570w, https:\/\/www.dehner.de\/jobs\/app\/uploads\/sites\/7\/2023\/09\/azul-elke-dehner-1-251x300.png 251w, https:\/\/www.dehner.de\/jobs\/app\/uploads\/sites\/7\/2023\/09\/azul-elke-dehner-1-126x150.png 126w\" sizes=\"auto, (max-width: 570px) 100vw, 570px\" \/>                        <h3 class=\"font-h4 toggler toggler-down-md\">Start in den Tag<\/h3>        <\/a>\n        <div class=\"collapse text show\" id=\"block_650a87c65af78\" data-parent=\"main\">\n            <p><strong>Liebe Elke, wie startest Du eigentlich in den Tag, hast Du besondere Routinen?<\/strong><\/p>\n<p><strong>Elke:<\/strong> Ich liebe es Yoga vor der Arbeit zu machen. Danach darf nat\u00fcrlich auch eine Runde Gassi mit meiner H\u00fcndin Azul nicht fehlen. Bei Dehner angekommen hilft mir eine Tasse Kaffee, mich mit klarem Blick auf meine Termine<span style=\"text-decoration: line-through\"> <\/span>vorzubereiten. T\u00e4glich erwartet mich ein kleiner Stapel an Mappen mit zu pr\u00fcfenden und zu unterzeichnenden Dokumenten, z.B. Ausbildungsvertr\u00e4ge und Zeugnisse. Dann geht es meist mit einer Reihe von interessanten Meetings weiter, in denen wir unterschiedliche Projekte im Team besprechen und uns auch mit anderen Fachbereichen austauschen.<span style=\"text-decoration: line-through\"><\/span><\/p>\n<p><strong>Was sind Deine Lieblingsaufgaben?<\/strong><\/p>\n<p><strong>Elke:<\/strong> Da gibt es einiges, aber was mir besonders viel Spa\u00df macht, sind Seminare, Projekte und Veranstaltungen unserer jungen Talente zu begleiten.<\/p>\n<p>Auch bei Vorstellungsgespr\u00e4chen geht mein Herz auf, da ich so viele tolle und engagierte Menschen treffen darf und mich sehr gern mit unseren (potenziellen) jungen Talenten austausche.<\/p>\n                    <\/div>                <\/div>\n            \n        <\/div>\n    <\/div>\n<\/section>\n\n\n<section class=\"block-img-txt img-50-text-50 pb-4\">\n    <div class=\"container\">\n        <div class=\"row\">\n                            <div class=\"col-md-6 pb-4 d-none d-md-block image\">\n                    <img loading=\"lazy\" decoding=\"async\" width=\"546\" height=\"1024\" src=\"https:\/\/www.dehner.de\/jobs\/app\/uploads\/sites\/7\/2023\/09\/azubis-elke-ausflug--546x1024.png\" class=\"img-cover\" alt=\"Ausbildung bei Dehner\" srcset=\"https:\/\/www.dehner.de\/jobs\/app\/uploads\/sites\/7\/2023\/09\/azubis-elke-ausflug--546x1024.png 546w, https:\/\/www.dehner.de\/jobs\/app\/uploads\/sites\/7\/2023\/09\/azubis-elke-ausflug--160x300.png 160w, https:\/\/www.dehner.de\/jobs\/app\/uploads\/sites\/7\/2023\/09\/azubis-elke-ausflug--80x150.png 80w, https:\/\/www.dehner.de\/jobs\/app\/uploads\/sites\/7\/2023\/09\/azubis-elke-ausflug-.png 560w\" sizes=\"auto, (max-width: 546px) 100vw, 546px\" \/>                <\/div>\n                <div class=\"col-md-6 df fc jcc body\">\n                            <a href=\"#\" class=\"toggler toggler-down-md toggler-hide\" data-toggle=\"collapse\" data-target=\"#block_650a884b5af79\" aria-expanded=\"true\" aria-controls=\"block_650a884b5af79\">\n                            <img loading=\"lazy\" decoding=\"async\" width=\"546\" height=\"1024\" src=\"https:\/\/www.dehner.de\/jobs\/app\/uploads\/sites\/7\/2023\/09\/azubis-elke-ausflug--546x1024.png\" class=\"mobile-image img-fluid mb-3 d-md-none\" alt=\"Ausbildung bei Dehner\" srcset=\"https:\/\/www.dehner.de\/jobs\/app\/uploads\/sites\/7\/2023\/09\/azubis-elke-ausflug--546x1024.png 546w, https:\/\/www.dehner.de\/jobs\/app\/uploads\/sites\/7\/2023\/09\/azubis-elke-ausflug--160x300.png 160w, https:\/\/www.dehner.de\/jobs\/app\/uploads\/sites\/7\/2023\/09\/azubis-elke-ausflug--80x150.png 80w, https:\/\/www.dehner.de\/jobs\/app\/uploads\/sites\/7\/2023\/09\/azubis-elke-ausflug-.png 560w\" sizes=\"auto, (max-width: 546px) 100vw, 546px\" \/>                        <h3 class=\"font-h4 toggler toggler-down-md\">R\u00fcckblick auf den Werdegang<\/h3>        <\/a>\n        <div class=\"collapse text show\" id=\"block_650a884b5af79\" data-parent=\"main\">\n            <p><strong>Welche beruflichen Stationen hast Du bisher schon gemeistert?<\/strong><\/p>\n<p><strong>Elke:<\/strong> Ich habe dual BWL studiert und bin Diplom Betriebswirtin. Vor meiner Zeit bei Dehner habe ich auch schon im Einzelhandel in einem Familienunternehmen gearbeitet. Dann bin ich in den Personalbereich gewechselt. Der Bereich Recruiting und Entwicklung hat mir so viel Spa\u00df gemacht, dass ich mehr erreichen wollte. \u00dcber die Stelle Teamleiterin Ausbildung und Nachwuchsentwicklung bei Dehner ging der n\u00e4chste Schritt dann zur Abteilungsleitung. Seit M\u00e4rz 2022 bin ich in dieser Position und nun schon f\u00fcnf Jahre bei Dehner. Zus\u00e4tzlich bin ich noch Pr\u00fcferin bei der IHK, da fiebre ich immer total mit den Auszubildenden mit.<\/p>\n<p><strong>Was hast Du in deiner Zeit bei Dehner erreicht und was sch\u00e4tzt Du besonders?<\/strong><\/p>\n<p><strong>Elke:<\/strong> Wir haben es gemeinsam als Team geschafft, die Ausbildung- und Entwicklungsangebote f\u00fcr unsere Zielgruppe zu definieren und zu erweitern, eine sehr authentische Arbeitgeberkampagne auszurollen, in welcher die <a href=\"https:\/\/www.dehner.de\/jobs\/unsere-personalbotschafter\/\">Nachwuchskr\u00e4fte<\/a> selbst berichten, sowie die Anzahl von Auszubildenden, Lehrlingen, Handelsfachwirten und dualen Studenten*innen im Unternehmen zu verdoppeln. Wir d\u00fcrfen uns aktuell um ca. 350 Nachwuchskr\u00e4fte in <a href=\"https:\/\/www.dehner.de\/jobs\/ausbildung-und-duales-studium\/ausbildung\/\">10 verschiedenen Berufen<\/a> und <a href=\"https:\/\/www.dehner.de\/jobs\/ausbildung-und-duales-studium\/das-abiturientenprogramm-bei-dehner\/\">6 Optionen f\u00fcr Abiturienten<\/a> k\u00fcmmern. Ich sch\u00e4tze an meiner Arbeit die tollen Kolleg*innen, allgemein das gesamte Team Dehner, denn wir sind wie eine zweite Familie. Der Umgang ist wertsch\u00e4tzend und engagiert. Zudem steht die Gesch\u00e4ftsf\u00fchrung und das Management sehr hinter dem Thema Ausbildung, was ich super finde! Und nicht zu vergessen nat\u00fcrlich: Meine Chefin, die immer ein offenes Ohr hat. Wir haben einen gro\u00dfen Gestaltungsspielraum und d\u00fcrfen so viel f\u00fcr die Nachwuchskr\u00e4fte von morgen machen, das macht mich gl\u00fccklich.<\/p>\n                    <\/div>                <\/div>\n            \n        <\/div>\n    <\/div>\n<\/section>\n\n\n<section class=\"block-img-txt text-50-img-50 pb-4\">\n    <div class=\"container\">\n        <div class=\"row\">\n                            <div class=\"col-md-6 pb-4 d-none d-md-block image\">\n                    <img loading=\"lazy\" decoding=\"async\" width=\"412\" height=\"1024\" src=\"https:\/\/www.dehner.de\/jobs\/app\/uploads\/sites\/7\/2023\/09\/absolventenfeier-team-abteilung-2-412x1024.png\" class=\"img-cover\" alt=\"Abteilung Young Talents bei Dehner\" srcset=\"https:\/\/www.dehner.de\/jobs\/app\/uploads\/sites\/7\/2023\/09\/absolventenfeier-team-abteilung-2-412x1024.png 412w, https:\/\/www.dehner.de\/jobs\/app\/uploads\/sites\/7\/2023\/09\/absolventenfeier-team-abteilung-2-121x300.png 121w, https:\/\/www.dehner.de\/jobs\/app\/uploads\/sites\/7\/2023\/09\/absolventenfeier-team-abteilung-2-60x150.png 60w, https:\/\/www.dehner.de\/jobs\/app\/uploads\/sites\/7\/2023\/09\/absolventenfeier-team-abteilung-2.png 570w\" sizes=\"auto, (max-width: 412px) 100vw, 412px\" \/>                <\/div>\n                <div class=\"col-md-6 df fc jcc body\">\n                            <a href=\"#\" class=\"toggler toggler-down-md toggler-hide\" data-toggle=\"collapse\" data-target=\"#block_650a887a5af7a\" aria-expanded=\"true\" aria-controls=\"block_650a887a5af7a\">\n                            <img loading=\"lazy\" decoding=\"async\" width=\"412\" height=\"1024\" src=\"https:\/\/www.dehner.de\/jobs\/app\/uploads\/sites\/7\/2023\/09\/absolventenfeier-team-abteilung-2-412x1024.png\" class=\"mobile-image img-fluid mb-3 d-md-none\" alt=\"Abteilung Young Talents bei Dehner\" srcset=\"https:\/\/www.dehner.de\/jobs\/app\/uploads\/sites\/7\/2023\/09\/absolventenfeier-team-abteilung-2-412x1024.png 412w, https:\/\/www.dehner.de\/jobs\/app\/uploads\/sites\/7\/2023\/09\/absolventenfeier-team-abteilung-2-121x300.png 121w, https:\/\/www.dehner.de\/jobs\/app\/uploads\/sites\/7\/2023\/09\/absolventenfeier-team-abteilung-2-60x150.png 60w, https:\/\/www.dehner.de\/jobs\/app\/uploads\/sites\/7\/2023\/09\/absolventenfeier-team-abteilung-2.png 570w\" sizes=\"auto, (max-width: 412px) 100vw, 412px\" \/>                        <h3 class=\"font-h4 toggler toggler-down-md\">Tolle Momente und Ansporn<\/h3>        <\/a>\n        <div class=\"collapse text show\" id=\"block_650a887a5af7a\" data-parent=\"main\">\n            <p><strong>Welche besonderen Momente sind dir w\u00e4hrend deiner Zeit bei Dehner im Kopf geblieben?<\/strong><\/p>\n<p><strong>Elke: <\/strong>Mein G\u00e4nsehautmoment ist, wenn ich die \u201eehemaligen Auszubildenen\u201c in ihren aktuellen Positionen und Projekten bei Dehner wiedertreffe. Ich sehe, was f\u00fcr eine tolle Arbeit sie machen und wie sie sich entwickelt haben. Da geht mir das Herz auf. Eine Handelsfachwirtin ist beispielsweise nach ihrem dritten ausgelernten Jahr schon zur Marktleiterin aufgestiegen, eine tolle Leistung!<\/p>\n<p><strong>Was ist Dein Ansporn als Abteilungsleitung Young Talents<\/strong><\/p>\n<p><strong>Elke: <\/strong>Mir ist es wichtig, dass die vielen jungen Menschen bei uns ihren ganz eigenen Weg finden und das machen, womit sie sich wohlf\u00fchlen. Von Tag 1 zeigen wir nat\u00fcrlich, wie cool Dehner ist.<\/p>\n<p>Dabei wird Digitalisierung bei uns gro\u00dfgeschrieben. Es gibt ein umfassendes Onboarding und wir sind w\u00e4hrend der gesamten Ausbildungszeit f\u00fcr die Auszubildenden da, egal ob in H\u00f6hen oder in Tiefen.<\/p>\n<p>JEDER hat die M\u00f6glichkeit und Chance sich weiterzuentwickeln und mit seiner pers\u00f6nlichen Leistung zum Unternehmenserfolg beizutragen. F\u00fcr die Zukunft zeigen wir weitere Perspektiven auf. Das alles geht nicht ohne mein Team, das die Azubis bei allen Belangen unterst\u00fctzt. Sie sind jeden Tag mit Herz und Leidenschaft bei der Arbeit &#8211; daf\u00fcr haben Sie meinen allergr\u00f6\u00dften Respekt Wir bei Dehner m\u00f6chten Role Model f\u00fcr die Ausbildung von Nachwuchskr\u00e4ften sein, Menschen begeistern und wachsen lassen.<\/p>\n<p><strong>Wie siehst Du die Ausbildung der Zukunft?<\/strong><\/p>\n<p><strong>Elke:<\/strong> Die Ausbildung ist im Wandel, das wissen wir alle. Unternehmen, die nach vorne schauen, nehmen den Wandel an und gehen begeistert mit. Auszubildende sollten in alle Bereiche umfassend integriert werden und wir sollten sie noch st\u00e4rker dabei unterst\u00fctzen, ihren individuellen Weg zu finden. Daf\u00fcr bieten wir bei Dehner diverse Programme und Schulungen an, wie das Junior-Kolleg, Azubi-Projekte, sowie Kompetenz- und Fachschulungen. Dabei reicht unser Engagement \u00fcber die Ausbildungszeit hinaus. Es ist nicht nur f\u00fcr Azubis, sondern auch f\u00fcr unseren Ausbildungsbetrieb von unsch\u00e4tzbarem Vorteil, wenn wir nach Abschluss der Ausbildung passende Arbeitspl\u00e4tze im Unternehmen bereitstellen k\u00f6nnen. Die verst\u00e4rkte Einbindung von Young Talents entwickelt sich zu einem immer wichtigeren Bestandteil der zuk\u00fcnftigen Personalgewinnung. Bei Dehner schaffen wir so nicht nur Ausbildungen, sondern auch Perspektiven und eine gemeinsame Zukunft.<\/p>\n                    <\/div>                <\/div>\n            \n        <\/div>\n    <\/div>\n<\/section>\n","protected":false},"excerpt":{"rendered":"","protected":false},"featured_media":23009,"parent":0,"template":"","blog_category":[456,454,453],"class_list":["post-23032","blog","type-blog","status-publish","has-post-thumbnail","hentry","blog_category-arbeitswelt","blog_category-ausbildung","blog_category-jobeinblicke"],"acf":[],"yoast_head":"<!-- This site is optimized with the Yoast SEO plugin v24.5 - https:\/\/yoast.com\/wordpress\/plugins\/seo\/ -->\n<title>Ein Tag mit Elke \u2013 Unsere Abteilungsleiterin Young Talents<\/title>\n<meta name=\"description\" content=\"Elke berichtet im Interview \u00fcber die Ausbildung der Zukunft und welche besonderen Momente bei Dehner ihr im Kopf geblieben sind. \u27a4 Jetzt lesen!\" \/>\n<meta name=\"robots\" content=\"index, follow, max-snippet:-1, max-image-preview:large, max-video-preview:-1\" \/>\n<link rel=\"canonical\" href=\"https:\/\/www.dehner.de\/jobs\/blogbeitrag\/ein-tag-mit-elke-unserer-abteilungsleiterin-young-talents-bei-dehner\/\" \/>\n<meta property=\"og:locale\" content=\"de_DE\" \/>\n<meta property=\"og:type\" content=\"article\" \/>\n<meta property=\"og:title\" content=\"Ein Tag mit Elke \u2013 Unsere Abteilungsleiterin Young Talents\" \/>\n<meta property=\"og:description\" content=\"Elke berichtet im Interview \u00fcber die Ausbildung der Zukunft und welche besonderen Momente bei Dehner ihr im Kopf geblieben sind. \u27a4 Jetzt lesen!\" \/>\n<meta property=\"og:url\" content=\"https:\/\/www.dehner.de\/jobs\/blogbeitrag\/ein-tag-mit-elke-unserer-abteilungsleiterin-young-talents-bei-dehner\/\" \/>\n<meta property=\"og:site_name\" content=\"Karriere bei Dehner\" \/>\n<meta property=\"article:modified_time\" content=\"2025-02-25T07:13:24+00:00\" \/>\n<meta property=\"og:image\" content=\"https:\/\/www.dehner.de\/jobs\/app\/uploads\/sites\/7\/2023\/09\/microfone-interview-dehner.png\" \/>\n\t<meta property=\"og:image:width\" content=\"1920\" \/>\n\t<meta property=\"og:image:height\" content=\"500\" \/>\n\t<meta property=\"og:image:type\" content=\"image\/png\" \/>\n<meta name=\"twitter:card\" content=\"summary_large_image\" \/>\n<meta name=\"twitter:label1\" content=\"Est. reading time\" \/>\n\t<meta name=\"twitter:data1\" content=\"6 Minuten\" \/>\n<script type=\"application\/ld+json\" class=\"yoast-schema-graph\">{\"@context\":\"https:\/\/schema.org\",\"@graph\":[{\"@type\":\"WebPage\",\"@id\":\"https:\/\/www.dehner.de\/jobs\/blogbeitrag\/ein-tag-mit-elke-unserer-abteilungsleiterin-young-talents-bei-dehner\/\",\"url\":\"https:\/\/www.dehner.de\/jobs\/blogbeitrag\/ein-tag-mit-elke-unserer-abteilungsleiterin-young-talents-bei-dehner\/\",\"name\":\"Ein Tag mit Elke \u2013 Unsere Abteilungsleiterin Young Talents\",\"isPartOf\":{\"@id\":\"https:\/\/www.dehner.de\/jobs\/#website\"},\"primaryImageOfPage\":{\"@id\":\"https:\/\/www.dehner.de\/jobs\/blogbeitrag\/ein-tag-mit-elke-unserer-abteilungsleiterin-young-talents-bei-dehner\/#primaryimage\"},\"image\":{\"@id\":\"https:\/\/www.dehner.de\/jobs\/blogbeitrag\/ein-tag-mit-elke-unserer-abteilungsleiterin-young-talents-bei-dehner\/#primaryimage\"},\"thumbnailUrl\":\"https:\/\/www.dehner.de\/jobs\/app\/uploads\/sites\/7\/2023\/09\/microfone-interview-dehner.png\",\"datePublished\":\"2023-10-05T06:00:00+00:00\",\"dateModified\":\"2025-02-25T07:13:24+00:00\",\"description\":\"Elke berichtet im Interview \u00fcber die Ausbildung der Zukunft und welche besonderen Momente bei Dehner ihr im Kopf geblieben sind. \u27a4 Jetzt lesen!\",\"breadcrumb\":{\"@id\":\"https:\/\/www.dehner.de\/jobs\/blogbeitrag\/ein-tag-mit-elke-unserer-abteilungsleiterin-young-talents-bei-dehner\/#breadcrumb\"},\"inLanguage\":\"de-DE\",\"potentialAction\":[{\"@type\":\"ReadAction\",\"target\":[\"https:\/\/www.dehner.de\/jobs\/blogbeitrag\/ein-tag-mit-elke-unserer-abteilungsleiterin-young-talents-bei-dehner\/\"]}]},{\"@type\":\"ImageObject\",\"inLanguage\":\"de-DE\",\"@id\":\"https:\/\/www.dehner.de\/jobs\/blogbeitrag\/ein-tag-mit-elke-unserer-abteilungsleiterin-young-talents-bei-dehner\/#primaryimage\",\"url\":\"https:\/\/www.dehner.de\/jobs\/app\/uploads\/sites\/7\/2023\/09\/microfone-interview-dehner.png\",\"contentUrl\":\"https:\/\/www.dehner.de\/jobs\/app\/uploads\/sites\/7\/2023\/09\/microfone-interview-dehner.png\",\"width\":1920,\"height\":500,\"caption\":\"Abteilungsleiterin Young Talents bei Dehner im Interview\"},{\"@type\":\"BreadcrumbList\",\"@id\":\"https:\/\/www.dehner.de\/jobs\/blogbeitrag\/ein-tag-mit-elke-unserer-abteilungsleiterin-young-talents-bei-dehner\/#breadcrumb\",\"itemListElement\":[{\"@type\":\"ListItem\",\"position\":1,\"name\":\"Home\",\"item\":\"https:\/\/www.dehner.de\/jobs\/\"},{\"@type\":\"ListItem\",\"position\":2,\"name\":\"Ein Tag mit Elke, unserer Abteilungsleiterin Young Talents\"}]},{\"@type\":\"WebSite\",\"@id\":\"https:\/\/www.dehner.de\/jobs\/#website\",\"url\":\"https:\/\/www.dehner.de\/jobs\/\",\"name\":\"Karriere bei Dehner\",\"description\":\"Die Storys unserer Personalbotschafter\",\"publisher\":{\"@id\":\"https:\/\/www.dehner.de\/jobs\/#organization\"},\"potentialAction\":[{\"@type\":\"SearchAction\",\"target\":{\"@type\":\"EntryPoint\",\"urlTemplate\":\"https:\/\/www.dehner.de\/jobs\/?s={search_term_string}\"},\"query-input\":{\"@type\":\"PropertyValueSpecification\",\"valueRequired\":true,\"valueName\":\"search_term_string\"}}],\"inLanguage\":\"de-DE\"},{\"@type\":\"Organization\",\"@id\":\"https:\/\/www.dehner.de\/jobs\/#organization\",\"name\":\"Karriere bei Dehner\",\"url\":\"https:\/\/www.dehner.de\/jobs\/\",\"logo\":{\"@type\":\"ImageObject\",\"inLanguage\":\"de-DE\",\"@id\":\"https:\/\/www.dehner.de\/jobs\/#\/schema\/logo\/image\/\",\"url\":\"https:\/\/www.dehner.de\/jobs\/app\/uploads\/sites\/7\/2025\/12\/dehner-garten-center-koenigsbrunn-revitalisierung-neubau-umbau.png\",\"contentUrl\":\"https:\/\/www.dehner.de\/jobs\/app\/uploads\/sites\/7\/2025\/12\/dehner-garten-center-koenigsbrunn-revitalisierung-neubau-umbau.png\",\"width\":800,\"height\":1315,\"caption\":\"Karriere bei Dehner\"},\"image\":{\"@id\":\"https:\/\/www.dehner.de\/jobs\/#\/schema\/logo\/image\/\"}}]}<\/script>\n<!-- \/ Yoast SEO plugin. -->","yoast_head_json":{"title":"Ein Tag mit Elke \u2013 Unsere Abteilungsleiterin Young Talents","description":"Elke berichtet im Interview \u00fcber die Ausbildung der Zukunft und welche besonderen Momente bei Dehner ihr im Kopf geblieben sind. \u27a4 Jetzt lesen!","robots":{"index":"index","follow":"follow","max-snippet":"max-snippet:-1","max-image-preview":"max-image-preview:large","max-video-preview":"max-video-preview:-1"},"canonical":"https:\/\/www.dehner.de\/jobs\/blogbeitrag\/ein-tag-mit-elke-unserer-abteilungsleiterin-young-talents-bei-dehner\/","og_locale":"de_DE","og_type":"article","og_title":"Ein Tag mit Elke \u2013 Unsere Abteilungsleiterin Young Talents","og_description":"Elke berichtet im Interview \u00fcber die Ausbildung der Zukunft und welche besonderen Momente bei Dehner ihr im Kopf geblieben sind. \u27a4 Jetzt lesen!","og_url":"https:\/\/www.dehner.de\/jobs\/blogbeitrag\/ein-tag-mit-elke-unserer-abteilungsleiterin-young-talents-bei-dehner\/","og_site_name":"Karriere bei Dehner","article_modified_time":"2025-02-25T07:13:24+00:00","og_image":[{"width":1920,"height":500,"url":"https:\/\/www.dehner.de\/jobs\/app\/uploads\/sites\/7\/2023\/09\/microfone-interview-dehner.png","type":"image\/png"}],"twitter_card":"summary_large_image","twitter_misc":{"Est. reading time":"6 Minuten"},"schema":{"@context":"https:\/\/schema.org","@graph":[{"@type":"WebPage","@id":"https:\/\/www.dehner.de\/jobs\/blogbeitrag\/ein-tag-mit-elke-unserer-abteilungsleiterin-young-talents-bei-dehner\/","url":"https:\/\/www.dehner.de\/jobs\/blogbeitrag\/ein-tag-mit-elke-unserer-abteilungsleiterin-young-talents-bei-dehner\/","name":"Ein Tag mit Elke \u2013 Unsere Abteilungsleiterin Young Talents","isPartOf":{"@id":"https:\/\/www.dehner.de\/jobs\/#website"},"primaryImageOfPage":{"@id":"https:\/\/www.dehner.de\/jobs\/blogbeitrag\/ein-tag-mit-elke-unserer-abteilungsleiterin-young-talents-bei-dehner\/#primaryimage"},"image":{"@id":"https:\/\/www.dehner.de\/jobs\/blogbeitrag\/ein-tag-mit-elke-unserer-abteilungsleiterin-young-talents-bei-dehner\/#primaryimage"},"thumbnailUrl":"https:\/\/www.dehner.de\/jobs\/app\/uploads\/sites\/7\/2023\/09\/microfone-interview-dehner.png","datePublished":"2023-10-05T06:00:00+00:00","dateModified":"2025-02-25T07:13:24+00:00","description":"Elke berichtet im Interview \u00fcber die Ausbildung der Zukunft und welche besonderen Momente bei Dehner ihr im Kopf geblieben sind. \u27a4 Jetzt lesen!","breadcrumb":{"@id":"https:\/\/www.dehner.de\/jobs\/blogbeitrag\/ein-tag-mit-elke-unserer-abteilungsleiterin-young-talents-bei-dehner\/#breadcrumb"},"inLanguage":"de-DE","potentialAction":[{"@type":"ReadAction","target":["https:\/\/www.dehner.de\/jobs\/blogbeitrag\/ein-tag-mit-elke-unserer-abteilungsleiterin-young-talents-bei-dehner\/"]}]},{"@type":"ImageObject","inLanguage":"de-DE","@id":"https:\/\/www.dehner.de\/jobs\/blogbeitrag\/ein-tag-mit-elke-unserer-abteilungsleiterin-young-talents-bei-dehner\/#primaryimage","url":"https:\/\/www.dehner.de\/jobs\/app\/uploads\/sites\/7\/2023\/09\/microfone-interview-dehner.png","contentUrl":"https:\/\/www.dehner.de\/jobs\/app\/uploads\/sites\/7\/2023\/09\/microfone-interview-dehner.png","width":1920,"height":500,"caption":"Abteilungsleiterin Young Talents bei Dehner im Interview"},{"@type":"BreadcrumbList","@id":"https:\/\/www.dehner.de\/jobs\/blogbeitrag\/ein-tag-mit-elke-unserer-abteilungsleiterin-young-talents-bei-dehner\/#breadcrumb","itemListElement":[{"@type":"ListItem","position":1,"name":"Home","item":"https:\/\/www.dehner.de\/jobs\/"},{"@type":"ListItem","position":2,"name":"Ein Tag mit Elke, unserer Abteilungsleiterin Young Talents"}]},{"@type":"WebSite","@id":"https:\/\/www.dehner.de\/jobs\/#website","url":"https:\/\/www.dehner.de\/jobs\/","name":"Karriere bei Dehner","description":"Die Storys unserer Personalbotschafter","publisher":{"@id":"https:\/\/www.dehner.de\/jobs\/#organization"},"potentialAction":[{"@type":"SearchAction","target":{"@type":"EntryPoint","urlTemplate":"https:\/\/www.dehner.de\/jobs\/?s={search_term_string}"},"query-input":{"@type":"PropertyValueSpecification","valueRequired":true,"valueName":"search_term_string"}}],"inLanguage":"de-DE"},{"@type":"Organization","@id":"https:\/\/www.dehner.de\/jobs\/#organization","name":"Karriere bei Dehner","url":"https:\/\/www.dehner.de\/jobs\/","logo":{"@type":"ImageObject","inLanguage":"de-DE","@id":"https:\/\/www.dehner.de\/jobs\/#\/schema\/logo\/image\/","url":"https:\/\/www.dehner.de\/jobs\/app\/uploads\/sites\/7\/2025\/12\/dehner-garten-center-koenigsbrunn-revitalisierung-neubau-umbau.png","contentUrl":"https:\/\/www.dehner.de\/jobs\/app\/uploads\/sites\/7\/2025\/12\/dehner-garten-center-koenigsbrunn-revitalisierung-neubau-umbau.png","width":800,"height":1315,"caption":"Karriere bei Dehner"},"image":{"@id":"https:\/\/www.dehner.de\/jobs\/#\/schema\/logo\/image\/"}}]}},"_links":{"self":[{"href":"https:\/\/www.dehner.de\/jobs\/wp-json\/wp\/v2\/blog\/23032","targetHints":{"allow":["GET"]}}],"collection":[{"href":"https:\/\/www.dehner.de\/jobs\/wp-json\/wp\/v2\/blog"}],"about":[{"href":"https:\/\/www.dehner.de\/jobs\/wp-json\/wp\/v2\/types\/blog"}],"version-history":[{"count":17,"href":"https:\/\/www.dehner.de\/jobs\/wp-json\/wp\/v2\/blog\/23032\/revisions"}],"predecessor-version":[{"id":23067,"href":"https:\/\/www.dehner.de\/jobs\/wp-json\/wp\/v2\/blog\/23032\/revisions\/23067"}],"wp:featuredmedia":[{"embeddable":true,"href":"https:\/\/www.dehner.de\/jobs\/wp-json\/wp\/v2\/media\/23009"}],"wp:attachment":[{"href":"https:\/\/www.dehner.de\/jobs\/wp-json\/wp\/v2\/media?parent=23032"}],"wp:term":[{"taxonomy":"blog_category","embeddable":true,"href":"https:\/\/www.dehner.de\/jobs\/wp-json\/wp\/v2\/blog_category?post=23032"}],"curies":[{"name":"wp","href":"https:\/\/api.w.org\/{rel}","templated":true}]}}