{"id":22923,"date":"2023-09-28T08:00:00","date_gmt":"2023-09-28T06:00:00","guid":{"rendered":"https:\/\/www.dehner.de\/jobs\/?post_type=blog&#038;p=22923"},"modified":"2025-02-24T13:50:58","modified_gmt":"2025-02-24T12:50:58","slug":"spotlight-das-ist-unser-dehner-hr-social-media-team","status":"publish","type":"blog","link":"https:\/\/www.dehner.de\/jobs\/blogbeitrag\/spotlight-das-ist-unser-dehner-hr-social-media-team\/","title":{"rendered":"Spotlight: Das ist unser Dehner HR Social Media Team"},"content":{"rendered":"<section class=\"block-img-txt img-50-text-50 pb-4\">\n    <div class=\"container\">\n        <div class=\"row\">\n                            <div class=\"col-md-6 pb-4 d-none d-md-block image\">\n                                    <\/div>\n                <div class=\"col-md-6 df fc jcc body\">\n                                                        <div class=\"text\">\n                    <\/div>\n                                <\/div>\n            \n        <\/div>\n    <\/div>\n<\/section>\n\n\n<section class=\"block-img-txt text-50-img-50 pb-4\">\n    <div class=\"container\">\n        <div class=\"row\">\n                            <div class=\"col-md-6 pb-4 d-none d-md-block image\">\n                    <img loading=\"lazy\" decoding=\"async\" width=\"560\" height=\"600\" src=\"https:\/\/www.dehner.de\/jobs\/app\/uploads\/sites\/7\/2023\/09\/hr-social-media-managerin-dehner.png\" class=\"img-cover\" alt=\"Social Recruiting bei Dehner\" srcset=\"https:\/\/www.dehner.de\/jobs\/app\/uploads\/sites\/7\/2023\/09\/hr-social-media-managerin-dehner.png 560w, https:\/\/www.dehner.de\/jobs\/app\/uploads\/sites\/7\/2023\/09\/hr-social-media-managerin-dehner-280x300.png 280w, https:\/\/www.dehner.de\/jobs\/app\/uploads\/sites\/7\/2023\/09\/hr-social-media-managerin-dehner-140x150.png 140w\" sizes=\"auto, (max-width: 560px) 100vw, 560px\" \/>                <\/div>\n                <div class=\"col-md-6 df fc jcc body\">\n                            <a href=\"#\" class=\"toggler toggler-down-md toggler-hide\" data-toggle=\"collapse\" data-target=\"#block_650a87c65af78\" aria-expanded=\"true\" aria-controls=\"block_650a87c65af78\">\n                            <img loading=\"lazy\" decoding=\"async\" width=\"560\" height=\"600\" src=\"https:\/\/www.dehner.de\/jobs\/app\/uploads\/sites\/7\/2023\/09\/hr-social-media-managerin-dehner.png\" class=\"mobile-image img-fluid mb-3 d-md-none\" alt=\"Social Recruiting bei Dehner\" srcset=\"https:\/\/www.dehner.de\/jobs\/app\/uploads\/sites\/7\/2023\/09\/hr-social-media-managerin-dehner.png 560w, https:\/\/www.dehner.de\/jobs\/app\/uploads\/sites\/7\/2023\/09\/hr-social-media-managerin-dehner-280x300.png 280w, https:\/\/www.dehner.de\/jobs\/app\/uploads\/sites\/7\/2023\/09\/hr-social-media-managerin-dehner-140x150.png 140w\" sizes=\"auto, (max-width: 560px) 100vw, 560px\" \/>                        <h3 class=\"font-h4 toggler toggler-down-md\">#1 Teamvorstellung<\/h3>        <\/a>\n        <div class=\"collapse text show\" id=\"block_650a87c65af78\" data-parent=\"main\">\n            <p>Fangen wir an mit unserem Organisationstalent <strong>Franzi<\/strong>. Seit April 2019 ist sie Teil unserer Dehner Familie. Angefangen hat sie mit einem 6-monatigen Praktikum und einer anschlie\u00dfenden Werkstudentenstelle im Bereich Recruiting &amp; Personalmarketing. Da ihr die Arbeit so viel Spa\u00df gemacht hat, konnten wir sie ab September 2020 f\u00fcr die Stelle Personalreferentin Social Recruiting gewinnen. Ihre Aufgaben:<\/p>\n<ol>\n<li>Aufbau der Social Media Pr\u00e4senz rund um das Thema Ausbildung und Karriere bei Dehner (<a href=\"https:\/\/www.instagram.com\/dehnerkarriere\/?hl=de\">Instagram<\/a>, <a href=\"https:\/\/www.facebook.com\/dehnerkarriere\">Facebook<\/a>, <a href=\"https:\/\/www.xing.com\/pages\/dehner-gruppe\">Xing<\/a>, <a href=\"https:\/\/www.linkedin.com\/company\/dehner\/\">LinkedIn<\/a>),<\/li>\n<li>Mitwirkung in Personalmarketing und Employer Branding Projekten<\/li>\n<li>Betreuung und \u00dcberwachung des Recruiting-Prozesses im Marktbereich f\u00fcr eine ausgew\u00e4hlte Region.<\/li>\n<\/ol>\n<p>Im August dieses Jahres ist Franzi zum HR Business Partner Social Recruiting bef\u00f6rdert worden. Hei\u00dft konkret: Sie ist verantwortlich f\u00fcr den kontinuierlichen Ausbau der Social Media Pr\u00e4senz und die Intensivierung des Social Recruitings. Auch die Beratung der F\u00fchrungskr\u00e4fte im Marktbereich entlang des gesamten Employee Life Cycles geh\u00f6rt zu ihren Aufgaben. Mit ihrer Textaffinit\u00e4t und Kreativit\u00e4t kann sie jedes Team nur bereichern.<\/p>\n                    <\/div>                <\/div>\n            \n        <\/div>\n    <\/div>\n<\/section>\n\n\n<section class=\"block-img-txt img-50-text-50 pb-4\">\n    <div class=\"container\">\n        <div class=\"row\">\n                            <div class=\"col-md-6 pb-4 d-none d-md-block image\">\n                    <img loading=\"lazy\" decoding=\"async\" width=\"570\" height=\"475\" src=\"https:\/\/www.dehner.de\/jobs\/app\/uploads\/sites\/7\/2023\/09\/content-marketing-team-dehner1.png\" class=\"img-cover\" alt=\"HR Content Marketing bei Dehner\" srcset=\"https:\/\/www.dehner.de\/jobs\/app\/uploads\/sites\/7\/2023\/09\/content-marketing-team-dehner1.png 570w, https:\/\/www.dehner.de\/jobs\/app\/uploads\/sites\/7\/2023\/09\/content-marketing-team-dehner1-300x250.png 300w, https:\/\/www.dehner.de\/jobs\/app\/uploads\/sites\/7\/2023\/09\/content-marketing-team-dehner1-150x125.png 150w\" sizes=\"auto, (max-width: 570px) 100vw, 570px\" \/>                <\/div>\n                <div class=\"col-md-6 df fc jcc body\">\n                                        <img loading=\"lazy\" decoding=\"async\" width=\"570\" height=\"475\" src=\"https:\/\/www.dehner.de\/jobs\/app\/uploads\/sites\/7\/2023\/09\/content-marketing-team-dehner1.png\" class=\"mobile-image img-fluid mb-3 d-md-none\" alt=\"HR Content Marketing bei Dehner\" srcset=\"https:\/\/www.dehner.de\/jobs\/app\/uploads\/sites\/7\/2023\/09\/content-marketing-team-dehner1.png 570w, https:\/\/www.dehner.de\/jobs\/app\/uploads\/sites\/7\/2023\/09\/content-marketing-team-dehner1-300x250.png 300w, https:\/\/www.dehner.de\/jobs\/app\/uploads\/sites\/7\/2023\/09\/content-marketing-team-dehner1-150x125.png 150w\" sizes=\"auto, (max-width: 570px) 100vw, 570px\" \/>                <div class=\"text\">\n            <p>Weiter geht es mit <strong>Martina<\/strong>. Im Januar 2021 ist sie als Personalreferentin Recruiting &amp; Personalmarketing bei Dehner gestartet. Vorher studierte sie Betriebswirtschaft\u00a0 (B.A) sowie Marketing, Medien &amp; Vertrieb (M.A.). Martinas Aufgaben: Betreuung des gesamten Einstellungsprozesses, Projekte rund um das Thema Employer Branding und Personalmarketing sowie Unterst\u00fctzung im Content Marketing. Durch ihr Verantwortungsbewusstsein, Engagement und ihre gro\u00dfe Begeisterungsf\u00e4higkeit wurde auch sie zum HR Business Partner bef\u00f6rdert.<\/p>\n        <\/div>\n                                <\/div>\n            \n        <\/div>\n    <\/div>\n<\/section>\n\n\n<section class=\"block-img-txt text-50-img-50 pb-4\">\n    <div class=\"container\">\n        <div class=\"row\">\n                            <div class=\"col-md-6 pb-4 d-none d-md-block image\">\n                    <img loading=\"lazy\" decoding=\"async\" width=\"570\" height=\"475\" src=\"https:\/\/www.dehner.de\/jobs\/app\/uploads\/sites\/7\/2023\/09\/social-media-recruiting-dehner-1.png\" class=\"img-cover\" alt=\"Social Media Content Marketing bei Dehner\" srcset=\"https:\/\/www.dehner.de\/jobs\/app\/uploads\/sites\/7\/2023\/09\/social-media-recruiting-dehner-1.png 570w, https:\/\/www.dehner.de\/jobs\/app\/uploads\/sites\/7\/2023\/09\/social-media-recruiting-dehner-1-300x250.png 300w, https:\/\/www.dehner.de\/jobs\/app\/uploads\/sites\/7\/2023\/09\/social-media-recruiting-dehner-1-150x125.png 150w\" sizes=\"auto, (max-width: 570px) 100vw, 570px\" \/>                <\/div>\n                <div class=\"col-md-6 df fc jcc body\">\n                                        <img loading=\"lazy\" decoding=\"async\" width=\"570\" height=\"475\" src=\"https:\/\/www.dehner.de\/jobs\/app\/uploads\/sites\/7\/2023\/09\/social-media-recruiting-dehner-1.png\" class=\"mobile-image img-fluid mb-3 d-md-none\" alt=\"Social Media Content Marketing bei Dehner\" srcset=\"https:\/\/www.dehner.de\/jobs\/app\/uploads\/sites\/7\/2023\/09\/social-media-recruiting-dehner-1.png 570w, https:\/\/www.dehner.de\/jobs\/app\/uploads\/sites\/7\/2023\/09\/social-media-recruiting-dehner-1-300x250.png 300w, https:\/\/www.dehner.de\/jobs\/app\/uploads\/sites\/7\/2023\/09\/social-media-recruiting-dehner-1-150x125.png 150w\" sizes=\"auto, (max-width: 570px) 100vw, 570px\" \/>                <div class=\"text\">\n            <p><strong>Katharina<\/strong> ist die dritte im Bunde. Sie studierte Betriebswirtschaft und absolviert aktuell nebenberuflich ihren Master of Laws Arbeitsrecht &amp; Personalmanagement. Von November 2021 bis Juli 2023 war sie als Personalreferentin Recruiting &amp; Personalmarketing t\u00e4tig. Als HR Business Partner setzt sie nun weiter ihre St\u00e4rken Empathie, Teamf\u00e4higkeit und Flexibilit\u00e4t im gesamten Recruiting-Team ein.<\/p>\n        <\/div>\n                                <\/div>\n            \n        <\/div>\n    <\/div>\n<\/section>\n\n\n<section class=\"block-img-txt img-50-text-50 pb-4\">\n    <div class=\"container\">\n        <div class=\"row\">\n                            <div class=\"col-md-6 pb-4 d-none d-md-block image\">\n                    <img loading=\"lazy\" decoding=\"async\" width=\"570\" height=\"475\" src=\"https:\/\/www.dehner.de\/jobs\/app\/uploads\/sites\/7\/2023\/09\/young-talents-recruiting-dehner-1.png\" class=\"img-cover\" alt=\"Junior Manager Young Talents bei Dehner\" srcset=\"https:\/\/www.dehner.de\/jobs\/app\/uploads\/sites\/7\/2023\/09\/young-talents-recruiting-dehner-1.png 570w, https:\/\/www.dehner.de\/jobs\/app\/uploads\/sites\/7\/2023\/09\/young-talents-recruiting-dehner-1-300x250.png 300w, https:\/\/www.dehner.de\/jobs\/app\/uploads\/sites\/7\/2023\/09\/young-talents-recruiting-dehner-1-150x125.png 150w\" sizes=\"auto, (max-width: 570px) 100vw, 570px\" \/>                <\/div>\n                <div class=\"col-md-6 df fc jcc body\">\n                                        <img loading=\"lazy\" decoding=\"async\" width=\"570\" height=\"475\" src=\"https:\/\/www.dehner.de\/jobs\/app\/uploads\/sites\/7\/2023\/09\/young-talents-recruiting-dehner-1.png\" class=\"mobile-image img-fluid mb-3 d-md-none\" alt=\"Junior Manager Young Talents bei Dehner\" srcset=\"https:\/\/www.dehner.de\/jobs\/app\/uploads\/sites\/7\/2023\/09\/young-talents-recruiting-dehner-1.png 570w, https:\/\/www.dehner.de\/jobs\/app\/uploads\/sites\/7\/2023\/09\/young-talents-recruiting-dehner-1-300x250.png 300w, https:\/\/www.dehner.de\/jobs\/app\/uploads\/sites\/7\/2023\/09\/young-talents-recruiting-dehner-1-150x125.png 150w\" sizes=\"auto, (max-width: 570px) 100vw, 570px\" \/>                <div class=\"text\">\n            <p>Achtung: Es gibt gleich zwei Franzis im Team. <strong>Franzi<\/strong> (II) erg\u00e4nzt das Social Media Team als vierter kreativer Kopf. Sie ist seit Oktober 2020 bei Dehner und befindet sich gerade in den Endz\u00fcgen ihre dualen Studiums BWL-Handel. W\u00e4hrend ihrer Zeit bei Dehner lernte sie unterschiedliche Bereiche, wie den Einkauf, das Garten-Center oder den Bereich Ausbildung &amp; Nachwuchsentwicklung kennen. Ab Oktober darf sie sich dann stolz Junior Manager Young Talents nennen und wird mit Begeisterung Auszubildende vom Auswahlverfahren bis hin zur Einstellung und ihrer weiteren Reise bei Dehner betreuen. Auch die Planung, Entwicklung und Umsetzung des Ausbildungsmarketings geh\u00f6rt zu ihren Kernaufgaben (Social Media, Messen und Ausbildungsevents, \u00d6ffentlichkeitsarbeit &amp; Schulmarketing).<\/p>\n        <\/div>\n                                <\/div>\n            \n        <\/div>\n    <\/div>\n<\/section>\n\n\n<section class=\"block-img-txt text-50-img-50 pb-4\">\n    <div class=\"container\">\n        <div class=\"row\">\n                            <div class=\"col-md-6 pb-4 d-none d-md-block image\">\n                    <img loading=\"lazy\" decoding=\"async\" width=\"560\" height=\"600\" src=\"https:\/\/www.dehner.de\/jobs\/app\/uploads\/sites\/7\/2023\/09\/dehner-team-social-media-organisation-aufgaben.png\" class=\"img-cover\" alt=\"Organisation im Dehner HR Social Media Team\" srcset=\"https:\/\/www.dehner.de\/jobs\/app\/uploads\/sites\/7\/2023\/09\/dehner-team-social-media-organisation-aufgaben.png 560w, https:\/\/www.dehner.de\/jobs\/app\/uploads\/sites\/7\/2023\/09\/dehner-team-social-media-organisation-aufgaben-280x300.png 280w, https:\/\/www.dehner.de\/jobs\/app\/uploads\/sites\/7\/2023\/09\/dehner-team-social-media-organisation-aufgaben-140x150.png 140w\" sizes=\"auto, (max-width: 560px) 100vw, 560px\" \/>                <\/div>\n                <div class=\"col-md-6 df fc jcc body\">\n                            <a href=\"#\" class=\"toggler toggler-down-md toggler-hide\" data-toggle=\"collapse\" data-target=\"#block_650a84455af75\" aria-expanded=\"true\" aria-controls=\"block_650a84455af75\">\n                            <img loading=\"lazy\" decoding=\"async\" width=\"560\" height=\"600\" src=\"https:\/\/www.dehner.de\/jobs\/app\/uploads\/sites\/7\/2023\/09\/dehner-team-social-media-organisation-aufgaben.png\" class=\"mobile-image img-fluid mb-3 d-md-none\" alt=\"Organisation im Dehner HR Social Media Team\" srcset=\"https:\/\/www.dehner.de\/jobs\/app\/uploads\/sites\/7\/2023\/09\/dehner-team-social-media-organisation-aufgaben.png 560w, https:\/\/www.dehner.de\/jobs\/app\/uploads\/sites\/7\/2023\/09\/dehner-team-social-media-organisation-aufgaben-280x300.png 280w, https:\/\/www.dehner.de\/jobs\/app\/uploads\/sites\/7\/2023\/09\/dehner-team-social-media-organisation-aufgaben-140x150.png 140w\" sizes=\"auto, (max-width: 560px) 100vw, 560px\" \/>                        <h3 class=\"font-h4 toggler toggler-down-md\">#2 Organisation im Social Media Team: Unsere t\u00e4gliche Arbeit<\/h3>        <\/a>\n        <div class=\"collapse text show\" id=\"block_650a84455af75\" data-parent=\"main\">\n            <p>Franzi ist unsere Social Media Hauptansprechpartnerin. Die Content-Erstellung l\u00e4uft voranging \u00fcber ihren Tisch. Das beinhaltet die Steuerung der Postings \u00fcber Instagram, Facebook, Xing &amp; LinkedIn, aber auch das Community Management, die Schaltung von Werbeanzeigen sowie die Pflege und Aktualisierung der Employer Branding Profile. Dabei wird sie tatkr\u00e4ftig vom Team unterst\u00fctzt. Franzi (II) betreut beispielsweise die Themen rund um Ausbildung und duales Studium, w\u00e4hrend Katharina und Martina die Redaktionsplanung mit umsetzen.<\/p>\n<p>In monatlichen Jour fixe Terminen wird flei\u00dfig gebrainstormt und der Redaktionsplan f\u00fcr den darauffolgenden Monat gemeinsam abgestimmt. Zus\u00e4tzlich gibt es t\u00e4glichen Austausch \u00fcber MS Teams. Immer in enger Zusammenarbeit. Als Post-Tage sind der Dienstag und Donnerstag festgelegt, weitere Tage werden je nach Bedarf hinzugef\u00fcgt.<\/p>\n<p>Tools wie Photoshop, Canva und Videoschnitt-Programme sind im Dehner Social Media Team fest integriert.<\/p>\n                    <\/div>                <\/div>\n            \n        <\/div>\n    <\/div>\n<\/section>\n\n\n<section class=\"block-img-txt img-50-text-50 pb-4\">\n    <div class=\"container\">\n        <div class=\"row\">\n                            <div class=\"col-md-6 pb-4 d-none d-md-block image\">\n                    <img loading=\"lazy\" decoding=\"async\" width=\"545\" height=\"1024\" src=\"https:\/\/www.dehner.de\/jobs\/app\/uploads\/sites\/7\/2023\/09\/arbeit-freundschaft-kreativitat-dehner-3-545x1024.png\" class=\"img-cover\" alt=\"Zusammenhalt bei Dehner\" srcset=\"https:\/\/www.dehner.de\/jobs\/app\/uploads\/sites\/7\/2023\/09\/arbeit-freundschaft-kreativitat-dehner-3-545x1024.png 545w, https:\/\/www.dehner.de\/jobs\/app\/uploads\/sites\/7\/2023\/09\/arbeit-freundschaft-kreativitat-dehner-3-160x300.png 160w, https:\/\/www.dehner.de\/jobs\/app\/uploads\/sites\/7\/2023\/09\/arbeit-freundschaft-kreativitat-dehner-3-80x150.png 80w, https:\/\/www.dehner.de\/jobs\/app\/uploads\/sites\/7\/2023\/09\/arbeit-freundschaft-kreativitat-dehner-3.png 570w\" sizes=\"auto, (max-width: 545px) 100vw, 545px\" \/>                <\/div>\n                <div class=\"col-md-6 df fc jcc body\">\n                            <a href=\"#\" class=\"toggler toggler-down-md toggler-hide\" data-toggle=\"collapse\" data-target=\"#block_650a846f5af76\" aria-expanded=\"true\" aria-controls=\"block_650a846f5af76\">\n                            <img loading=\"lazy\" decoding=\"async\" width=\"545\" height=\"1024\" src=\"https:\/\/www.dehner.de\/jobs\/app\/uploads\/sites\/7\/2023\/09\/arbeit-freundschaft-kreativitat-dehner-3-545x1024.png\" class=\"mobile-image img-fluid mb-3 d-md-none\" alt=\"Zusammenhalt bei Dehner\" srcset=\"https:\/\/www.dehner.de\/jobs\/app\/uploads\/sites\/7\/2023\/09\/arbeit-freundschaft-kreativitat-dehner-3-545x1024.png 545w, https:\/\/www.dehner.de\/jobs\/app\/uploads\/sites\/7\/2023\/09\/arbeit-freundschaft-kreativitat-dehner-3-160x300.png 160w, https:\/\/www.dehner.de\/jobs\/app\/uploads\/sites\/7\/2023\/09\/arbeit-freundschaft-kreativitat-dehner-3-80x150.png 80w, https:\/\/www.dehner.de\/jobs\/app\/uploads\/sites\/7\/2023\/09\/arbeit-freundschaft-kreativitat-dehner-3.png 570w\" sizes=\"auto, (max-width: 545px) 100vw, 545px\" \/>                        <h3 class=\"font-h4 toggler toggler-down-md\">#3 Das macht die Arbeit in unserem HR Social Media Team einzigartig<\/h3>        <\/a>\n        <div class=\"collapse text show\" id=\"block_650a846f5af76\" data-parent=\"main\">\n            <p>Die Arbeit in unserem Social Media Team ist wirklich etwas Besonderes. Wir sch\u00e4tzen vor allem die Begegnung auf Augenh\u00f6he. In unserem Team sind wir mehr als nur Kolleg*innen\u2013 wir sind Freunde, die sich gegenseitig unterst\u00fctzen und ermutigen.<\/p>\n<p>Ein gro\u00dfer Teil unseres Erfolgs liegt sicherlich auch in unserem Sinn f\u00fcr Humor. Egal wie stressig die Arbeit auch sein mag, wir finden immer einen Grund zum Lachen. Dieser Humor h\u00e4lt uns motiviert und sorgt daf\u00fcr, dass unsere kreativen K\u00f6pfe st\u00e4ndig sprudeln.<\/p>\n<p>Unsere Arbeit ist gepr\u00e4gt von frischen Ideen und Trends, denn wir sind am Puls der Zeit. Unser Team bringt st\u00e4ndig neue Impulse ein, um unsere Social-Media-Pr\u00e4senz auf dem neuesten Stand zu halten.<\/p>\n<p>Das Sch\u00f6ne an unserer Arbeit ist auch, dass wir viele verschiedene Berufsbilder kennenlernen. Jede von uns tr\u00e4gt ihren ganz pers\u00f6nlichen eigenen Teil zum Erfolg bei, sei es durch Grafikdesign, Texterstellung, Datenanalyse oder Community-Management. Dies erm\u00f6glicht es, uns in verschiedenen Bereichen weiterzuentwickeln.<\/p>\n<p>Zusammengefasst sch\u00e4tzen wir in unserem Social Media Team die Freiheit des eigenst\u00e4ndigen Arbeitens, die M\u00f6glichkeit, unsere Ideen und W\u00fcnsche einzubringen, die Vielfalt der Berufsbilder, die wir kennenlernen, und vor allem die positive und unterst\u00fctzende Atmosph\u00e4re, die uns t\u00e4glich motiviert. Wir sind stolz darauf, Teil dieses Teams zu sein und gemeinsam an unserer erfolgreichen Online-Pr\u00e4senz zu arbeiten.<\/p>\n<p>Auch Du bist noch auf der Suche nach Deinem beruflichen Zuhause, in dem Du so richtig aufbl\u00fchen kannst? Dann checke jetzt unbedingt unsere Karriereseite und finde bei Dehner Deinen Traumjob &#8211; egal ob im Garten-Center oder in unserem Dienstleistungszentrum. Alle Jobangebote findest du <a href=\"http:\/\/www.dehner.de\/jobs\/jobmarkt\">hier<\/a>.<\/p>\n                    <\/div>                <\/div>\n            \n        <\/div>\n    <\/div>\n<\/section>\n","protected":false},"excerpt":{"rendered":"","protected":false},"featured_media":22944,"parent":0,"template":"","blog_category":[453],"class_list":["post-22923","blog","type-blog","status-publish","has-post-thumbnail","hentry","blog_category-jobeinblicke"],"acf":[],"yoast_head":"<!-- This site is optimized with the Yoast SEO plugin v24.5 - https:\/\/yoast.com\/wordpress\/plugins\/seo\/ -->\n<title>Spotlight: Das Dehner HR Social Media Team<\/title>\n<meta name=\"description\" content=\"Redaktionsplanung, Content-Erstellung, Social Recruiting: H\u00f6chste Zeit f\u00fcr eine Vorstellung unseres Dehner Social Media Teams. \u27a4 Mehr erfahren\" \/>\n<meta name=\"robots\" content=\"index, follow, max-snippet:-1, max-image-preview:large, max-video-preview:-1\" \/>\n<link rel=\"canonical\" href=\"https:\/\/www.dehner.de\/jobs\/blogbeitrag\/spotlight-das-ist-unser-dehner-hr-social-media-team\/\" \/>\n<meta property=\"og:locale\" content=\"de_DE\" \/>\n<meta property=\"og:type\" content=\"article\" \/>\n<meta property=\"og:title\" content=\"Spotlight: Das Dehner HR Social Media Team\" \/>\n<meta property=\"og:description\" content=\"Redaktionsplanung, Content-Erstellung, Social Recruiting: H\u00f6chste Zeit f\u00fcr eine Vorstellung unseres Dehner Social Media Teams. \u27a4 Mehr erfahren\" \/>\n<meta property=\"og:url\" content=\"https:\/\/www.dehner.de\/jobs\/blogbeitrag\/spotlight-das-ist-unser-dehner-hr-social-media-team\/\" \/>\n<meta property=\"og:site_name\" content=\"Karriere bei Dehner\" \/>\n<meta property=\"article:modified_time\" content=\"2025-02-24T12:50:58+00:00\" \/>\n<meta property=\"og:image\" content=\"https:\/\/www.dehner.de\/jobs\/app\/uploads\/sites\/7\/2023\/09\/dehner-hr-social-media-team.png\" \/>\n\t<meta property=\"og:image:width\" content=\"1920\" \/>\n\t<meta property=\"og:image:height\" content=\"500\" \/>\n\t<meta property=\"og:image:type\" content=\"image\/png\" \/>\n<meta name=\"twitter:card\" content=\"summary_large_image\" \/>\n<meta name=\"twitter:label1\" content=\"Est. reading time\" \/>\n\t<meta name=\"twitter:data1\" content=\"6 Minuten\" \/>\n<script type=\"application\/ld+json\" class=\"yoast-schema-graph\">{\"@context\":\"https:\/\/schema.org\",\"@graph\":[{\"@type\":\"WebPage\",\"@id\":\"https:\/\/www.dehner.de\/jobs\/blogbeitrag\/spotlight-das-ist-unser-dehner-hr-social-media-team\/\",\"url\":\"https:\/\/www.dehner.de\/jobs\/blogbeitrag\/spotlight-das-ist-unser-dehner-hr-social-media-team\/\",\"name\":\"Spotlight: Das Dehner HR Social Media Team\",\"isPartOf\":{\"@id\":\"https:\/\/www.dehner.de\/jobs\/#website\"},\"primaryImageOfPage\":{\"@id\":\"https:\/\/www.dehner.de\/jobs\/blogbeitrag\/spotlight-das-ist-unser-dehner-hr-social-media-team\/#primaryimage\"},\"image\":{\"@id\":\"https:\/\/www.dehner.de\/jobs\/blogbeitrag\/spotlight-das-ist-unser-dehner-hr-social-media-team\/#primaryimage\"},\"thumbnailUrl\":\"https:\/\/www.dehner.de\/jobs\/app\/uploads\/sites\/7\/2023\/09\/dehner-hr-social-media-team.png\",\"datePublished\":\"2023-09-28T06:00:00+00:00\",\"dateModified\":\"2025-02-24T12:50:58+00:00\",\"description\":\"Redaktionsplanung, Content-Erstellung, Social Recruiting: H\u00f6chste Zeit f\u00fcr eine Vorstellung unseres Dehner Social Media Teams. \u27a4 Mehr erfahren\",\"breadcrumb\":{\"@id\":\"https:\/\/www.dehner.de\/jobs\/blogbeitrag\/spotlight-das-ist-unser-dehner-hr-social-media-team\/#breadcrumb\"},\"inLanguage\":\"de-DE\",\"potentialAction\":[{\"@type\":\"ReadAction\",\"target\":[\"https:\/\/www.dehner.de\/jobs\/blogbeitrag\/spotlight-das-ist-unser-dehner-hr-social-media-team\/\"]}]},{\"@type\":\"ImageObject\",\"inLanguage\":\"de-DE\",\"@id\":\"https:\/\/www.dehner.de\/jobs\/blogbeitrag\/spotlight-das-ist-unser-dehner-hr-social-media-team\/#primaryimage\",\"url\":\"https:\/\/www.dehner.de\/jobs\/app\/uploads\/sites\/7\/2023\/09\/dehner-hr-social-media-team.png\",\"contentUrl\":\"https:\/\/www.dehner.de\/jobs\/app\/uploads\/sites\/7\/2023\/09\/dehner-hr-social-media-team.png\",\"width\":1920,\"height\":500,\"caption\":\"Vierk\u00f6pfiges HR Social Media Team bei Dehner\"},{\"@type\":\"BreadcrumbList\",\"@id\":\"https:\/\/www.dehner.de\/jobs\/blogbeitrag\/spotlight-das-ist-unser-dehner-hr-social-media-team\/#breadcrumb\",\"itemListElement\":[{\"@type\":\"ListItem\",\"position\":1,\"name\":\"Home\",\"item\":\"https:\/\/www.dehner.de\/jobs\/\"},{\"@type\":\"ListItem\",\"position\":2,\"name\":\"Spotlight: Das ist unser Dehner HR Social Media Team\"}]},{\"@type\":\"WebSite\",\"@id\":\"https:\/\/www.dehner.de\/jobs\/#website\",\"url\":\"https:\/\/www.dehner.de\/jobs\/\",\"name\":\"Karriere bei Dehner\",\"description\":\"Die Storys unserer Personalbotschafter\",\"publisher\":{\"@id\":\"https:\/\/www.dehner.de\/jobs\/#organization\"},\"potentialAction\":[{\"@type\":\"SearchAction\",\"target\":{\"@type\":\"EntryPoint\",\"urlTemplate\":\"https:\/\/www.dehner.de\/jobs\/?s={search_term_string}\"},\"query-input\":{\"@type\":\"PropertyValueSpecification\",\"valueRequired\":true,\"valueName\":\"search_term_string\"}}],\"inLanguage\":\"de-DE\"},{\"@type\":\"Organization\",\"@id\":\"https:\/\/www.dehner.de\/jobs\/#organization\",\"name\":\"Karriere bei Dehner\",\"url\":\"https:\/\/www.dehner.de\/jobs\/\",\"logo\":{\"@type\":\"ImageObject\",\"inLanguage\":\"de-DE\",\"@id\":\"https:\/\/www.dehner.de\/jobs\/#\/schema\/logo\/image\/\",\"url\":\"https:\/\/www.dehner.de\/jobs\/app\/uploads\/sites\/7\/2025\/12\/dehner-garten-center-koenigsbrunn-revitalisierung-neubau-umbau.png\",\"contentUrl\":\"https:\/\/www.dehner.de\/jobs\/app\/uploads\/sites\/7\/2025\/12\/dehner-garten-center-koenigsbrunn-revitalisierung-neubau-umbau.png\",\"width\":800,\"height\":1315,\"caption\":\"Karriere bei Dehner\"},\"image\":{\"@id\":\"https:\/\/www.dehner.de\/jobs\/#\/schema\/logo\/image\/\"}}]}<\/script>\n<!-- \/ Yoast SEO plugin. -->","yoast_head_json":{"title":"Spotlight: Das Dehner HR Social Media Team","description":"Redaktionsplanung, Content-Erstellung, Social Recruiting: H\u00f6chste Zeit f\u00fcr eine Vorstellung unseres Dehner Social Media Teams. \u27a4 Mehr erfahren","robots":{"index":"index","follow":"follow","max-snippet":"max-snippet:-1","max-image-preview":"max-image-preview:large","max-video-preview":"max-video-preview:-1"},"canonical":"https:\/\/www.dehner.de\/jobs\/blogbeitrag\/spotlight-das-ist-unser-dehner-hr-social-media-team\/","og_locale":"de_DE","og_type":"article","og_title":"Spotlight: Das Dehner HR Social Media Team","og_description":"Redaktionsplanung, Content-Erstellung, Social Recruiting: H\u00f6chste Zeit f\u00fcr eine Vorstellung unseres Dehner Social Media Teams. \u27a4 Mehr erfahren","og_url":"https:\/\/www.dehner.de\/jobs\/blogbeitrag\/spotlight-das-ist-unser-dehner-hr-social-media-team\/","og_site_name":"Karriere bei Dehner","article_modified_time":"2025-02-24T12:50:58+00:00","og_image":[{"width":1920,"height":500,"url":"https:\/\/www.dehner.de\/jobs\/app\/uploads\/sites\/7\/2023\/09\/dehner-hr-social-media-team.png","type":"image\/png"}],"twitter_card":"summary_large_image","twitter_misc":{"Est. reading time":"6 Minuten"},"schema":{"@context":"https:\/\/schema.org","@graph":[{"@type":"WebPage","@id":"https:\/\/www.dehner.de\/jobs\/blogbeitrag\/spotlight-das-ist-unser-dehner-hr-social-media-team\/","url":"https:\/\/www.dehner.de\/jobs\/blogbeitrag\/spotlight-das-ist-unser-dehner-hr-social-media-team\/","name":"Spotlight: Das Dehner HR Social Media Team","isPartOf":{"@id":"https:\/\/www.dehner.de\/jobs\/#website"},"primaryImageOfPage":{"@id":"https:\/\/www.dehner.de\/jobs\/blogbeitrag\/spotlight-das-ist-unser-dehner-hr-social-media-team\/#primaryimage"},"image":{"@id":"https:\/\/www.dehner.de\/jobs\/blogbeitrag\/spotlight-das-ist-unser-dehner-hr-social-media-team\/#primaryimage"},"thumbnailUrl":"https:\/\/www.dehner.de\/jobs\/app\/uploads\/sites\/7\/2023\/09\/dehner-hr-social-media-team.png","datePublished":"2023-09-28T06:00:00+00:00","dateModified":"2025-02-24T12:50:58+00:00","description":"Redaktionsplanung, Content-Erstellung, Social Recruiting: H\u00f6chste Zeit f\u00fcr eine Vorstellung unseres Dehner Social Media Teams. \u27a4 Mehr erfahren","breadcrumb":{"@id":"https:\/\/www.dehner.de\/jobs\/blogbeitrag\/spotlight-das-ist-unser-dehner-hr-social-media-team\/#breadcrumb"},"inLanguage":"de-DE","potentialAction":[{"@type":"ReadAction","target":["https:\/\/www.dehner.de\/jobs\/blogbeitrag\/spotlight-das-ist-unser-dehner-hr-social-media-team\/"]}]},{"@type":"ImageObject","inLanguage":"de-DE","@id":"https:\/\/www.dehner.de\/jobs\/blogbeitrag\/spotlight-das-ist-unser-dehner-hr-social-media-team\/#primaryimage","url":"https:\/\/www.dehner.de\/jobs\/app\/uploads\/sites\/7\/2023\/09\/dehner-hr-social-media-team.png","contentUrl":"https:\/\/www.dehner.de\/jobs\/app\/uploads\/sites\/7\/2023\/09\/dehner-hr-social-media-team.png","width":1920,"height":500,"caption":"Vierk\u00f6pfiges HR Social Media Team bei Dehner"},{"@type":"BreadcrumbList","@id":"https:\/\/www.dehner.de\/jobs\/blogbeitrag\/spotlight-das-ist-unser-dehner-hr-social-media-team\/#breadcrumb","itemListElement":[{"@type":"ListItem","position":1,"name":"Home","item":"https:\/\/www.dehner.de\/jobs\/"},{"@type":"ListItem","position":2,"name":"Spotlight: Das ist unser Dehner HR Social Media Team"}]},{"@type":"WebSite","@id":"https:\/\/www.dehner.de\/jobs\/#website","url":"https:\/\/www.dehner.de\/jobs\/","name":"Karriere bei Dehner","description":"Die Storys unserer Personalbotschafter","publisher":{"@id":"https:\/\/www.dehner.de\/jobs\/#organization"},"potentialAction":[{"@type":"SearchAction","target":{"@type":"EntryPoint","urlTemplate":"https:\/\/www.dehner.de\/jobs\/?s={search_term_string}"},"query-input":{"@type":"PropertyValueSpecification","valueRequired":true,"valueName":"search_term_string"}}],"inLanguage":"de-DE"},{"@type":"Organization","@id":"https:\/\/www.dehner.de\/jobs\/#organization","name":"Karriere bei Dehner","url":"https:\/\/www.dehner.de\/jobs\/","logo":{"@type":"ImageObject","inLanguage":"de-DE","@id":"https:\/\/www.dehner.de\/jobs\/#\/schema\/logo\/image\/","url":"https:\/\/www.dehner.de\/jobs\/app\/uploads\/sites\/7\/2025\/12\/dehner-garten-center-koenigsbrunn-revitalisierung-neubau-umbau.png","contentUrl":"https:\/\/www.dehner.de\/jobs\/app\/uploads\/sites\/7\/2025\/12\/dehner-garten-center-koenigsbrunn-revitalisierung-neubau-umbau.png","width":800,"height":1315,"caption":"Karriere bei Dehner"},"image":{"@id":"https:\/\/www.dehner.de\/jobs\/#\/schema\/logo\/image\/"}}]}},"_links":{"self":[{"href":"https:\/\/www.dehner.de\/jobs\/wp-json\/wp\/v2\/blog\/22923","targetHints":{"allow":["GET"]}}],"collection":[{"href":"https:\/\/www.dehner.de\/jobs\/wp-json\/wp\/v2\/blog"}],"about":[{"href":"https:\/\/www.dehner.de\/jobs\/wp-json\/wp\/v2\/types\/blog"}],"version-history":[{"count":34,"href":"https:\/\/www.dehner.de\/jobs\/wp-json\/wp\/v2\/blog\/22923\/revisions"}],"predecessor-version":[{"id":23069,"href":"https:\/\/www.dehner.de\/jobs\/wp-json\/wp\/v2\/blog\/22923\/revisions\/23069"}],"wp:featuredmedia":[{"embeddable":true,"href":"https:\/\/www.dehner.de\/jobs\/wp-json\/wp\/v2\/media\/22944"}],"wp:attachment":[{"href":"https:\/\/www.dehner.de\/jobs\/wp-json\/wp\/v2\/media?parent=22923"}],"wp:term":[{"taxonomy":"blog_category","embeddable":true,"href":"https:\/\/www.dehner.de\/jobs\/wp-json\/wp\/v2\/blog_category?post=22923"}],"curies":[{"name":"wp","href":"https:\/\/api.w.org\/{rel}","templated":true}]}}