{"id":21656,"date":"2023-05-04T07:42:00","date_gmt":"2023-05-04T05:42:00","guid":{"rendered":"https:\/\/www.dehner.de\/jobs\/?post_type=blog&#038;p=21656"},"modified":"2025-02-24T15:03:48","modified_gmt":"2025-02-24T14:03:48","slug":"meine-ersten-gruenen-schritte-bei-dehner","status":"publish","type":"blog","link":"https:\/\/www.dehner.de\/jobs\/blogbeitrag\/meine-ersten-gruenen-schritte-bei-dehner\/","title":{"rendered":"Meine ersten gr\u00fcnen Schritte bei Dehner"},"content":{"rendered":"<section class=\"block-img-txt img-50-text-50 pb-4\">\n    <div class=\"container\">\n        <div class=\"row\">\n                            <div class=\"col-md-6 pb-4 d-none d-md-block image\">\n                                    <\/div>\n                <div class=\"col-md-6 df fc jcc body\">\n                                                        <div class=\"text\">\n                    <\/div>\n                                <\/div>\n            \n        <\/div>\n    <\/div>\n<\/section>\n\n\n<section class=\"block-img-txt img-50-text-50 pb-4\">\n    <div class=\"container\">\n        <div class=\"row\">\n                            <div class=\"col-md-6 pb-4 d-none d-md-block image\">\n                    <img loading=\"lazy\" decoding=\"async\" width=\"397\" height=\"1024\" src=\"https:\/\/www.dehner.de\/jobs\/app\/uploads\/sites\/7\/2023\/04\/azubi-gartencenter-gemuesepflanzen-1-397x1024.jpg\" class=\"img-cover\" alt=\"Ausbildung zum Kaufmann im Einzelhandel bei Dehner\" srcset=\"https:\/\/www.dehner.de\/jobs\/app\/uploads\/sites\/7\/2023\/04\/azubi-gartencenter-gemuesepflanzen-1-397x1024.jpg 397w, https:\/\/www.dehner.de\/jobs\/app\/uploads\/sites\/7\/2023\/04\/azubi-gartencenter-gemuesepflanzen-1-116x300.jpg 116w, https:\/\/www.dehner.de\/jobs\/app\/uploads\/sites\/7\/2023\/04\/azubi-gartencenter-gemuesepflanzen-1-58x150.jpg 58w, https:\/\/www.dehner.de\/jobs\/app\/uploads\/sites\/7\/2023\/04\/azubi-gartencenter-gemuesepflanzen-1.jpg 570w\" sizes=\"auto, (max-width: 397px) 100vw, 397px\" \/>                <\/div>\n                <div class=\"col-md-6 df fc jcc body\">\n                            <a href=\"#\" class=\"toggler toggler-down-md toggler-hide\" data-toggle=\"collapse\" data-target=\"#block_634feea5d81eb\" aria-expanded=\"true\" aria-controls=\"block_634feea5d81eb\">\n                            <img loading=\"lazy\" decoding=\"async\" width=\"397\" height=\"1024\" src=\"https:\/\/www.dehner.de\/jobs\/app\/uploads\/sites\/7\/2023\/04\/azubi-gartencenter-gemuesepflanzen-1-397x1024.jpg\" class=\"mobile-image img-fluid mb-3 d-md-none\" alt=\"Ausbildung zum Kaufmann im Einzelhandel bei Dehner\" srcset=\"https:\/\/www.dehner.de\/jobs\/app\/uploads\/sites\/7\/2023\/04\/azubi-gartencenter-gemuesepflanzen-1-397x1024.jpg 397w, https:\/\/www.dehner.de\/jobs\/app\/uploads\/sites\/7\/2023\/04\/azubi-gartencenter-gemuesepflanzen-1-116x300.jpg 116w, https:\/\/www.dehner.de\/jobs\/app\/uploads\/sites\/7\/2023\/04\/azubi-gartencenter-gemuesepflanzen-1-58x150.jpg 58w, https:\/\/www.dehner.de\/jobs\/app\/uploads\/sites\/7\/2023\/04\/azubi-gartencenter-gemuesepflanzen-1.jpg 570w\" sizes=\"auto, (max-width: 397px) 100vw, 397px\" \/>                        <h3 class=\"font-h4 toggler toggler-down-md\">Schulabschluss in der Tasche \u2013 und dann?<\/h3>        <\/a>\n        <div class=\"collapse text show\" id=\"block_634feea5d81eb\" data-parent=\"main\">\n            <p>Es war M\u00e4rz 2021, kurz vor Beginn der Garten-Saison, als ich wieder mal im Dehner Garten-Center in Chemnitz einkaufen war. Auf meiner Liste standen einige Dinge f\u00fcr meinen Garten, wie zum Beispiel Steckzwiebeln, Salat, Kohlrabipflanzen und Gurkensamen. Ich habe mir also einen Einkaufskorb geschnappt und direkt das Samenregal angesteuert. Auf dem Weg dorthin dachte ich mir: \u201eDas ist eigentlich genau das, was ich suche. Es ist meine Leidenschaft. Ich m\u00f6chte Menschen beraten, mein Wissen und die Begeisterung f\u00fcr Garten und Natur weitergeben.\u201c Au\u00dferdem habe ich an meine letzten Einkaufsausfl\u00fcge bei Dehner gedacht. Die Mitarbeiter*innen waren sehr hilfsbereit und freundlich und haben immer das Beste gegeben, um meine W\u00fcnsche zu erf\u00fcllen. Ich war mir also sicher, dass sie auch super Kolleg*innen w\u00e4ren.<\/p>\n<p>Zuhause angekommen, habe ich mich im Internet direkt informiert, ob Dehner \u00fcberhaupt ausbildet und welche Ausbildungsberufe zur Auswahl stehen. Auf der Dehner Website und \u00fcber die sozialen Medien habe ich viele Beitr\u00e4ge \u00fcber die Ausbildung gefunden. Mein Wunsch nach einer Ausbildung im Einzelhandel wurde immer gr\u00f6\u00dfer. Ich habe dann direkt mit meinen Eltern gesprochen, die ich zum Gl\u00fcck ebenfalls \u00fcberzeugen und begeistern konnte.<\/p>\n<p>Nun stellte sich mir aber ein Problem in den Weg. In der Zwischenzeit gab es in Deutschland den n\u00e4chsten Lockdown. Deutschland im Ausnahmezustand, Homeschooling f\u00fcr uns Sch\u00fcler*innen, Ausgangssperren, Gesch\u00e4fte vor\u00fcbergehend geschlossen. So auch die Dehner Filialen. Und nun? Ich wollte, bevor ich mich bewerbe, ein paar Tage Praktikum machen, um erst einmal herauszufinden, ob die Ausbildung wirklich zu mir passt. Als dann zum Gl\u00fcck bald die ersten Lockerungen in Kraft getreten sind und die Garten-Center wieder \u00f6ffnen durften, stand mein Praktikum im Markt Leipzig an. Eine freundliche Mitarbeiterin nahm mich direkt in Empfang und hat sich viel Zeit f\u00fcr meine Fragen genommen. Mir wurden verschiedene Abl\u00e4ufe erkl\u00e4rt, sodass ich einen ersten Einblick in die Ausbildung bekommen habe. Am Ende des Praktikumstages war ich total begeistert und mir war klar: Ich m\u00f6chte eine <a href=\"https:\/\/www.dehner.de\/jobs\/ausbildung-und-duales-studium\/ausbildung\/kaufmann-im-einzelhandel\/\">Ausbildung zum Kaufmann im Einzelhandel<\/a> bei Dehner absolvieren. Also setzte ich mich direkt an den PC und schickte meine Bewerbung ab. Nach einigen Tagen meldete sich die Marktleitung aus der Filiale in Chemnitz und lud mich zu einem 3-t\u00e4gigen Probearbeiten ein. In dieser Zeit hatte ich unglaublich viel Spa\u00df, das Team hat mich freundlich und offen empfangen. Nach den Schnuppertagen folgten noch zwei Vorstellungsgespr\u00e4che mit der Marktleitung und der zust\u00e4ndigen Personalreferentin aus dem Bereich Ausbildung &amp; Nachwuchsentwicklung. Wenige Tage sp\u00e4ter erwartete mich mit Hochspannung der Anruf aus dem Markt in Chemnitz. Ich hatte es geschafft. Meiner Ausbildung stand nichts mehr im Wege. Ich war nun am Ziel und konnte beruhigt in meine Abschlusspr\u00fcfungen gehen.<\/p>\n                    <\/div>                <\/div>\n            \n        <\/div>\n    <\/div>\n<\/section>\n\n\n<section class=\"block-img-txt text-50-img-50 pb-4\">\n    <div class=\"container\">\n        <div class=\"row\">\n                            <div class=\"col-md-6 pb-4 d-none d-md-block image\">\n                    <img loading=\"lazy\" decoding=\"async\" width=\"560\" height=\"600\" src=\"https:\/\/www.dehner.de\/jobs\/app\/uploads\/sites\/7\/2023\/04\/dehner-gartencenter-fruehling-blumen.jpg\" class=\"img-cover\" alt=\"Azubi Nick hat einen gr\u00fcnen Daumen\" srcset=\"https:\/\/www.dehner.de\/jobs\/app\/uploads\/sites\/7\/2023\/04\/dehner-gartencenter-fruehling-blumen.jpg 560w, https:\/\/www.dehner.de\/jobs\/app\/uploads\/sites\/7\/2023\/04\/dehner-gartencenter-fruehling-blumen-280x300.jpg 280w, https:\/\/www.dehner.de\/jobs\/app\/uploads\/sites\/7\/2023\/04\/dehner-gartencenter-fruehling-blumen-140x150.jpg 140w\" sizes=\"auto, (max-width: 560px) 100vw, 560px\" \/>                <\/div>\n                <div class=\"col-md-6 df fc jcc body\">\n                            <a href=\"#\" class=\"toggler toggler-down-md toggler-hide\" data-toggle=\"collapse\" data-target=\"#block_6228842905e9b\" aria-expanded=\"true\" aria-controls=\"block_6228842905e9b\">\n                            <img loading=\"lazy\" decoding=\"async\" width=\"560\" height=\"600\" src=\"https:\/\/www.dehner.de\/jobs\/app\/uploads\/sites\/7\/2023\/04\/dehner-gartencenter-fruehling-blumen.jpg\" class=\"mobile-image img-fluid mb-3 d-md-none\" alt=\"Azubi Nick hat einen gr\u00fcnen Daumen\" srcset=\"https:\/\/www.dehner.de\/jobs\/app\/uploads\/sites\/7\/2023\/04\/dehner-gartencenter-fruehling-blumen.jpg 560w, https:\/\/www.dehner.de\/jobs\/app\/uploads\/sites\/7\/2023\/04\/dehner-gartencenter-fruehling-blumen-280x300.jpg 280w, https:\/\/www.dehner.de\/jobs\/app\/uploads\/sites\/7\/2023\/04\/dehner-gartencenter-fruehling-blumen-140x150.jpg 140w\" sizes=\"auto, (max-width: 560px) 100vw, 560px\" \/>                        <h3 class=\"font-h4 toggler toggler-down-md\">Mein erstes Ausbildungsjahr &#8211; Meine ersten gr\u00fcnen Schritte<\/h3>        <\/a>\n        <div class=\"collapse text show\" id=\"block_6228842905e9b\" data-parent=\"main\">\n            <p>Am 1. September 2021 war es endlich so weit. Mein erster Tag als Azubi stand an. Die ersten Wochen waren spannend. Und ich muss gestehen: Am Anfang war ich erst mal etwas \u00fcberfordert: Neue Menschen, neue Abl\u00e4ufe und neue Aufgaben. Die letzten Jahre in der Schule waren wie eine Komfortzone f\u00fcr mich, die ich aber nun verlassen musste. Da war zum Beispiel das Telefonieren. Telefonieren war noch nie meine St\u00e4rke, nun sollte ich aber mit Kund*innen Telefonate f\u00fchren und ihnen weiterhelfen. Ehrlich gesagt habe ich in den ersten Wochen versucht, nicht ans Telefon gehen zu m\u00fcssen und auf eine*n Kolleg*in gehofft, die*der dies \u00fcbernimmt. Mit der Zeit wurde ich aber immer routinierter und mittlerweile geh\u00f6rt das Telefonieren mit Kund*innen zu meinen Aufgaben, genauso wie das Beraten vor Ort. Dar\u00fcber freuen sich jetzt vor allem meine Freund*innen, weil ich als Telefon-Profi jetzt immer Pizza bestellen muss \ud83d\ude09.<\/p>\n<p>So ist das mit vielen neuen Dingen in der Ausbildung. Mit der Zeit geh\u00f6rt es einfach dazu und es ist am Anfang ganz normal, dass man nicht sofort alles kann und alles wei\u00df. Zum Gl\u00fcck hat Dehner in jedem Markt ein gro\u00dfartiges Team von Mitarbeiter*innen, die Dich in der ganzen Ausbildungszeit und dar\u00fcber hinaus unterst\u00fctzen. Das hat mir am Anfang unglaublich weitergeholfen und ich bin froh, dass mich das Team in Chemnitz so offen und wertsch\u00e4tzend empfangen hat, sodass ich mich schnell integrieren konnte.<\/p>\n                    <\/div>                <\/div>\n            \n        <\/div>\n    <\/div>\n<\/section>\n\n\n<section class=\"block-img-txt img-50-text-50 pb-4\">\n    <div class=\"container\">\n        <div class=\"row\">\n                            <div class=\"col-md-6 pb-4 d-none d-md-block image\">\n                    <img loading=\"lazy\" decoding=\"async\" width=\"560\" height=\"600\" src=\"https:\/\/www.dehner.de\/jobs\/app\/uploads\/sites\/7\/2023\/04\/dehner-gartencenter-onlineshop.jpg\" class=\"img-cover\" alt=\"Azubi Nick informiert sich \u00fcber die Dehner Produktwelt\" srcset=\"https:\/\/www.dehner.de\/jobs\/app\/uploads\/sites\/7\/2023\/04\/dehner-gartencenter-onlineshop.jpg 560w, https:\/\/www.dehner.de\/jobs\/app\/uploads\/sites\/7\/2023\/04\/dehner-gartencenter-onlineshop-280x300.jpg 280w, https:\/\/www.dehner.de\/jobs\/app\/uploads\/sites\/7\/2023\/04\/dehner-gartencenter-onlineshop-140x150.jpg 140w\" sizes=\"auto, (max-width: 560px) 100vw, 560px\" \/>                <\/div>\n                <div class=\"col-md-6 df fc jcc body\">\n                            <a href=\"#\" class=\"toggler toggler-down-md toggler-hide\" data-toggle=\"collapse\" data-target=\"#block_6400d1fc13f24\" aria-expanded=\"true\" aria-controls=\"block_6400d1fc13f24\">\n                            <img loading=\"lazy\" decoding=\"async\" width=\"560\" height=\"600\" src=\"https:\/\/www.dehner.de\/jobs\/app\/uploads\/sites\/7\/2023\/04\/dehner-gartencenter-onlineshop.jpg\" class=\"mobile-image img-fluid mb-3 d-md-none\" alt=\"Azubi Nick informiert sich \u00fcber die Dehner Produktwelt\" srcset=\"https:\/\/www.dehner.de\/jobs\/app\/uploads\/sites\/7\/2023\/04\/dehner-gartencenter-onlineshop.jpg 560w, https:\/\/www.dehner.de\/jobs\/app\/uploads\/sites\/7\/2023\/04\/dehner-gartencenter-onlineshop-280x300.jpg 280w, https:\/\/www.dehner.de\/jobs\/app\/uploads\/sites\/7\/2023\/04\/dehner-gartencenter-onlineshop-140x150.jpg 140w\" sizes=\"auto, (max-width: 560px) 100vw, 560px\" \/>                        <h3 class=\"font-h4 toggler toggler-down-md\">Azubi und Verantwortung tragen? Bei Dehner ist alles m\u00f6glich<\/h3>        <\/a>\n        <div class=\"collapse text show\" id=\"block_6400d1fc13f24\" data-parent=\"main\">\n            <p>Bereits sechs Monate sp\u00e4ter, also im Februar 2022, kam meine Teamleiterin im Bereich Blumen &amp; Pflanzen, in deren Abteilung ich seit Januar bin, auf mich zu. Sie fragte mich, ob ich mir dieses Jahr bereits zutrauen w\u00fcrde, eine Mitverantwortung f\u00fcr die Baumschule zu \u00fcbernehmen und diese zum Teil selbstst\u00e4ndig zu managen. Ich habe mich sehr dar\u00fcber gefreut, dass sie mir eine solch verantwortungsvolle Aufgabe \u00fcbergeben m\u00f6chte. Das zeigte mir auch, wie viel Vertrauen meine Kollegin in mich hat. Azubi und Verantwortung tragen? Wie du siehst &#8211; Bei Dehner ist alles m\u00f6glich.Ich darf mich als nun einer neuen Herausforderung stellen. Am Anfang gar nicht so leicht, den \u00dcberblick nicht zu verlieren und die volle Kontrolle zu behalten. Doch bei Fragen steht mir meine Teamleiterin jederzeit mit Rat und Tat zur Seite. Im April f\u00fchrten wir ein erstes Feedbackgespr\u00e4ch \u00fcber meine hervorragenden Leistungen. Dabei machte mich meine Kollegin auf das Dehner Junior Kolleg aufmerksam. Ich dachte mir: \u201eNaja, Junior Kolleg, das habe ich schon mal geh\u00f6rt. Aber was ist das eigentlich genau?\u201c Kurzerhand besorgte ich mir ein paar Information zu diesem Programm f\u00fcr Nachwuchskr\u00e4fte und war begeistert. Mein Entschluss war gefasst und ich reichte meine Bewerbung ein. Ein paar Wochen musst ich bangen, doch dann kam endlich die R\u00fcckmeldung aus der Unternehmenszentrale: Ich bin Teil des Junior Kollegs. Ich habe mich riesig \u00fcber diesen weiteren, gro\u00dfen Erfolg gefreut.<\/p>\n<p>Im September 2022 neigte sich dann auch schon mein erstes Ausbildungsjahr zu Ende. Es gab H\u00f6hen und Tiefen, lustige und herausfordernde Situationen. Zum Gl\u00fcck stehen mir meine Kolleg*innen zur Seite. Denn gemeinsam ist man st\u00e4rker #strongertogether.<\/p>\n                    <\/div>                <\/div>\n            \n        <\/div>\n    <\/div>\n<\/section>\n\n\n<section class=\"block-img-txt text-50-img-50 pb-4\">\n    <div class=\"container\">\n        <div class=\"row\">\n                            <div class=\"col-md-6 pb-4 d-none d-md-block image\">\n                    <img loading=\"lazy\" decoding=\"async\" width=\"560\" height=\"600\" src=\"https:\/\/www.dehner.de\/jobs\/app\/uploads\/sites\/7\/2023\/04\/team-zusammenhalt-dehner-gartencenter.jpg\" class=\"img-cover\" alt=\"Mitarbeiter*innen im Dehner Garten-Center in Chemnitz\" srcset=\"https:\/\/www.dehner.de\/jobs\/app\/uploads\/sites\/7\/2023\/04\/team-zusammenhalt-dehner-gartencenter.jpg 560w, https:\/\/www.dehner.de\/jobs\/app\/uploads\/sites\/7\/2023\/04\/team-zusammenhalt-dehner-gartencenter-280x300.jpg 280w, https:\/\/www.dehner.de\/jobs\/app\/uploads\/sites\/7\/2023\/04\/team-zusammenhalt-dehner-gartencenter-140x150.jpg 140w\" sizes=\"auto, (max-width: 560px) 100vw, 560px\" \/>                <\/div>\n                <div class=\"col-md-6 df fc jcc body\">\n                            <a href=\"#\" class=\"toggler toggler-down-md toggler-hide\" data-toggle=\"collapse\" data-target=\"#block_6228844805e9c\" aria-expanded=\"true\" aria-controls=\"block_6228844805e9c\">\n                            <img loading=\"lazy\" decoding=\"async\" width=\"560\" height=\"600\" src=\"https:\/\/www.dehner.de\/jobs\/app\/uploads\/sites\/7\/2023\/04\/team-zusammenhalt-dehner-gartencenter.jpg\" class=\"mobile-image img-fluid mb-3 d-md-none\" alt=\"Mitarbeiter*innen im Dehner Garten-Center in Chemnitz\" srcset=\"https:\/\/www.dehner.de\/jobs\/app\/uploads\/sites\/7\/2023\/04\/team-zusammenhalt-dehner-gartencenter.jpg 560w, https:\/\/www.dehner.de\/jobs\/app\/uploads\/sites\/7\/2023\/04\/team-zusammenhalt-dehner-gartencenter-280x300.jpg 280w, https:\/\/www.dehner.de\/jobs\/app\/uploads\/sites\/7\/2023\/04\/team-zusammenhalt-dehner-gartencenter-140x150.jpg 140w\" sizes=\"auto, (max-width: 560px) 100vw, 560px\" \/>                        <h3 class=\"font-h4 toggler toggler-down-md\">Zukunftschancen und M\u00f6glichkeiten bei Dehner<\/h3>        <\/a>\n        <div class=\"collapse text show\" id=\"block_6228844805e9c\" data-parent=\"main\">\n            <p>Das Familienunternehmen Dehner bildet schon seit vielen Jahren selbst aus. Mit so viel Expertise und Erfahrung habt Ihr einen Ausbildungsbetrieb an Eurer Seite, der Euch perfekt auf Eure Fachlaufbahn im Einzelhandel vorbereitet. W\u00e4hrend Eurer Ausbildung werdet Ihr alle Abteilungen im Garten-Center kennenlernen, so das ihr immer auf dem aktuellen Stand seid und unsere Kund*innen fachkundig beraten k\u00f6nnt.<\/p>\n<p>Neben einer sehr guten Verg\u00fctung, 30 Tagen Urlaub und Personalrabatten hat Dehner noch viel, viel mehr zu bieten. Vor allem auch f\u00fcr diejenigen, die nicht nur eine Ausbildung machen m\u00f6chten, sondern sich engagieren wollen. Ob <a href=\"https:\/\/www.dehner.de\/jobs\/karriere-storys\/ausbildung\/das-junior-kolleg-bei-dehner\/\">Junior-Kolleg<\/a> oder <a href=\"https:\/\/www.dehner.de\/jobs\/unsere-personalbotschafter\/\">Personalbotschafter*in<\/a> \u2013 Dehner hat so einiges zu bieten.<\/p>\n<p>Ihr wollt intensiv gefordert und gef\u00f6rdert werden? Mit Spa\u00df und Freude bereits w\u00e4hrend der Ausbildung Projekte und Herausforderungen meistern? Ihr wollt \u00fcber Euch hinauswachsen? Dann werdet Teil der Dehner Familie! Alle Informationen zu unseren neun zukunftssicheren Ausbildungsberufen und dem Abiturientenprogramm findet Ihr <a href=\"https:\/\/www.dehner.de\/jobs\/ausbildung-und-duales-studium\/\">hier<\/a>.<\/p>\n<p>Ich hoffe, Euch hat mein kleiner Einblick gefallen. Und vielleicht sehen wir uns ja bald im Garten-Center in Chemnitz.<\/p>\n<p>Viele Gr\u00fc\u00dfe,<br \/>\nEuer Nick<\/p>\n                    <\/div>                <\/div>\n            \n        <\/div>\n    <\/div>\n<\/section>\n","protected":false},"excerpt":{"rendered":"","protected":false},"featured_media":21872,"parent":0,"template":"","blog_category":[454],"class_list":["post-21656","blog","type-blog","status-publish","has-post-thumbnail","hentry","blog_category-ausbildung"],"acf":[],"yoast_head":"<!-- This site is optimized with the Yoast SEO plugin v24.5 - https:\/\/yoast.com\/wordpress\/plugins\/seo\/ -->\n<title>Meine ersten gr\u00fcnen Schritte bei Dehner<\/title>\n<meta name=\"description\" content=\"Was erwartet einen Kaufmann im Einzelhandel im ersten Ausbildungsjahr bei Dehner? Azubi Nick berichtet. \u27a4 Jetzt lesen!\" \/>\n<meta name=\"robots\" content=\"index, follow, max-snippet:-1, max-image-preview:large, max-video-preview:-1\" \/>\n<link rel=\"canonical\" href=\"https:\/\/www.dehner.de\/jobs\/blogbeitrag\/meine-ersten-gruenen-schritte-bei-dehner\/\" \/>\n<meta property=\"og:locale\" content=\"de_DE\" \/>\n<meta property=\"og:type\" content=\"article\" \/>\n<meta property=\"og:title\" content=\"Meine ersten gr\u00fcnen Schritte bei Dehner\" \/>\n<meta property=\"og:description\" content=\"Was erwartet einen Kaufmann im Einzelhandel im ersten Ausbildungsjahr bei Dehner? Azubi Nick berichtet. \u27a4 Jetzt lesen!\" \/>\n<meta property=\"og:url\" content=\"https:\/\/www.dehner.de\/jobs\/blogbeitrag\/meine-ersten-gruenen-schritte-bei-dehner\/\" \/>\n<meta property=\"og:site_name\" content=\"Karriere bei Dehner\" \/>\n<meta property=\"article:modified_time\" content=\"2025-02-24T14:03:48+00:00\" \/>\n<meta property=\"og:image\" content=\"https:\/\/www.dehner.de\/jobs\/app\/uploads\/sites\/7\/2023\/05\/Headerbild_Website_1920x5002.png\" \/>\n\t<meta property=\"og:image:width\" content=\"1920\" \/>\n\t<meta property=\"og:image:height\" content=\"500\" \/>\n\t<meta property=\"og:image:type\" content=\"image\/png\" \/>\n<meta name=\"twitter:card\" content=\"summary_large_image\" \/>\n<meta name=\"twitter:label1\" content=\"Est. reading time\" \/>\n\t<meta name=\"twitter:data1\" content=\"9 Minuten\" \/>\n<script type=\"application\/ld+json\" class=\"yoast-schema-graph\">{\"@context\":\"https:\/\/schema.org\",\"@graph\":[{\"@type\":\"WebPage\",\"@id\":\"https:\/\/www.dehner.de\/jobs\/blogbeitrag\/meine-ersten-gruenen-schritte-bei-dehner\/\",\"url\":\"https:\/\/www.dehner.de\/jobs\/blogbeitrag\/meine-ersten-gruenen-schritte-bei-dehner\/\",\"name\":\"Meine ersten gr\u00fcnen Schritte bei Dehner\",\"isPartOf\":{\"@id\":\"https:\/\/www.dehner.de\/jobs\/#website\"},\"primaryImageOfPage\":{\"@id\":\"https:\/\/www.dehner.de\/jobs\/blogbeitrag\/meine-ersten-gruenen-schritte-bei-dehner\/#primaryimage\"},\"image\":{\"@id\":\"https:\/\/www.dehner.de\/jobs\/blogbeitrag\/meine-ersten-gruenen-schritte-bei-dehner\/#primaryimage\"},\"thumbnailUrl\":\"https:\/\/www.dehner.de\/jobs\/app\/uploads\/sites\/7\/2023\/05\/Headerbild_Website_1920x5002.png\",\"datePublished\":\"2023-05-04T05:42:00+00:00\",\"dateModified\":\"2025-02-24T14:03:48+00:00\",\"description\":\"Was erwartet einen Kaufmann im Einzelhandel im ersten Ausbildungsjahr bei Dehner? Azubi Nick berichtet. \u27a4 Jetzt lesen!\",\"breadcrumb\":{\"@id\":\"https:\/\/www.dehner.de\/jobs\/blogbeitrag\/meine-ersten-gruenen-schritte-bei-dehner\/#breadcrumb\"},\"inLanguage\":\"de-DE\",\"potentialAction\":[{\"@type\":\"ReadAction\",\"target\":[\"https:\/\/www.dehner.de\/jobs\/blogbeitrag\/meine-ersten-gruenen-schritte-bei-dehner\/\"]}]},{\"@type\":\"ImageObject\",\"inLanguage\":\"de-DE\",\"@id\":\"https:\/\/www.dehner.de\/jobs\/blogbeitrag\/meine-ersten-gruenen-schritte-bei-dehner\/#primaryimage\",\"url\":\"https:\/\/www.dehner.de\/jobs\/app\/uploads\/sites\/7\/2023\/05\/Headerbild_Website_1920x5002.png\",\"contentUrl\":\"https:\/\/www.dehner.de\/jobs\/app\/uploads\/sites\/7\/2023\/05\/Headerbild_Website_1920x5002.png\",\"width\":1920,\"height\":500,\"caption\":\"Nick absolviert eine Ausbildung im Einzelhandel mit dem Schwerpunkt Gartencenter\"},{\"@type\":\"BreadcrumbList\",\"@id\":\"https:\/\/www.dehner.de\/jobs\/blogbeitrag\/meine-ersten-gruenen-schritte-bei-dehner\/#breadcrumb\",\"itemListElement\":[{\"@type\":\"ListItem\",\"position\":1,\"name\":\"Home\",\"item\":\"https:\/\/www.dehner.de\/jobs\/\"},{\"@type\":\"ListItem\",\"position\":2,\"name\":\"Meine ersten gr\u00fcnen Schritte bei Dehner\"}]},{\"@type\":\"WebSite\",\"@id\":\"https:\/\/www.dehner.de\/jobs\/#website\",\"url\":\"https:\/\/www.dehner.de\/jobs\/\",\"name\":\"Karriere bei Dehner\",\"description\":\"Die Storys unserer Personalbotschafter\",\"publisher\":{\"@id\":\"https:\/\/www.dehner.de\/jobs\/#organization\"},\"potentialAction\":[{\"@type\":\"SearchAction\",\"target\":{\"@type\":\"EntryPoint\",\"urlTemplate\":\"https:\/\/www.dehner.de\/jobs\/?s={search_term_string}\"},\"query-input\":{\"@type\":\"PropertyValueSpecification\",\"valueRequired\":true,\"valueName\":\"search_term_string\"}}],\"inLanguage\":\"de-DE\"},{\"@type\":\"Organization\",\"@id\":\"https:\/\/www.dehner.de\/jobs\/#organization\",\"name\":\"Karriere bei Dehner\",\"url\":\"https:\/\/www.dehner.de\/jobs\/\",\"logo\":{\"@type\":\"ImageObject\",\"inLanguage\":\"de-DE\",\"@id\":\"https:\/\/www.dehner.de\/jobs\/#\/schema\/logo\/image\/\",\"url\":\"https:\/\/www.dehner.de\/jobs\/app\/uploads\/sites\/7\/2025\/12\/dehner-garten-center-koenigsbrunn-revitalisierung-neubau-umbau.png\",\"contentUrl\":\"https:\/\/www.dehner.de\/jobs\/app\/uploads\/sites\/7\/2025\/12\/dehner-garten-center-koenigsbrunn-revitalisierung-neubau-umbau.png\",\"width\":800,\"height\":1315,\"caption\":\"Karriere bei Dehner\"},\"image\":{\"@id\":\"https:\/\/www.dehner.de\/jobs\/#\/schema\/logo\/image\/\"}}]}<\/script>\n<!-- \/ Yoast SEO plugin. -->","yoast_head_json":{"title":"Meine ersten gr\u00fcnen Schritte bei Dehner","description":"Was erwartet einen Kaufmann im Einzelhandel im ersten Ausbildungsjahr bei Dehner? Azubi Nick berichtet. \u27a4 Jetzt lesen!","robots":{"index":"index","follow":"follow","max-snippet":"max-snippet:-1","max-image-preview":"max-image-preview:large","max-video-preview":"max-video-preview:-1"},"canonical":"https:\/\/www.dehner.de\/jobs\/blogbeitrag\/meine-ersten-gruenen-schritte-bei-dehner\/","og_locale":"de_DE","og_type":"article","og_title":"Meine ersten gr\u00fcnen Schritte bei Dehner","og_description":"Was erwartet einen Kaufmann im Einzelhandel im ersten Ausbildungsjahr bei Dehner? Azubi Nick berichtet. \u27a4 Jetzt lesen!","og_url":"https:\/\/www.dehner.de\/jobs\/blogbeitrag\/meine-ersten-gruenen-schritte-bei-dehner\/","og_site_name":"Karriere bei Dehner","article_modified_time":"2025-02-24T14:03:48+00:00","og_image":[{"width":1920,"height":500,"url":"https:\/\/www.dehner.de\/jobs\/app\/uploads\/sites\/7\/2023\/05\/Headerbild_Website_1920x5002.png","type":"image\/png"}],"twitter_card":"summary_large_image","twitter_misc":{"Est. reading time":"9 Minuten"},"schema":{"@context":"https:\/\/schema.org","@graph":[{"@type":"WebPage","@id":"https:\/\/www.dehner.de\/jobs\/blogbeitrag\/meine-ersten-gruenen-schritte-bei-dehner\/","url":"https:\/\/www.dehner.de\/jobs\/blogbeitrag\/meine-ersten-gruenen-schritte-bei-dehner\/","name":"Meine ersten gr\u00fcnen Schritte bei Dehner","isPartOf":{"@id":"https:\/\/www.dehner.de\/jobs\/#website"},"primaryImageOfPage":{"@id":"https:\/\/www.dehner.de\/jobs\/blogbeitrag\/meine-ersten-gruenen-schritte-bei-dehner\/#primaryimage"},"image":{"@id":"https:\/\/www.dehner.de\/jobs\/blogbeitrag\/meine-ersten-gruenen-schritte-bei-dehner\/#primaryimage"},"thumbnailUrl":"https:\/\/www.dehner.de\/jobs\/app\/uploads\/sites\/7\/2023\/05\/Headerbild_Website_1920x5002.png","datePublished":"2023-05-04T05:42:00+00:00","dateModified":"2025-02-24T14:03:48+00:00","description":"Was erwartet einen Kaufmann im Einzelhandel im ersten Ausbildungsjahr bei Dehner? Azubi Nick berichtet. \u27a4 Jetzt lesen!","breadcrumb":{"@id":"https:\/\/www.dehner.de\/jobs\/blogbeitrag\/meine-ersten-gruenen-schritte-bei-dehner\/#breadcrumb"},"inLanguage":"de-DE","potentialAction":[{"@type":"ReadAction","target":["https:\/\/www.dehner.de\/jobs\/blogbeitrag\/meine-ersten-gruenen-schritte-bei-dehner\/"]}]},{"@type":"ImageObject","inLanguage":"de-DE","@id":"https:\/\/www.dehner.de\/jobs\/blogbeitrag\/meine-ersten-gruenen-schritte-bei-dehner\/#primaryimage","url":"https:\/\/www.dehner.de\/jobs\/app\/uploads\/sites\/7\/2023\/05\/Headerbild_Website_1920x5002.png","contentUrl":"https:\/\/www.dehner.de\/jobs\/app\/uploads\/sites\/7\/2023\/05\/Headerbild_Website_1920x5002.png","width":1920,"height":500,"caption":"Nick absolviert eine Ausbildung im Einzelhandel mit dem Schwerpunkt Gartencenter"},{"@type":"BreadcrumbList","@id":"https:\/\/www.dehner.de\/jobs\/blogbeitrag\/meine-ersten-gruenen-schritte-bei-dehner\/#breadcrumb","itemListElement":[{"@type":"ListItem","position":1,"name":"Home","item":"https:\/\/www.dehner.de\/jobs\/"},{"@type":"ListItem","position":2,"name":"Meine ersten gr\u00fcnen Schritte bei Dehner"}]},{"@type":"WebSite","@id":"https:\/\/www.dehner.de\/jobs\/#website","url":"https:\/\/www.dehner.de\/jobs\/","name":"Karriere bei Dehner","description":"Die Storys unserer Personalbotschafter","publisher":{"@id":"https:\/\/www.dehner.de\/jobs\/#organization"},"potentialAction":[{"@type":"SearchAction","target":{"@type":"EntryPoint","urlTemplate":"https:\/\/www.dehner.de\/jobs\/?s={search_term_string}"},"query-input":{"@type":"PropertyValueSpecification","valueRequired":true,"valueName":"search_term_string"}}],"inLanguage":"de-DE"},{"@type":"Organization","@id":"https:\/\/www.dehner.de\/jobs\/#organization","name":"Karriere bei Dehner","url":"https:\/\/www.dehner.de\/jobs\/","logo":{"@type":"ImageObject","inLanguage":"de-DE","@id":"https:\/\/www.dehner.de\/jobs\/#\/schema\/logo\/image\/","url":"https:\/\/www.dehner.de\/jobs\/app\/uploads\/sites\/7\/2025\/12\/dehner-garten-center-koenigsbrunn-revitalisierung-neubau-umbau.png","contentUrl":"https:\/\/www.dehner.de\/jobs\/app\/uploads\/sites\/7\/2025\/12\/dehner-garten-center-koenigsbrunn-revitalisierung-neubau-umbau.png","width":800,"height":1315,"caption":"Karriere bei Dehner"},"image":{"@id":"https:\/\/www.dehner.de\/jobs\/#\/schema\/logo\/image\/"}}]}},"_links":{"self":[{"href":"https:\/\/www.dehner.de\/jobs\/wp-json\/wp\/v2\/blog\/21656","targetHints":{"allow":["GET"]}}],"collection":[{"href":"https:\/\/www.dehner.de\/jobs\/wp-json\/wp\/v2\/blog"}],"about":[{"href":"https:\/\/www.dehner.de\/jobs\/wp-json\/wp\/v2\/types\/blog"}],"version-history":[{"count":12,"href":"https:\/\/www.dehner.de\/jobs\/wp-json\/wp\/v2\/blog\/21656\/revisions"}],"predecessor-version":[{"id":21683,"href":"https:\/\/www.dehner.de\/jobs\/wp-json\/wp\/v2\/blog\/21656\/revisions\/21683"}],"wp:featuredmedia":[{"embeddable":true,"href":"https:\/\/www.dehner.de\/jobs\/wp-json\/wp\/v2\/media\/21872"}],"wp:attachment":[{"href":"https:\/\/www.dehner.de\/jobs\/wp-json\/wp\/v2\/media?parent=21656"}],"wp:term":[{"taxonomy":"blog_category","embeddable":true,"href":"https:\/\/www.dehner.de\/jobs\/wp-json\/wp\/v2\/blog_category?post=21656"}],"curies":[{"name":"wp","href":"https:\/\/api.w.org\/{rel}","templated":true}]}}