{"id":20317,"date":"2022-12-21T11:45:00","date_gmt":"2022-12-21T10:45:00","guid":{"rendered":"https:\/\/www.dehner.de\/jobs\/?post_type=blog&#038;p=20317"},"modified":"2022-12-21T13:12:52","modified_gmt":"2022-12-21T12:12:52","slug":"pflanzaktion-im-hr-bereich","status":"publish","type":"blog","link":"https:\/\/www.dehner.de\/jobs\/blogbeitrag\/pflanzaktion-im-hr-bereich\/","title":{"rendered":"Pflanzaktion im HR-Bereich"},"content":{"rendered":"<section class=\"block-img-txt img-50-text-50 pb-4\">\n    <div class=\"container\">\n        <div class=\"row\">\n                            <div class=\"col-md-6 pb-4 d-none d-md-block image\">\n                                    <\/div>\n                <div class=\"col-md-6 df fc jcc body\">\n                                                        <div class=\"text\">\n                    <\/div>\n                                <\/div>\n            \n        <\/div>\n    <\/div>\n<\/section>\n\n\n<section class=\"block-img-txt text-50-img-50 pb-4\">\n    <div class=\"container\">\n        <div class=\"row\">\n                            <div class=\"col-md-6 pb-4 d-none d-md-block image\">\n                    <img loading=\"lazy\" decoding=\"async\" width=\"575\" height=\"770\" src=\"https:\/\/www.dehner.de\/jobs\/app\/uploads\/sites\/7\/2022\/12\/dehner-hr-bereich-pflanzaktion-blumenpark-1.jpg\" class=\"img-cover\" alt=\"20.000 Blumenzwiebeln im Dehner Blumenpark\" srcset=\"https:\/\/www.dehner.de\/jobs\/app\/uploads\/sites\/7\/2022\/12\/dehner-hr-bereich-pflanzaktion-blumenpark-1.jpg 575w, https:\/\/www.dehner.de\/jobs\/app\/uploads\/sites\/7\/2022\/12\/dehner-hr-bereich-pflanzaktion-blumenpark-1-224x300.jpg 224w, https:\/\/www.dehner.de\/jobs\/app\/uploads\/sites\/7\/2022\/12\/dehner-hr-bereich-pflanzaktion-blumenpark-1-112x150.jpg 112w\" sizes=\"auto, (max-width: 575px) 100vw, 575px\" \/>                <\/div>\n                <div class=\"col-md-6 df fc jcc body\">\n                            <a href=\"#\" class=\"toggler toggler-down-md toggler-hide\" data-toggle=\"collapse\" data-target=\"#block_6228842905e9b\" aria-expanded=\"true\" aria-controls=\"block_6228842905e9b\">\n                            <img loading=\"lazy\" decoding=\"async\" width=\"575\" height=\"770\" src=\"https:\/\/www.dehner.de\/jobs\/app\/uploads\/sites\/7\/2022\/12\/dehner-hr-bereich-pflanzaktion-blumenpark-1.jpg\" class=\"mobile-image img-fluid mb-3 d-md-none\" alt=\"20.000 Blumenzwiebeln im Dehner Blumenpark\" srcset=\"https:\/\/www.dehner.de\/jobs\/app\/uploads\/sites\/7\/2022\/12\/dehner-hr-bereich-pflanzaktion-blumenpark-1.jpg 575w, https:\/\/www.dehner.de\/jobs\/app\/uploads\/sites\/7\/2022\/12\/dehner-hr-bereich-pflanzaktion-blumenpark-1-224x300.jpg 224w, https:\/\/www.dehner.de\/jobs\/app\/uploads\/sites\/7\/2022\/12\/dehner-hr-bereich-pflanzaktion-blumenpark-1-112x150.jpg 112w\" sizes=\"auto, (max-width: 575px) 100vw, 575px\" \/>                        <h3 class=\"font-h4 toggler toggler-down-md\">Der HR-Bereich packt mit an<\/h3>        <\/a>\n        <div class=\"collapse text show\" id=\"block_6228842905e9b\" data-parent=\"main\">\n            <p>Im n\u00e4chsten Jahr wird das Blumenmeer durch eine ganz besondere Zusammenarbeit erstrahlen. In einer spontanen Aktion haben viele Kolleg*innen aus dem HR-Bereich ihren B\u00fcrostuhl gegen das Gartenwerkzeug eingetauscht und gemeinsam mit dem Team der Schauanlagen mehr als 20.000 Blumenzwiebeln gepflanzt.<\/p>\n<p>Das war definitiv etwas Neues. Nach einem Aufruf unserer Personalleiterin zur Unterst\u00fctzung des Schauanlagenteams haben sich sehr schnell zahlreiche, bereitwillige Helfer*innen gefunden. So kam es, dass sich 25 HR-Mitarbeiter*innen in die Liste f\u00fcr die Pflanzaktion eingetragen haben. Am letzten Novembertag standen sie in zwei Schichten bereit und pflanzten insgesamt \u00fcber 20.000 Blumenzwiebeln.<\/p>\n<p>Zum Gl\u00fcck gab es neben einer professionellen Einarbeitung durch das Schauanlagen-Team wertvolle Tipps von den Profis, wie die einzelnen Zwiebeln am besten und effektivsten in die Erde gesetzt werden. Die verschiedenen Techniken mussten zun\u00e4chst ausprobiert werden, bis jede*r seinen eigenen Stil und Rhythmus gefunden hatte. Eine Belohnung nach der intensiven und &#8211; zugegebener Ma\u00dfen &#8211; recht anstrengenden Arbeit gab es ebenfalls. Die Vormittagsgruppe konnte sich mit einem leckeren Wei\u00dfwurstfr\u00fchst\u00fcck st\u00e4rken, die Nachmittagsgruppe bei Kaffee und Kuchen.<\/p>\n                    <\/div>                <\/div>\n            \n        <\/div>\n    <\/div>\n<\/section>\n\n\n<section class=\"block-img-txt img-50-text-50 pb-4\">\n    <div class=\"container\">\n        <div class=\"row\">\n                            <div class=\"col-md-6 pb-4 d-none d-md-block image\">\n                    <img loading=\"lazy\" decoding=\"async\" width=\"570\" height=\"400\" src=\"https:\/\/www.dehner.de\/jobs\/app\/uploads\/sites\/7\/2022\/12\/dehner-blumenpark-tulpen-1.jpg\" class=\"img-cover\" alt=\"Dehner Blumenpark\" srcset=\"https:\/\/www.dehner.de\/jobs\/app\/uploads\/sites\/7\/2022\/12\/dehner-blumenpark-tulpen-1.jpg 570w, https:\/\/www.dehner.de\/jobs\/app\/uploads\/sites\/7\/2022\/12\/dehner-blumenpark-tulpen-1-300x211.jpg 300w, https:\/\/www.dehner.de\/jobs\/app\/uploads\/sites\/7\/2022\/12\/dehner-blumenpark-tulpen-1-150x105.jpg 150w\" sizes=\"auto, (max-width: 570px) 100vw, 570px\" \/>                <\/div>\n                <div class=\"col-md-6 df fc jcc body\">\n                            <a href=\"#\" class=\"toggler toggler-down-md toggler-hide\" data-toggle=\"collapse\" data-target=\"#block_6228844805e9c\" aria-expanded=\"true\" aria-controls=\"block_6228844805e9c\">\n                            <img loading=\"lazy\" decoding=\"async\" width=\"570\" height=\"400\" src=\"https:\/\/www.dehner.de\/jobs\/app\/uploads\/sites\/7\/2022\/12\/dehner-blumenpark-tulpen-1.jpg\" class=\"mobile-image img-fluid mb-3 d-md-none\" alt=\"Dehner Blumenpark\" srcset=\"https:\/\/www.dehner.de\/jobs\/app\/uploads\/sites\/7\/2022\/12\/dehner-blumenpark-tulpen-1.jpg 570w, https:\/\/www.dehner.de\/jobs\/app\/uploads\/sites\/7\/2022\/12\/dehner-blumenpark-tulpen-1-300x211.jpg 300w, https:\/\/www.dehner.de\/jobs\/app\/uploads\/sites\/7\/2022\/12\/dehner-blumenpark-tulpen-1-150x105.jpg 150w\" sizes=\"auto, (max-width: 570px) 100vw, 570px\" \/>                        <h3 class=\"font-h4 toggler toggler-down-md\">Wir warten gespannt auf den Fr\u00fchling<\/h3>        <\/a>\n        <div class=\"collapse text show\" id=\"block_6228844805e9c\" data-parent=\"main\">\n            <p>Jetzt bleibt nur noch abzuwarten, ob die Arbeit auch Fr\u00fcchte tr\u00e4gt. Gewiss wird das HR-Team n\u00e4chstes Jahr mit einem anderen Blick durch den Blumenpark gehen und jede Tulpe umso mehr sch\u00e4tzen. So oder so hat sich die Arbeit gelohnt.<\/p>\n<p>Nicht nur die Kolleg*innen aus dem Personalbereich w\u00fcrden diese Aktion jederzeit wiederholen, sondern auch andere Fachbereiche haben sich schon freiwillig f\u00fcr die n\u00e4chste Pflanzaktion gemeldet.<\/p>\n                    <\/div>                <\/div>\n            \n        <\/div>\n    <\/div>\n<\/section>\n","protected":false},"excerpt":{"rendered":"","protected":false},"featured_media":20634,"parent":0,"template":"","blog_category":[450,473],"class_list":["post-20317","blog","type-blog","status-publish","has-post-thumbnail","hentry","blog_category-mein-dehner","blog_category-zusammenhalt"],"acf":[],"yoast_head":"<!-- This site is optimized with the Yoast SEO plugin v24.5 - https:\/\/yoast.com\/wordpress\/plugins\/seo\/ -->\n<title>Pflanzaktion im HR-Bereich - Karriere bei Dehner<\/title>\n<meta name=\"description\" content=\"Pflanzaktion bei Dehner: Der HR-Bereich tauscht den B\u00fcrostuhl gegen das Gartenwerkzeug \u27a4 Jetzt lesen\" \/>\n<meta name=\"robots\" content=\"index, follow, max-snippet:-1, max-image-preview:large, max-video-preview:-1\" \/>\n<link rel=\"canonical\" href=\"https:\/\/www.dehner.de\/jobs\/blogbeitrag\/pflanzaktion-im-hr-bereich\/\" \/>\n<meta property=\"og:locale\" content=\"de_DE\" \/>\n<meta property=\"og:type\" content=\"article\" \/>\n<meta property=\"og:title\" content=\"Pflanzaktion im HR-Bereich - Karriere bei Dehner\" \/>\n<meta property=\"og:description\" content=\"Pflanzaktion bei Dehner: Der HR-Bereich tauscht den B\u00fcrostuhl gegen das Gartenwerkzeug \u27a4 Jetzt lesen\" \/>\n<meta property=\"og:url\" content=\"https:\/\/www.dehner.de\/jobs\/blogbeitrag\/pflanzaktion-im-hr-bereich\/\" \/>\n<meta property=\"og:site_name\" content=\"Karriere bei Dehner\" \/>\n<meta property=\"article:modified_time\" content=\"2022-12-21T12:12:52+00:00\" \/>\n<meta property=\"og:image\" content=\"https:\/\/www.dehner.at\/jobs\/app\/uploads\/sites\/7\/2022\/12\/dehner-pflanzaktion-blumenzwiebeln.jpg\" \/>\n\t<meta property=\"og:image:width\" content=\"1920\" \/>\n\t<meta property=\"og:image:height\" content=\"500\" \/>\n\t<meta property=\"og:image:type\" content=\"image\/jpeg\" \/>\n<meta name=\"twitter:card\" content=\"summary_large_image\" \/>\n<script type=\"application\/ld+json\" class=\"yoast-schema-graph\">{\"@context\":\"https:\/\/schema.org\",\"@graph\":[{\"@type\":\"WebPage\",\"@id\":\"https:\/\/www.dehner.at\/jobs\/blogbeitrag\/pflanzaktion-im-hr-bereich\/\",\"url\":\"https:\/\/www.dehner.at\/jobs\/blogbeitrag\/pflanzaktion-im-hr-bereich\/\",\"name\":\"Pflanzaktion im HR-Bereich - Karriere bei Dehner\",\"isPartOf\":{\"@id\":\"https:\/\/www.dehner.de\/jobs\/#website\"},\"primaryImageOfPage\":{\"@id\":\"https:\/\/www.dehner.at\/jobs\/blogbeitrag\/pflanzaktion-im-hr-bereich\/#primaryimage\"},\"image\":{\"@id\":\"https:\/\/www.dehner.at\/jobs\/blogbeitrag\/pflanzaktion-im-hr-bereich\/#primaryimage\"},\"thumbnailUrl\":\"https:\/\/www.dehner.de\/jobs\/app\/uploads\/sites\/7\/2022\/12\/dehner-pflanzaktion-blumenzwiebeln.jpg\",\"datePublished\":\"2022-12-21T10:45:00+00:00\",\"dateModified\":\"2022-12-21T12:12:52+00:00\",\"description\":\"Pflanzaktion bei Dehner: Der HR-Bereich tauscht den B\u00fcrostuhl gegen das Gartenwerkzeug \u27a4 Jetzt lesen\",\"breadcrumb\":{\"@id\":\"https:\/\/www.dehner.at\/jobs\/blogbeitrag\/pflanzaktion-im-hr-bereich\/#breadcrumb\"},\"inLanguage\":\"de-DE\",\"potentialAction\":[{\"@type\":\"ReadAction\",\"target\":[\"https:\/\/www.dehner.at\/jobs\/blogbeitrag\/pflanzaktion-im-hr-bereich\/\"]}]},{\"@type\":\"ImageObject\",\"inLanguage\":\"de-DE\",\"@id\":\"https:\/\/www.dehner.at\/jobs\/blogbeitrag\/pflanzaktion-im-hr-bereich\/#primaryimage\",\"url\":\"https:\/\/www.dehner.de\/jobs\/app\/uploads\/sites\/7\/2022\/12\/dehner-pflanzaktion-blumenzwiebeln.jpg\",\"contentUrl\":\"https:\/\/www.dehner.de\/jobs\/app\/uploads\/sites\/7\/2022\/12\/dehner-pflanzaktion-blumenzwiebeln.jpg\",\"width\":1920,\"height\":500,\"caption\":\"Pflanzaktion bei Dehner\"},{\"@type\":\"BreadcrumbList\",\"@id\":\"https:\/\/www.dehner.at\/jobs\/blogbeitrag\/pflanzaktion-im-hr-bereich\/#breadcrumb\",\"itemListElement\":[{\"@type\":\"ListItem\",\"position\":1,\"name\":\"Home\",\"item\":\"https:\/\/www.dehner.de\/jobs\/\"},{\"@type\":\"ListItem\",\"position\":2,\"name\":\"Pflanzaktion im HR-Bereich\"}]},{\"@type\":\"WebSite\",\"@id\":\"https:\/\/www.dehner.de\/jobs\/#website\",\"url\":\"https:\/\/www.dehner.de\/jobs\/\",\"name\":\"Karriere bei Dehner\",\"description\":\"Die Storys unserer Personalbotschafter\",\"publisher\":{\"@id\":\"https:\/\/www.dehner.de\/jobs\/#organization\"},\"potentialAction\":[{\"@type\":\"SearchAction\",\"target\":{\"@type\":\"EntryPoint\",\"urlTemplate\":\"https:\/\/www.dehner.de\/jobs\/?s={search_term_string}\"},\"query-input\":{\"@type\":\"PropertyValueSpecification\",\"valueRequired\":true,\"valueName\":\"search_term_string\"}}],\"inLanguage\":\"de-DE\"},{\"@type\":\"Organization\",\"@id\":\"https:\/\/www.dehner.de\/jobs\/#organization\",\"name\":\"Karriere bei Dehner\",\"url\":\"https:\/\/www.dehner.de\/jobs\/\",\"logo\":{\"@type\":\"ImageObject\",\"inLanguage\":\"de-DE\",\"@id\":\"https:\/\/www.dehner.de\/jobs\/#\/schema\/logo\/image\/\",\"url\":\"https:\/\/www.dehner.de\/jobs\/app\/uploads\/sites\/7\/2025\/12\/dehner-garten-center-koenigsbrunn-revitalisierung-neubau-umbau.png\",\"contentUrl\":\"https:\/\/www.dehner.de\/jobs\/app\/uploads\/sites\/7\/2025\/12\/dehner-garten-center-koenigsbrunn-revitalisierung-neubau-umbau.png\",\"width\":800,\"height\":1315,\"caption\":\"Karriere bei Dehner\"},\"image\":{\"@id\":\"https:\/\/www.dehner.de\/jobs\/#\/schema\/logo\/image\/\"}}]}<\/script>\n<!-- \/ Yoast SEO plugin. -->","yoast_head_json":{"title":"Pflanzaktion im HR-Bereich - Karriere bei Dehner","description":"Pflanzaktion bei Dehner: Der HR-Bereich tauscht den B\u00fcrostuhl gegen das Gartenwerkzeug \u27a4 Jetzt lesen","robots":{"index":"index","follow":"follow","max-snippet":"max-snippet:-1","max-image-preview":"max-image-preview:large","max-video-preview":"max-video-preview:-1"},"canonical":"https:\/\/www.dehner.de\/jobs\/blogbeitrag\/pflanzaktion-im-hr-bereich\/","og_locale":"de_DE","og_type":"article","og_title":"Pflanzaktion im HR-Bereich - Karriere bei Dehner","og_description":"Pflanzaktion bei Dehner: Der HR-Bereich tauscht den B\u00fcrostuhl gegen das Gartenwerkzeug \u27a4 Jetzt lesen","og_url":"https:\/\/www.dehner.de\/jobs\/blogbeitrag\/pflanzaktion-im-hr-bereich\/","og_site_name":"Karriere bei Dehner","article_modified_time":"2022-12-21T12:12:52+00:00","og_image":[{"width":1920,"height":500,"url":"https:\/\/www.dehner.at\/jobs\/app\/uploads\/sites\/7\/2022\/12\/dehner-pflanzaktion-blumenzwiebeln.jpg","type":"image\/jpeg"}],"twitter_card":"summary_large_image","schema":{"@context":"https:\/\/schema.org","@graph":[{"@type":"WebPage","@id":"https:\/\/www.dehner.at\/jobs\/blogbeitrag\/pflanzaktion-im-hr-bereich\/","url":"https:\/\/www.dehner.at\/jobs\/blogbeitrag\/pflanzaktion-im-hr-bereich\/","name":"Pflanzaktion im HR-Bereich - Karriere bei Dehner","isPartOf":{"@id":"https:\/\/www.dehner.de\/jobs\/#website"},"primaryImageOfPage":{"@id":"https:\/\/www.dehner.at\/jobs\/blogbeitrag\/pflanzaktion-im-hr-bereich\/#primaryimage"},"image":{"@id":"https:\/\/www.dehner.at\/jobs\/blogbeitrag\/pflanzaktion-im-hr-bereich\/#primaryimage"},"thumbnailUrl":"https:\/\/www.dehner.de\/jobs\/app\/uploads\/sites\/7\/2022\/12\/dehner-pflanzaktion-blumenzwiebeln.jpg","datePublished":"2022-12-21T10:45:00+00:00","dateModified":"2022-12-21T12:12:52+00:00","description":"Pflanzaktion bei Dehner: Der HR-Bereich tauscht den B\u00fcrostuhl gegen das Gartenwerkzeug \u27a4 Jetzt lesen","breadcrumb":{"@id":"https:\/\/www.dehner.at\/jobs\/blogbeitrag\/pflanzaktion-im-hr-bereich\/#breadcrumb"},"inLanguage":"de-DE","potentialAction":[{"@type":"ReadAction","target":["https:\/\/www.dehner.at\/jobs\/blogbeitrag\/pflanzaktion-im-hr-bereich\/"]}]},{"@type":"ImageObject","inLanguage":"de-DE","@id":"https:\/\/www.dehner.at\/jobs\/blogbeitrag\/pflanzaktion-im-hr-bereich\/#primaryimage","url":"https:\/\/www.dehner.de\/jobs\/app\/uploads\/sites\/7\/2022\/12\/dehner-pflanzaktion-blumenzwiebeln.jpg","contentUrl":"https:\/\/www.dehner.de\/jobs\/app\/uploads\/sites\/7\/2022\/12\/dehner-pflanzaktion-blumenzwiebeln.jpg","width":1920,"height":500,"caption":"Pflanzaktion bei Dehner"},{"@type":"BreadcrumbList","@id":"https:\/\/www.dehner.at\/jobs\/blogbeitrag\/pflanzaktion-im-hr-bereich\/#breadcrumb","itemListElement":[{"@type":"ListItem","position":1,"name":"Home","item":"https:\/\/www.dehner.de\/jobs\/"},{"@type":"ListItem","position":2,"name":"Pflanzaktion im HR-Bereich"}]},{"@type":"WebSite","@id":"https:\/\/www.dehner.de\/jobs\/#website","url":"https:\/\/www.dehner.de\/jobs\/","name":"Karriere bei Dehner","description":"Die Storys unserer Personalbotschafter","publisher":{"@id":"https:\/\/www.dehner.de\/jobs\/#organization"},"potentialAction":[{"@type":"SearchAction","target":{"@type":"EntryPoint","urlTemplate":"https:\/\/www.dehner.de\/jobs\/?s={search_term_string}"},"query-input":{"@type":"PropertyValueSpecification","valueRequired":true,"valueName":"search_term_string"}}],"inLanguage":"de-DE"},{"@type":"Organization","@id":"https:\/\/www.dehner.de\/jobs\/#organization","name":"Karriere bei Dehner","url":"https:\/\/www.dehner.de\/jobs\/","logo":{"@type":"ImageObject","inLanguage":"de-DE","@id":"https:\/\/www.dehner.de\/jobs\/#\/schema\/logo\/image\/","url":"https:\/\/www.dehner.de\/jobs\/app\/uploads\/sites\/7\/2025\/12\/dehner-garten-center-koenigsbrunn-revitalisierung-neubau-umbau.png","contentUrl":"https:\/\/www.dehner.de\/jobs\/app\/uploads\/sites\/7\/2025\/12\/dehner-garten-center-koenigsbrunn-revitalisierung-neubau-umbau.png","width":800,"height":1315,"caption":"Karriere bei Dehner"},"image":{"@id":"https:\/\/www.dehner.de\/jobs\/#\/schema\/logo\/image\/"}}]}},"_links":{"self":[{"href":"https:\/\/www.dehner.de\/jobs\/wp-json\/wp\/v2\/blog\/20317","targetHints":{"allow":["GET"]}}],"collection":[{"href":"https:\/\/www.dehner.de\/jobs\/wp-json\/wp\/v2\/blog"}],"about":[{"href":"https:\/\/www.dehner.de\/jobs\/wp-json\/wp\/v2\/types\/blog"}],"version-history":[{"count":46,"href":"https:\/\/www.dehner.de\/jobs\/wp-json\/wp\/v2\/blog\/20317\/revisions"}],"predecessor-version":[{"id":20679,"href":"https:\/\/www.dehner.de\/jobs\/wp-json\/wp\/v2\/blog\/20317\/revisions\/20679"}],"wp:featuredmedia":[{"embeddable":true,"href":"https:\/\/www.dehner.de\/jobs\/wp-json\/wp\/v2\/media\/20634"}],"wp:attachment":[{"href":"https:\/\/www.dehner.de\/jobs\/wp-json\/wp\/v2\/media?parent=20317"}],"wp:term":[{"taxonomy":"blog_category","embeddable":true,"href":"https:\/\/www.dehner.de\/jobs\/wp-json\/wp\/v2\/blog_category?post=20317"}],"curies":[{"name":"wp","href":"https:\/\/api.w.org\/{rel}","templated":true}]}}