{"id":18994,"date":"2022-08-02T16:17:43","date_gmt":"2022-08-02T14:17:43","guid":{"rendered":"https:\/\/www.dehner.de\/jobs\/?post_type=blog&#038;p=18994"},"modified":"2025-02-25T08:12:18","modified_gmt":"2025-02-25T07:12:18","slug":"outdoor-ausbildungsmesse-bad-homburg-dehner-azubis-hinter-den-kulissen","status":"publish","type":"blog","link":"https:\/\/www.dehner.de\/jobs\/blogbeitrag\/outdoor-ausbildungsmesse-bad-homburg-dehner-azubis-hinter-den-kulissen\/","title":{"rendered":"Outdoor-Ausbildungsmesse Bad Homburg: Dehner Azubis hinter den Kulissen"},"content":{"rendered":"<section class=\"block-img-txt img-50-text-50 pb-4\">\n    <div class=\"container\">\n        <div class=\"row\">\n                            <div class=\"col-md-6 pb-4 d-none d-md-block image\">\n                                    <\/div>\n                <div class=\"col-md-6 df fc jcc body\">\n                                                        <div class=\"text\">\n                    <\/div>\n                                <\/div>\n            \n        <\/div>\n    <\/div>\n<\/section>\n\n\n<section class=\"block-img-txt img-50-text-50 pb-4\">\n    <div class=\"container\">\n        <div class=\"row\">\n                            <div class=\"col-md-6 pb-4 d-none d-md-block image\">\n                    <img loading=\"lazy\" decoding=\"async\" width=\"576\" height=\"494\" src=\"https:\/\/www.dehner.de\/jobs\/app\/uploads\/sites\/7\/2022\/08\/Azubimesse_Website2.jpg\" class=\"img-cover\" alt=\"Der Dehner Ausbildungsstand als gr\u00fcne Oase\" srcset=\"https:\/\/www.dehner.de\/jobs\/app\/uploads\/sites\/7\/2022\/08\/Azubimesse_Website2.jpg 576w, https:\/\/www.dehner.de\/jobs\/app\/uploads\/sites\/7\/2022\/08\/Azubimesse_Website2-300x257.jpg 300w, https:\/\/www.dehner.de\/jobs\/app\/uploads\/sites\/7\/2022\/08\/Azubimesse_Website2-150x129.jpg 150w\" sizes=\"auto, (max-width: 576px) 100vw, 576px\" \/>                <\/div>\n                <div class=\"col-md-6 df fc jcc body\">\n                            <a href=\"#\" class=\"toggler toggler-down-md toggler-hide\" data-toggle=\"collapse\" data-target=\"#block_6228842905e9b\" aria-expanded=\"true\" aria-controls=\"block_6228842905e9b\">\n                            <img loading=\"lazy\" decoding=\"async\" width=\"576\" height=\"494\" src=\"https:\/\/www.dehner.de\/jobs\/app\/uploads\/sites\/7\/2022\/08\/Azubimesse_Website2.jpg\" class=\"mobile-image img-fluid mb-3 d-md-none\" alt=\"Der Dehner Ausbildungsstand als gr\u00fcne Oase\" srcset=\"https:\/\/www.dehner.de\/jobs\/app\/uploads\/sites\/7\/2022\/08\/Azubimesse_Website2.jpg 576w, https:\/\/www.dehner.de\/jobs\/app\/uploads\/sites\/7\/2022\/08\/Azubimesse_Website2-300x257.jpg 300w, https:\/\/www.dehner.de\/jobs\/app\/uploads\/sites\/7\/2022\/08\/Azubimesse_Website2-150x129.jpg 150w\" sizes=\"auto, (max-width: 576px) 100vw, 576px\" \/>                        <h3 class=\"font-h4 toggler toggler-down-md\">\u201eWas will ich eigentlich werden?\u201c<\/h3>        <\/a>\n        <div class=\"collapse text show\" id=\"block_6228842905e9b\" data-parent=\"main\">\n            <p>Eine Frage, die man sich bereits in jungen Jahren stellt, \u00fcber die gesamte Schulzeit immer wieder im Fokus steht und mit dem Schulabschluss immer st\u00e4rker nach einer Antwort verlangt. Nat\u00fcrlich ist die Berufswahl keine leichte Entscheidung. Immerhin beeinflusst sie die pers\u00f6nliche Zukunft, den Verlauf des eigenen Lebens und kann auch langfristige Folgen mit sich bringen. Genau in dieser Situation bieten Ausbildungsmessen jungen Erwachsenen eine gro\u00dfe Hilfestellung. Denn hier haben Sch\u00fcler*innen die M\u00f6glichkeit, viele verschiedene Unternehmen und Ausbildungsberufe und -m\u00f6glichkeiten kennenzulernen. In Gespr\u00e4chen direkt vor Ort k\u00f6nnen sich die Jugendlichen mit den Ausbildungsbetrieben austauschen und erhalten so erste wertvolle Eindr\u00fccke in potenzielle Wunschberufe.<\/p>\n                    <\/div>                <\/div>\n            \n        <\/div>\n    <\/div>\n<\/section>\n\n\n<section class=\"block-img-txt text-50-img-50 pb-4\">\n    <div class=\"container\">\n        <div class=\"row\">\n                            <div class=\"col-md-6 pb-4 d-none d-md-block image\">\n                    <img loading=\"lazy\" decoding=\"async\" width=\"570\" height=\"330\" src=\"https:\/\/www.dehner.de\/jobs\/app\/uploads\/sites\/7\/2022\/08\/Azubimesse_Website3.jpg\" class=\"img-cover\" alt=\"Der Dehner Messestand erstrahlt als gr\u00fcne Oase\" srcset=\"https:\/\/www.dehner.de\/jobs\/app\/uploads\/sites\/7\/2022\/08\/Azubimesse_Website3.jpg 570w, https:\/\/www.dehner.de\/jobs\/app\/uploads\/sites\/7\/2022\/08\/Azubimesse_Website3-300x174.jpg 300w, https:\/\/www.dehner.de\/jobs\/app\/uploads\/sites\/7\/2022\/08\/Azubimesse_Website3-150x87.jpg 150w\" sizes=\"auto, (max-width: 570px) 100vw, 570px\" \/>                <\/div>\n                <div class=\"col-md-6 df fc jcc body\">\n                            <a href=\"#\" class=\"toggler toggler-down-md toggler-hide\" data-toggle=\"collapse\" data-target=\"#block_6228844805e9c\" aria-expanded=\"true\" aria-controls=\"block_6228844805e9c\">\n                            <img loading=\"lazy\" decoding=\"async\" width=\"570\" height=\"330\" src=\"https:\/\/www.dehner.de\/jobs\/app\/uploads\/sites\/7\/2022\/08\/Azubimesse_Website3.jpg\" class=\"mobile-image img-fluid mb-3 d-md-none\" alt=\"Der Dehner Messestand erstrahlt als gr\u00fcne Oase\" srcset=\"https:\/\/www.dehner.de\/jobs\/app\/uploads\/sites\/7\/2022\/08\/Azubimesse_Website3.jpg 570w, https:\/\/www.dehner.de\/jobs\/app\/uploads\/sites\/7\/2022\/08\/Azubimesse_Website3-300x174.jpg 300w, https:\/\/www.dehner.de\/jobs\/app\/uploads\/sites\/7\/2022\/08\/Azubimesse_Website3-150x87.jpg 150w\" sizes=\"auto, (max-width: 570px) 100vw, 570px\" \/>                        <h3 class=\"font-h4 toggler toggler-down-md\">Ein Blick hinter die Kulissen<\/h3>        <\/a>\n        <div class=\"collapse text show\" id=\"block_6228844805e9c\" data-parent=\"main\">\n            <p>Die Outdoor-Ausbildungsmesse startete f\u00fcr alle Interessenten um 9 Uhr. F\u00fcr uns aber ging es schon fr\u00fch morgens mit dem Aufbau und der Gestaltung unseres Messestandes los. Bereits einige Wochen zuvor hatten wir uns gemeinsam ein ansprechendes Gesamtbild f\u00fcr unsere gr\u00fcne Oase \u00fcberlegt und die Umsetzung unserer Ideen organisiert. Um 7:30 Uhr ging es dann endlich los. Nacheinander haben wir die Autos ausgeladen und St\u00fcck f\u00fcr St\u00fcck, inmitten des allgemeinen Aufbau-Trubels, einen liebevoll dekorierten Stand geschaffen.<\/p>\n                    <\/div>                <\/div>\n            \n        <\/div>\n    <\/div>\n<\/section>\n\n\n<section class=\"block-img-txt img-50-text-50 pb-4\">\n    <div class=\"container\">\n        <div class=\"row\">\n                            <div class=\"col-md-6 pb-4 d-none d-md-block image\">\n                    <img loading=\"lazy\" decoding=\"async\" width=\"570\" height=\"860\" src=\"https:\/\/www.dehner.de\/jobs\/app\/uploads\/sites\/7\/2022\/08\/Azubimesse_Website4.jpg\" class=\"img-cover\" alt=\"Tierischer Begleitung auf der Azubimesse in Bad Homburg\" srcset=\"https:\/\/www.dehner.de\/jobs\/app\/uploads\/sites\/7\/2022\/08\/Azubimesse_Website4.jpg 570w, https:\/\/www.dehner.de\/jobs\/app\/uploads\/sites\/7\/2022\/08\/Azubimesse_Website4-199x300.jpg 199w, https:\/\/www.dehner.de\/jobs\/app\/uploads\/sites\/7\/2022\/08\/Azubimesse_Website4-99x150.jpg 99w\" sizes=\"auto, (max-width: 570px) 100vw, 570px\" \/>                <\/div>\n                <div class=\"col-md-6 df fc jcc body\">\n                            <a href=\"#\" class=\"toggler toggler-down-md toggler-hide\" data-toggle=\"collapse\" data-target=\"#block_62e792b8fb54c\" aria-expanded=\"true\" aria-controls=\"block_62e792b8fb54c\">\n                            <img loading=\"lazy\" decoding=\"async\" width=\"570\" height=\"860\" src=\"https:\/\/www.dehner.de\/jobs\/app\/uploads\/sites\/7\/2022\/08\/Azubimesse_Website4.jpg\" class=\"mobile-image img-fluid mb-3 d-md-none\" alt=\"Tierischer Begleitung auf der Azubimesse in Bad Homburg\" srcset=\"https:\/\/www.dehner.de\/jobs\/app\/uploads\/sites\/7\/2022\/08\/Azubimesse_Website4.jpg 570w, https:\/\/www.dehner.de\/jobs\/app\/uploads\/sites\/7\/2022\/08\/Azubimesse_Website4-199x300.jpg 199w, https:\/\/www.dehner.de\/jobs\/app\/uploads\/sites\/7\/2022\/08\/Azubimesse_Website4-99x150.jpg 99w\" sizes=\"auto, (max-width: 570px) 100vw, 570px\" \/>                        <h3 class=\"font-h4 toggler toggler-down-md\">Der Startschuss ist gefallen<\/h3>        <\/a>\n        <div class=\"collapse text show\" id=\"block_62e792b8fb54c\" data-parent=\"main\">\n            <p>Nach einer kleinen Kaffeepause fiel der Startschuss und die n\u00e4chsten vier Stunden vergingen wie im Flug. Viele Sch\u00fcler*innen, aber auch Lehrer*innen und Verantwortliche der Arbeitsagentur, besuchten bei entspannter Atmosph\u00e4re und tollem Wetter unseren Stand. Ein besonderes Highlight und Magnet f\u00fcr unz\u00e4hlige Sch\u00fcler*innen war dabei nat\u00fcrlich unsere tierische Unterst\u00fctzung auf vier Pfoten. Der Ansturm war gro\u00df und wir hatten alle H\u00e4nde voll zu tun. Wir erz\u00e4hlten von unseren t\u00e4glichen Arbeitsaufgaben, beantworteten Fragen und informierten \u00fcber Dehner als Arbeitgeber und die zahlreichen Ausbildungsm\u00f6glichkeiten. Um den Sch\u00fcler*innen auch nach der Messe die M\u00f6glichkeit zu bieten, sich \u00fcber unser Unternehmen und unsere Ausbildungsm\u00f6glichkeiten zu informieren, verteilten wir Flyer, in welchen zusammenfassend die wichtigsten Informationen \u00fcber eine Ausbildung bei Dehner zu finden sind. Au\u00dferdem gab es f\u00fcr unsere Messebesucher*innen kleine Give-Aways wie Stifte, Sonnenbrillen und Gummib\u00e4rchen als s\u00fc\u00dfe &#8222;Bestechung&#8220;. Um 13 Uhr endete f\u00fcr uns ein erfolgreicher und sch\u00f6ner Messetag. Gemeinsam bauten wir noch unseren Messestand ab und machten uns anschlie\u00dfend auf den Nachhauseweg, ab in den wohlverdienten Feierabend.<\/p>\n<p>Der erste Messetag war f\u00fcr uns eine tolle neue Erfahrung und wir sind stolz, dass wir Dehner vertreten durften und einige Besucher*innen f\u00fcr unser Unternehmen begeistern konnten. Wir freuen uns schon, wenn wir Euch bald auf einer Ausbildungsmesse an unserem gr\u00fcnen Stand begr\u00fc\u00dfen d\u00fcrfen!<\/p>\n<p>Eure Anne &amp; Katja<\/p>\n                    <\/div>                <\/div>\n            \n        <\/div>\n    <\/div>\n<\/section>\n","protected":false},"excerpt":{"rendered":"","protected":false},"featured_media":19045,"parent":0,"template":"","blog_category":[454],"class_list":["post-18994","blog","type-blog","status-publish","has-post-thumbnail","hentry","blog_category-ausbildung"],"acf":[],"yoast_head":"<!-- This site is optimized with the Yoast SEO plugin v24.5 - https:\/\/yoast.com\/wordpress\/plugins\/seo\/ -->\n<title>Outdoor-Ausbildungsmesse \u2013 Dehner Azubis Backstage<\/title>\n<meta name=\"description\" content=\"Dehner Azubis auf der Outdoor-Ausbildungsmesse in Bad Homburg \u27a4 Anne und Katja erz\u00e4hlen es Dir!\" \/>\n<meta name=\"robots\" content=\"index, follow, max-snippet:-1, max-image-preview:large, max-video-preview:-1\" \/>\n<link rel=\"canonical\" href=\"https:\/\/www.dehner.de\/jobs\/blogbeitrag\/outdoor-ausbildungsmesse-bad-homburg-dehner-azubis-hinter-den-kulissen\/\" \/>\n<meta property=\"og:locale\" content=\"de_DE\" \/>\n<meta property=\"og:type\" content=\"article\" \/>\n<meta property=\"og:title\" content=\"Outdoor-Ausbildungsmesse \u2013 Dehner Azubis Backstage\" \/>\n<meta property=\"og:description\" content=\"Dehner Azubis auf der Outdoor-Ausbildungsmesse in Bad Homburg \u27a4 Anne und Katja erz\u00e4hlen es Dir!\" \/>\n<meta property=\"og:url\" content=\"https:\/\/www.dehner.de\/jobs\/blogbeitrag\/outdoor-ausbildungsmesse-bad-homburg-dehner-azubis-hinter-den-kulissen\/\" \/>\n<meta property=\"og:site_name\" content=\"Karriere bei Dehner\" \/>\n<meta property=\"article:modified_time\" content=\"2025-02-25T07:12:18+00:00\" \/>\n<meta property=\"og:image\" content=\"https:\/\/www.dehner.de\/jobs\/app\/uploads\/sites\/7\/2022\/08\/Header7.jpg\" \/>\n\t<meta property=\"og:image:width\" content=\"1920\" \/>\n\t<meta property=\"og:image:height\" content=\"500\" \/>\n\t<meta property=\"og:image:type\" content=\"image\/jpeg\" \/>\n<meta name=\"twitter:card\" content=\"summary_large_image\" \/>\n<meta name=\"twitter:label1\" content=\"Est. reading time\" \/>\n\t<meta name=\"twitter:data1\" content=\"4 Minuten\" \/>\n<script type=\"application\/ld+json\" class=\"yoast-schema-graph\">{\"@context\":\"https:\/\/schema.org\",\"@graph\":[{\"@type\":\"WebPage\",\"@id\":\"https:\/\/www.dehner.de\/jobs\/blogbeitrag\/outdoor-ausbildungsmesse-bad-homburg-dehner-azubis-hinter-den-kulissen\/\",\"url\":\"https:\/\/www.dehner.de\/jobs\/blogbeitrag\/outdoor-ausbildungsmesse-bad-homburg-dehner-azubis-hinter-den-kulissen\/\",\"name\":\"Outdoor-Ausbildungsmesse \u2013 Dehner Azubis Backstage\",\"isPartOf\":{\"@id\":\"https:\/\/www.dehner.de\/jobs\/#website\"},\"primaryImageOfPage\":{\"@id\":\"https:\/\/www.dehner.de\/jobs\/blogbeitrag\/outdoor-ausbildungsmesse-bad-homburg-dehner-azubis-hinter-den-kulissen\/#primaryimage\"},\"image\":{\"@id\":\"https:\/\/www.dehner.de\/jobs\/blogbeitrag\/outdoor-ausbildungsmesse-bad-homburg-dehner-azubis-hinter-den-kulissen\/#primaryimage\"},\"thumbnailUrl\":\"https:\/\/www.dehner.de\/jobs\/app\/uploads\/sites\/7\/2022\/08\/Header7.jpg\",\"datePublished\":\"2022-08-02T14:17:43+00:00\",\"dateModified\":\"2025-02-25T07:12:18+00:00\",\"description\":\"Dehner Azubis auf der Outdoor-Ausbildungsmesse in Bad Homburg \u27a4 Anne und Katja erz\u00e4hlen es Dir!\",\"breadcrumb\":{\"@id\":\"https:\/\/www.dehner.de\/jobs\/blogbeitrag\/outdoor-ausbildungsmesse-bad-homburg-dehner-azubis-hinter-den-kulissen\/#breadcrumb\"},\"inLanguage\":\"de-DE\",\"potentialAction\":[{\"@type\":\"ReadAction\",\"target\":[\"https:\/\/www.dehner.de\/jobs\/blogbeitrag\/outdoor-ausbildungsmesse-bad-homburg-dehner-azubis-hinter-den-kulissen\/\"]}]},{\"@type\":\"ImageObject\",\"inLanguage\":\"de-DE\",\"@id\":\"https:\/\/www.dehner.de\/jobs\/blogbeitrag\/outdoor-ausbildungsmesse-bad-homburg-dehner-azubis-hinter-den-kulissen\/#primaryimage\",\"url\":\"https:\/\/www.dehner.de\/jobs\/app\/uploads\/sites\/7\/2022\/08\/Header7.jpg\",\"contentUrl\":\"https:\/\/www.dehner.de\/jobs\/app\/uploads\/sites\/7\/2022\/08\/Header7.jpg\",\"width\":1920,\"height\":500,\"caption\":\"Outdoor-Ausbildungsmesse in Bad Homburg\"},{\"@type\":\"BreadcrumbList\",\"@id\":\"https:\/\/www.dehner.de\/jobs\/blogbeitrag\/outdoor-ausbildungsmesse-bad-homburg-dehner-azubis-hinter-den-kulissen\/#breadcrumb\",\"itemListElement\":[{\"@type\":\"ListItem\",\"position\":1,\"name\":\"Home\",\"item\":\"https:\/\/www.dehner.de\/jobs\/\"},{\"@type\":\"ListItem\",\"position\":2,\"name\":\"Outdoor-Ausbildungsmesse Bad Homburg: Dehner Azubis hinter den Kulissen\"}]},{\"@type\":\"WebSite\",\"@id\":\"https:\/\/www.dehner.de\/jobs\/#website\",\"url\":\"https:\/\/www.dehner.de\/jobs\/\",\"name\":\"Karriere bei Dehner\",\"description\":\"Die Storys unserer Personalbotschafter\",\"publisher\":{\"@id\":\"https:\/\/www.dehner.de\/jobs\/#organization\"},\"potentialAction\":[{\"@type\":\"SearchAction\",\"target\":{\"@type\":\"EntryPoint\",\"urlTemplate\":\"https:\/\/www.dehner.de\/jobs\/?s={search_term_string}\"},\"query-input\":{\"@type\":\"PropertyValueSpecification\",\"valueRequired\":true,\"valueName\":\"search_term_string\"}}],\"inLanguage\":\"de-DE\"},{\"@type\":\"Organization\",\"@id\":\"https:\/\/www.dehner.de\/jobs\/#organization\",\"name\":\"Karriere bei Dehner\",\"url\":\"https:\/\/www.dehner.de\/jobs\/\",\"logo\":{\"@type\":\"ImageObject\",\"inLanguage\":\"de-DE\",\"@id\":\"https:\/\/www.dehner.de\/jobs\/#\/schema\/logo\/image\/\",\"url\":\"https:\/\/www.dehner.de\/jobs\/app\/uploads\/sites\/7\/2025\/12\/dehner-garten-center-koenigsbrunn-revitalisierung-neubau-umbau.png\",\"contentUrl\":\"https:\/\/www.dehner.de\/jobs\/app\/uploads\/sites\/7\/2025\/12\/dehner-garten-center-koenigsbrunn-revitalisierung-neubau-umbau.png\",\"width\":800,\"height\":1315,\"caption\":\"Karriere bei Dehner\"},\"image\":{\"@id\":\"https:\/\/www.dehner.de\/jobs\/#\/schema\/logo\/image\/\"}}]}<\/script>\n<!-- \/ Yoast SEO plugin. -->","yoast_head_json":{"title":"Outdoor-Ausbildungsmesse \u2013 Dehner Azubis Backstage","description":"Dehner Azubis auf der Outdoor-Ausbildungsmesse in Bad Homburg \u27a4 Anne und Katja erz\u00e4hlen es Dir!","robots":{"index":"index","follow":"follow","max-snippet":"max-snippet:-1","max-image-preview":"max-image-preview:large","max-video-preview":"max-video-preview:-1"},"canonical":"https:\/\/www.dehner.de\/jobs\/blogbeitrag\/outdoor-ausbildungsmesse-bad-homburg-dehner-azubis-hinter-den-kulissen\/","og_locale":"de_DE","og_type":"article","og_title":"Outdoor-Ausbildungsmesse \u2013 Dehner Azubis Backstage","og_description":"Dehner Azubis auf der Outdoor-Ausbildungsmesse in Bad Homburg \u27a4 Anne und Katja erz\u00e4hlen es Dir!","og_url":"https:\/\/www.dehner.de\/jobs\/blogbeitrag\/outdoor-ausbildungsmesse-bad-homburg-dehner-azubis-hinter-den-kulissen\/","og_site_name":"Karriere bei Dehner","article_modified_time":"2025-02-25T07:12:18+00:00","og_image":[{"width":1920,"height":500,"url":"https:\/\/www.dehner.de\/jobs\/app\/uploads\/sites\/7\/2022\/08\/Header7.jpg","type":"image\/jpeg"}],"twitter_card":"summary_large_image","twitter_misc":{"Est. reading time":"4 Minuten"},"schema":{"@context":"https:\/\/schema.org","@graph":[{"@type":"WebPage","@id":"https:\/\/www.dehner.de\/jobs\/blogbeitrag\/outdoor-ausbildungsmesse-bad-homburg-dehner-azubis-hinter-den-kulissen\/","url":"https:\/\/www.dehner.de\/jobs\/blogbeitrag\/outdoor-ausbildungsmesse-bad-homburg-dehner-azubis-hinter-den-kulissen\/","name":"Outdoor-Ausbildungsmesse \u2013 Dehner Azubis Backstage","isPartOf":{"@id":"https:\/\/www.dehner.de\/jobs\/#website"},"primaryImageOfPage":{"@id":"https:\/\/www.dehner.de\/jobs\/blogbeitrag\/outdoor-ausbildungsmesse-bad-homburg-dehner-azubis-hinter-den-kulissen\/#primaryimage"},"image":{"@id":"https:\/\/www.dehner.de\/jobs\/blogbeitrag\/outdoor-ausbildungsmesse-bad-homburg-dehner-azubis-hinter-den-kulissen\/#primaryimage"},"thumbnailUrl":"https:\/\/www.dehner.de\/jobs\/app\/uploads\/sites\/7\/2022\/08\/Header7.jpg","datePublished":"2022-08-02T14:17:43+00:00","dateModified":"2025-02-25T07:12:18+00:00","description":"Dehner Azubis auf der Outdoor-Ausbildungsmesse in Bad Homburg \u27a4 Anne und Katja erz\u00e4hlen es Dir!","breadcrumb":{"@id":"https:\/\/www.dehner.de\/jobs\/blogbeitrag\/outdoor-ausbildungsmesse-bad-homburg-dehner-azubis-hinter-den-kulissen\/#breadcrumb"},"inLanguage":"de-DE","potentialAction":[{"@type":"ReadAction","target":["https:\/\/www.dehner.de\/jobs\/blogbeitrag\/outdoor-ausbildungsmesse-bad-homburg-dehner-azubis-hinter-den-kulissen\/"]}]},{"@type":"ImageObject","inLanguage":"de-DE","@id":"https:\/\/www.dehner.de\/jobs\/blogbeitrag\/outdoor-ausbildungsmesse-bad-homburg-dehner-azubis-hinter-den-kulissen\/#primaryimage","url":"https:\/\/www.dehner.de\/jobs\/app\/uploads\/sites\/7\/2022\/08\/Header7.jpg","contentUrl":"https:\/\/www.dehner.de\/jobs\/app\/uploads\/sites\/7\/2022\/08\/Header7.jpg","width":1920,"height":500,"caption":"Outdoor-Ausbildungsmesse in Bad Homburg"},{"@type":"BreadcrumbList","@id":"https:\/\/www.dehner.de\/jobs\/blogbeitrag\/outdoor-ausbildungsmesse-bad-homburg-dehner-azubis-hinter-den-kulissen\/#breadcrumb","itemListElement":[{"@type":"ListItem","position":1,"name":"Home","item":"https:\/\/www.dehner.de\/jobs\/"},{"@type":"ListItem","position":2,"name":"Outdoor-Ausbildungsmesse Bad Homburg: Dehner Azubis hinter den Kulissen"}]},{"@type":"WebSite","@id":"https:\/\/www.dehner.de\/jobs\/#website","url":"https:\/\/www.dehner.de\/jobs\/","name":"Karriere bei Dehner","description":"Die Storys unserer Personalbotschafter","publisher":{"@id":"https:\/\/www.dehner.de\/jobs\/#organization"},"potentialAction":[{"@type":"SearchAction","target":{"@type":"EntryPoint","urlTemplate":"https:\/\/www.dehner.de\/jobs\/?s={search_term_string}"},"query-input":{"@type":"PropertyValueSpecification","valueRequired":true,"valueName":"search_term_string"}}],"inLanguage":"de-DE"},{"@type":"Organization","@id":"https:\/\/www.dehner.de\/jobs\/#organization","name":"Karriere bei Dehner","url":"https:\/\/www.dehner.de\/jobs\/","logo":{"@type":"ImageObject","inLanguage":"de-DE","@id":"https:\/\/www.dehner.de\/jobs\/#\/schema\/logo\/image\/","url":"https:\/\/www.dehner.de\/jobs\/app\/uploads\/sites\/7\/2025\/12\/dehner-garten-center-koenigsbrunn-revitalisierung-neubau-umbau.png","contentUrl":"https:\/\/www.dehner.de\/jobs\/app\/uploads\/sites\/7\/2025\/12\/dehner-garten-center-koenigsbrunn-revitalisierung-neubau-umbau.png","width":800,"height":1315,"caption":"Karriere bei Dehner"},"image":{"@id":"https:\/\/www.dehner.de\/jobs\/#\/schema\/logo\/image\/"}}]}},"_links":{"self":[{"href":"https:\/\/www.dehner.de\/jobs\/wp-json\/wp\/v2\/blog\/18994","targetHints":{"allow":["GET"]}}],"collection":[{"href":"https:\/\/www.dehner.de\/jobs\/wp-json\/wp\/v2\/blog"}],"about":[{"href":"https:\/\/www.dehner.de\/jobs\/wp-json\/wp\/v2\/types\/blog"}],"version-history":[{"count":19,"href":"https:\/\/www.dehner.de\/jobs\/wp-json\/wp\/v2\/blog\/18994\/revisions"}],"predecessor-version":[{"id":19025,"href":"https:\/\/www.dehner.de\/jobs\/wp-json\/wp\/v2\/blog\/18994\/revisions\/19025"}],"wp:featuredmedia":[{"embeddable":true,"href":"https:\/\/www.dehner.de\/jobs\/wp-json\/wp\/v2\/media\/19045"}],"wp:attachment":[{"href":"https:\/\/www.dehner.de\/jobs\/wp-json\/wp\/v2\/media?parent=18994"}],"wp:term":[{"taxonomy":"blog_category","embeddable":true,"href":"https:\/\/www.dehner.de\/jobs\/wp-json\/wp\/v2\/blog_category?post=18994"}],"curies":[{"name":"wp","href":"https:\/\/api.w.org\/{rel}","templated":true}]}}